{"id":9550,"date":"2025-04-14T09:00:09","date_gmt":"2025-04-14T08:00:09","guid":{"rendered":"https:\/\/verbumdei.org\/porto\/?p=9550"},"modified":"2025-04-14T00:55:44","modified_gmt":"2025-04-13T23:55:44","slug":"horario-5a-feira-santa-17-de-abril","status":"publish","type":"post","link":"https:\/\/verbumdei.org\/porto\/2025\/04\/14\/horario-5a-feira-santa-17-de-abril\/","title":{"rendered":"Hor\u00e1rio &#8211; 5\u00aa feira Santa, 17 de Abril"},"content":{"rendered":"<p><img fetchpriority=\"high\" decoding=\"async\" class=\"wp-image-9551 aligncenter\" src=\"http:\/\/verbumdei.org\/porto\/wp-content\/uploads\/2025\/04\/horario_insta-239x300.png\" alt=\"\" width=\"538\" height=\"675\" srcset=\"https:\/\/verbumdei.org\/porto\/wp-content\/uploads\/2025\/04\/horario_insta-239x300.png 239w, https:\/\/verbumdei.org\/porto\/wp-content\/uploads\/2025\/04\/horario_insta-580x727.png 580w, https:\/\/verbumdei.org\/porto\/wp-content\/uploads\/2025\/04\/horario_insta.png 613w\" sizes=\"(max-width: 538px) 100vw, 538px\" \/><\/p>\n<p><strong>Quinta-feira Santa, 17 de Abril<\/strong><\/p>\n<p>&nbsp;<\/p>\n<p><strong>Hor\u00e1rios das celebra\u00e7\u00f5es no Conventinho:<\/strong><\/p>\n<p><strong>\u00a0<\/strong><\/p>\n<p><strong>19,30h:<\/strong><\/p>\n<p>Celebra\u00e7\u00e3o da Ceia do Senhor<\/p>\n<p><strong>21,15h:<\/strong><\/p>\n<p>Adora\u00e7\u00e3o Eucar\u00edstica<\/p>\n<p>&nbsp;<\/p>\n<p>Entre os dois momentos haver\u00e1 uma pequena ceia (sopa e p\u00e3o).<\/p>\n<p>A fim de nos organizarmos, pedimos que nos informem de que ficar\u00e3o para a ceia, enviando mensagem com o(s) vosso(s) nome (s) para 965397733 at\u00e9 quarta-feira, 16 de Abril.<\/p>\n","protected":false},"excerpt":{"rendered":"<p>Quinta-feira Santa, 17 de Abril &nbsp; Hor\u00e1rios das celebra\u00e7\u00f5es no Conventinho: \u00a0 19,30h: Celebra\u00e7\u00e3o da Ceia do Senhor 21,15h: Adora\u00e7\u00e3o Eucar\u00edstica &nbsp; Entre os dois momentos haver\u00e1 uma pequena ceia<a href=\"https:\/\/verbumdei.org\/porto\/2025\/04\/14\/horario-5a-feira-santa-17-de-abril\/\" rel=\"bookmark\"><span class=\"screen-reader-text\">Hor\u00e1rio &#8211; 5\u00aa feira Santa, 17 de Abril<\/span><\/a><\/p>\n","protected":false},"author":6,"featured_media":0,"comment_status":"closed","ping_status":"closed","sticky":false,"template":"","format":"standard","meta":{"rop_custom_images_group":[],"rop_custom_messages_group":[],"rop_publish_now":"initial","rop_publish_now_accounts":[],"rop_publish_now_history":[],"rop_publish_now_status":"pending","neve_meta_sidebar":"","neve_meta_container":"","neve_meta_enable_content_width":"","neve_meta_content_width":0,"neve_meta_title_alignment":"","neve_meta_author_avatar":"","neve_post_elements_order":"","neve_meta_disable_header":"","neve_meta_disable_footer":"","neve_meta_disable_title":"","_themeisle_gutenberg_block_has_review":false,"_jetpack_memberships_contains_paid_content":false,"footnotes":""},"categories":[88,63,60],"tags":[],"class_list":["post-9550","post","type-post","status-publish","format-standard","hentry","category-avisos","category-noticias","category-pistas-de-oracao"],"yoast_head":"<!-- This site is optimized with the Yoast SEO plugin v27.5 - https:\/\/yoast.com\/product\/yoast-seo-wordpress\/ -->\n<title>Hor\u00e1rio &#8211; 5\u00aa feira Santa, 17 de Abril - Verbum Dei Norte<\/title>\n<meta name=\"robots\" content=\"index, follow, max-snippet:-1, max-image-preview:large, max-video-preview:-1\" \/>\n<link rel=\"canonical\" href=\"https:\/\/verbumdei.org\/porto\/2025\/04\/14\/horario-5a-feira-santa-17-de-abril\/\" \/>\n<meta property=\"og:locale\" content=\"pt_PT\" \/>\n<meta property=\"og:type\" content=\"article\" \/>\n<meta property=\"og:title\" content=\"Hor\u00e1rio &#8211; 5\u00aa feira Santa, 17 de Abril - Verbum Dei Norte\" \/>\n<meta property=\"og:description\" content=\"Quinta-feira Santa, 17 de Abril &nbsp; Hor\u00e1rios das celebra\u00e7\u00f5es no Conventinho: \u00a0 19,30h: Celebra\u00e7\u00e3o da Ceia do Senhor 21,15h: Adora\u00e7\u00e3o Eucar\u00edstica &nbsp; Entre os dois momentos haver\u00e1 uma pequena ceiaHor\u00e1rio &#8211; 5\u00aa feira Santa, 17 de Abril\" \/>\n<meta property=\"og:url\" content=\"https:\/\/verbumdei.org\/porto\/2025\/04\/14\/horario-5a-feira-santa-17-de-abril\/\" \/>\n<meta property=\"og:site_name\" content=\"Verbum Dei Norte\" \/>\n<meta property=\"article:publisher\" content=\"https:\/\/www.facebook.com\/vdportoaveiro\/\" \/>\n<meta property=\"article:published_time\" content=\"2025-04-14T08:00:09+00:00\" \/>\n<meta property=\"og:image\" content=\"http:\/\/verbumdei.org\/porto\/wp-content\/uploads\/2025\/04\/horario_insta-239x300.png\" \/>\n<meta name=\"author\" content=\"Jos\u00e9 Figueiredo\" \/>\n<meta name=\"twitter:card\" content=\"summary_large_image\" \/>\n<meta name=\"twitter:label1\" content=\"Escrito por\" \/>\n\t<meta name=\"twitter:data1\" content=\"Jos\u00e9 Figueiredo\" \/>\n\t<meta name=\"twitter:label2\" content=\"Tempo estimado de leitura\" \/>\n\t<meta name=\"twitter:data2\" content=\"1 minuto\" \/>\n<script type=\"application\/ld+json\" class=\"yoast-schema-graph\">{\"@context\":\"https:\\\/\\\/schema.org\",\"@graph\":[{\"@type\":\"Article\",\"@id\":\"https:\\\/\\\/verbumdei.org\\\/porto\\\/2025\\\/04\\\/14\\\/horario-5a-feira-santa-17-de-abril\\\/#article\",\"isPartOf\":{\"@id\":\"https:\\\/\\\/verbumdei.org\\\/porto\\\/2025\\\/04\\\/14\\\/horario-5a-feira-santa-17-de-abril\\\/\"},\"author\":{\"name\":\"Jos\u00e9 Figueiredo\",\"@id\":\"https:\\\/\\\/verbumdei.org\\\/porto\\\/#\\\/schema\\\/person\\\/fd582e6e68322821b57359627af58974\"},\"headline\":\"Hor\u00e1rio &#8211; 5\u00aa feira Santa, 17 de Abril\",\"datePublished\":\"2025-04-14T08:00:09+00:00\",\"mainEntityOfPage\":{\"@id\":\"https:\\\/\\\/verbumdei.org\\\/porto\\\/2025\\\/04\\\/14\\\/horario-5a-feira-santa-17-de-abril\\\/\"},\"wordCount\":73,\"publisher\":{\"@id\":\"https:\\\/\\\/verbumdei.org\\\/porto\\\/#organization\"},\"image\":{\"@id\":\"https:\\\/\\\/verbumdei.org\\\/porto\\\/2025\\\/04\\\/14\\\/horario-5a-feira-santa-17-de-abril\\\/#primaryimage\"},\"thumbnailUrl\":\"http:\\\/\\\/verbumdei.org\\\/porto\\\/wp-content\\\/uploads\\\/2025\\\/04\\\/horario_insta-239x300.png\",\"articleSection\":[\"Avisos\",\"Not\u00edcias\",\"Pistas de Ora\u00e7\u00e3o\"],\"inLanguage\":\"pt-PT\"},{\"@type\":\"WebPage\",\"@id\":\"https:\\\/\\\/verbumdei.org\\\/porto\\\/2025\\\/04\\\/14\\\/horario-5a-feira-santa-17-de-abril\\\/\",\"url\":\"https:\\\/\\\/verbumdei.org\\\/porto\\\/2025\\\/04\\\/14\\\/horario-5a-feira-santa-17-de-abril\\\/\",\"name\":\"Hor\u00e1rio &#8211; 5\u00aa feira Santa, 17 de Abril - Verbum Dei Norte\",\"isPartOf\":{\"@id\":\"https:\\\/\\\/verbumdei.org\\\/porto\\\/#website\"},\"primaryImageOfPage\":{\"@id\":\"https:\\\/\\\/verbumdei.org\\\/porto\\\/2025\\\/04\\\/14\\\/horario-5a-feira-santa-17-de-abril\\\/#primaryimage\"},\"image\":{\"@id\":\"https:\\\/\\\/verbumdei.org\\\/porto\\\/2025\\\/04\\\/14\\\/horario-5a-feira-santa-17-de-abril\\\/#primaryimage\"},\"thumbnailUrl\":\"http:\\\/\\\/verbumdei.org\\\/porto\\\/wp-content\\\/uploads\\\/2025\\\/04\\\/horario_insta-239x300.png\",\"datePublished\":\"2025-04-14T08:00:09+00:00\",\"breadcrumb\":{\"@id\":\"https:\\\/\\\/verbumdei.org\\\/porto\\\/2025\\\/04\\\/14\\\/horario-5a-feira-santa-17-de-abril\\\/#breadcrumb\"},\"inLanguage\":\"pt-PT\",\"potentialAction\":[{\"@type\":\"ReadAction\",\"target\":[\"https:\\\/\\\/verbumdei.org\\\/porto\\\/2025\\\/04\\\/14\\\/horario-5a-feira-santa-17-de-abril\\\/\"]}]},{\"@type\":\"ImageObject\",\"inLanguage\":\"pt-PT\",\"@id\":\"https:\\\/\\\/verbumdei.org\\\/porto\\\/2025\\\/04\\\/14\\\/horario-5a-feira-santa-17-de-abril\\\/#primaryimage\",\"url\":\"http:\\\/\\\/verbumdei.org\\\/porto\\\/wp-content\\\/uploads\\\/2025\\\/04\\\/horario_insta-239x300.png\",\"contentUrl\":\"http:\\\/\\\/verbumdei.org\\\/porto\\\/wp-content\\\/uploads\\\/2025\\\/04\\\/horario_insta-239x300.png\"},{\"@type\":\"BreadcrumbList\",\"@id\":\"https:\\\/\\\/verbumdei.org\\\/porto\\\/2025\\\/04\\\/14\\\/horario-5a-feira-santa-17-de-abril\\\/#breadcrumb\",\"itemListElement\":[{\"@type\":\"ListItem\",\"position\":1,\"name\":\"In\u00edcio\",\"item\":\"https:\\\/\\\/verbumdei.org\\\/porto\\\/\"},{\"@type\":\"ListItem\",\"position\":2,\"name\":\"Hor\u00e1rio &#8211; 5\u00aa feira Santa, 17 de Abril\"}]},{\"@type\":\"WebSite\",\"@id\":\"https:\\\/\\\/verbumdei.org\\\/porto\\\/#website\",\"url\":\"https:\\\/\\\/verbumdei.org\\\/porto\\\/\",\"name\":\"Verbum Dei Portugal Norte\",\"description\":\"Mission\u00e1rios Verbum Dei no Porto e Aveiro: ora\u00e7\u00e3o, retiro espiritual, forma\u00e7\u00e3o crist\u00e3 e evangeliza\u00e7\u00e3o\",\"publisher\":{\"@id\":\"https:\\\/\\\/verbumdei.org\\\/porto\\\/#organization\"},\"potentialAction\":[{\"@type\":\"SearchAction\",\"target\":{\"@type\":\"EntryPoint\",\"urlTemplate\":\"https:\\\/\\\/verbumdei.org\\\/porto\\\/?s={search_term_string}\"},\"query-input\":{\"@type\":\"PropertyValueSpecification\",\"valueRequired\":true,\"valueName\":\"search_term_string\"}}],\"inLanguage\":\"pt-PT\"},{\"@type\":\"Organization\",\"@id\":\"https:\\\/\\\/verbumdei.org\\\/porto\\\/#organization\",\"name\":\"Verbum Dei Portugal Norte\",\"url\":\"https:\\\/\\\/verbumdei.org\\\/porto\\\/\",\"logo\":{\"@type\":\"ImageObject\",\"inLanguage\":\"pt-PT\",\"@id\":\"https:\\\/\\\/verbumdei.org\\\/porto\\\/#\\\/schema\\\/logo\\\/image\\\/\",\"url\":\"https:\\\/\\\/verbumdei.org\\\/porto\\\/wp-content\\\/uploads\\\/2018\\\/07\\\/Logo2.jpg\",\"contentUrl\":\"https:\\\/\\\/verbumdei.org\\\/porto\\\/wp-content\\\/uploads\\\/2018\\\/07\\\/Logo2.jpg\",\"width\":123,\"height\":120,\"caption\":\"Verbum Dei Portugal Norte\"},\"image\":{\"@id\":\"https:\\\/\\\/verbumdei.org\\\/porto\\\/#\\\/schema\\\/logo\\\/image\\\/\"},\"sameAs\":[\"https:\\\/\\\/www.facebook.com\\\/vdportoaveiro\\\/\",\"https:\\\/\\\/instagram.com\\\/verbumdei.portugal.norte\\\/\"]},{\"@type\":\"Person\",\"@id\":\"https:\\\/\\\/verbumdei.org\\\/porto\\\/#\\\/schema\\\/person\\\/fd582e6e68322821b57359627af58974\",\"name\":\"Jos\u00e9 Figueiredo\",\"url\":\"https:\\\/\\\/verbumdei.org\\\/porto\\\/author\\\/zecarlos\\\/\"}]}<\/script>\n<!-- \/ Yoast SEO plugin. -->","yoast_head_json":{"title":"Hor\u00e1rio &#8211; 5\u00aa feira Santa, 17 de Abril - Verbum Dei Norte","robots":{"index":"index","follow":"follow","max-snippet":"max-snippet:-1","max-image-preview":"max-image-preview:large","max-video-preview":"max-video-preview:-1"},"canonical":"https:\/\/verbumdei.org\/porto\/2025\/04\/14\/horario-5a-feira-santa-17-de-abril\/","og_locale":"pt_PT","og_type":"article","og_title":"Hor\u00e1rio &#8211; 5\u00aa feira Santa, 17 de Abril - Verbum Dei Norte","og_description":"Quinta-feira Santa, 17 de Abril &nbsp; Hor\u00e1rios das celebra\u00e7\u00f5es no Conventinho: \u00a0 19,30h: Celebra\u00e7\u00e3o da Ceia do Senhor 21,15h: Adora\u00e7\u00e3o Eucar\u00edstica &nbsp; Entre os dois momentos haver\u00e1 uma pequena ceiaHor\u00e1rio &#8211; 5\u00aa feira Santa, 17 de Abril","og_url":"https:\/\/verbumdei.org\/porto\/2025\/04\/14\/horario-5a-feira-santa-17-de-abril\/","og_site_name":"Verbum Dei Norte","article_publisher":"https:\/\/www.facebook.com\/vdportoaveiro\/","article_published_time":"2025-04-14T08:00:09+00:00","og_image":[{"url":"http:\/\/verbumdei.org\/porto\/wp-content\/uploads\/2025\/04\/horario_insta-239x300.png","type":"","width":"","height":""}],"author":"Jos\u00e9 Figueiredo","twitter_card":"summary_large_image","twitter_misc":{"Escrito por":"Jos\u00e9 Figueiredo","Tempo estimado de leitura":"1 minuto"},"schema":{"@context":"https:\/\/schema.org","@graph":[{"@type":"Article","@id":"https:\/\/verbumdei.org\/porto\/2025\/04\/14\/horario-5a-feira-santa-17-de-abril\/#article","isPartOf":{"@id":"https:\/\/verbumdei.org\/porto\/2025\/04\/14\/horario-5a-feira-santa-17-de-abril\/"},"author":{"name":"Jos\u00e9 Figueiredo","@id":"https:\/\/verbumdei.org\/porto\/#\/schema\/person\/fd582e6e68322821b57359627af58974"},"headline":"Hor\u00e1rio &#8211; 5\u00aa feira Santa, 17 de Abril","datePublished":"2025-04-14T08:00:09+00:00","mainEntityOfPage":{"@id":"https:\/\/verbumdei.org\/porto\/2025\/04\/14\/horario-5a-feira-santa-17-de-abril\/"},"wordCount":73,"publisher":{"@id":"https:\/\/verbumdei.org\/porto\/#organization"},"image":{"@id":"https:\/\/verbumdei.org\/porto\/2025\/04\/14\/horario-5a-feira-santa-17-de-abril\/#primaryimage"},"thumbnailUrl":"http:\/\/verbumdei.org\/porto\/wp-content\/uploads\/2025\/04\/horario_insta-239x300.png","articleSection":["Avisos","Not\u00edcias","Pistas de Ora\u00e7\u00e3o"],"inLanguage":"pt-PT"},{"@type":"WebPage","@id":"https:\/\/verbumdei.org\/porto\/2025\/04\/14\/horario-5a-feira-santa-17-de-abril\/","url":"https:\/\/verbumdei.org\/porto\/2025\/04\/14\/horario-5a-feira-santa-17-de-abril\/","name":"Hor\u00e1rio &#8211; 5\u00aa feira Santa, 17 de Abril - Verbum Dei Norte","isPartOf":{"@id":"https:\/\/verbumdei.org\/porto\/#website"},"primaryImageOfPage":{"@id":"https:\/\/verbumdei.org\/porto\/2025\/04\/14\/horario-5a-feira-santa-17-de-abril\/#primaryimage"},"image":{"@id":"https:\/\/verbumdei.org\/porto\/2025\/04\/14\/horario-5a-feira-santa-17-de-abril\/#primaryimage"},"thumbnailUrl":"http:\/\/verbumdei.org\/porto\/wp-content\/uploads\/2025\/04\/horario_insta-239x300.png","datePublished":"2025-04-14T08:00:09+00:00","breadcrumb":{"@id":"https:\/\/verbumdei.org\/porto\/2025\/04\/14\/horario-5a-feira-santa-17-de-abril\/#breadcrumb"},"inLanguage":"pt-PT","potentialAction":[{"@type":"ReadAction","target":["https:\/\/verbumdei.org\/porto\/2025\/04\/14\/horario-5a-feira-santa-17-de-abril\/"]}]},{"@type":"ImageObject","inLanguage":"pt-PT","@id":"https:\/\/verbumdei.org\/porto\/2025\/04\/14\/horario-5a-feira-santa-17-de-abril\/#primaryimage","url":"http:\/\/verbumdei.org\/porto\/wp-content\/uploads\/2025\/04\/horario_insta-239x300.png","contentUrl":"http:\/\/verbumdei.org\/porto\/wp-content\/uploads\/2025\/04\/horario_insta-239x300.png"},{"@type":"BreadcrumbList","@id":"https:\/\/verbumdei.org\/porto\/2025\/04\/14\/horario-5a-feira-santa-17-de-abril\/#breadcrumb","itemListElement":[{"@type":"ListItem","position":1,"name":"In\u00edcio","item":"https:\/\/verbumdei.org\/porto\/"},{"@type":"ListItem","position":2,"name":"Hor\u00e1rio &#8211; 5\u00aa feira Santa, 17 de Abril"}]},{"@type":"WebSite","@id":"https:\/\/verbumdei.org\/porto\/#website","url":"https:\/\/verbumdei.org\/porto\/","name":"Verbum Dei Portugal Norte","description":"Mission\u00e1rios Verbum Dei no Porto e Aveiro: ora\u00e7\u00e3o, retiro espiritual, forma\u00e7\u00e3o crist\u00e3 e evangeliza\u00e7\u00e3o","publisher":{"@id":"https:\/\/verbumdei.org\/porto\/#organization"},"potentialAction":[{"@type":"SearchAction","target":{"@type":"EntryPoint","urlTemplate":"https:\/\/verbumdei.org\/porto\/?s={search_term_string}"},"query-input":{"@type":"PropertyValueSpecification","valueRequired":true,"valueName":"search_term_string"}}],"inLanguage":"pt-PT"},{"@type":"Organization","@id":"https:\/\/verbumdei.org\/porto\/#organization","name":"Verbum Dei Portugal Norte","url":"https:\/\/verbumdei.org\/porto\/","logo":{"@type":"ImageObject","inLanguage":"pt-PT","@id":"https:\/\/verbumdei.org\/porto\/#\/schema\/logo\/image\/","url":"https:\/\/verbumdei.org\/porto\/wp-content\/uploads\/2018\/07\/Logo2.jpg","contentUrl":"https:\/\/verbumdei.org\/porto\/wp-content\/uploads\/2018\/07\/Logo2.jpg","width":123,"height":120,"caption":"Verbum Dei Portugal Norte"},"image":{"@id":"https:\/\/verbumdei.org\/porto\/#\/schema\/logo\/image\/"},"sameAs":["https:\/\/www.facebook.com\/vdportoaveiro\/","https:\/\/instagram.com\/verbumdei.portugal.norte\/"]},{"@type":"Person","@id":"https:\/\/verbumdei.org\/porto\/#\/schema\/person\/fd582e6e68322821b57359627af58974","name":"Jos\u00e9 Figueiredo","url":"https:\/\/verbumdei.org\/porto\/author\/zecarlos\/"}]}},"jetpack_featured_media_url":"","jetpack_sharing_enabled":true,"_links":{"self":[{"href":"https:\/\/verbumdei.org\/porto\/wp-json\/wp\/v2\/posts\/9550","targetHints":{"allow":["GET"]}}],"collection":[{"href":"https:\/\/verbumdei.org\/porto\/wp-json\/wp\/v2\/posts"}],"about":[{"href":"https:\/\/verbumdei.org\/porto\/wp-json\/wp\/v2\/types\/post"}],"author":[{"embeddable":true,"href":"https:\/\/verbumdei.org\/porto\/wp-json\/wp\/v2\/users\/6"}],"replies":[{"embeddable":true,"href":"https:\/\/verbumdei.org\/porto\/wp-json\/wp\/v2\/comments?post=9550"}],"version-history":[{"count":1,"href":"https:\/\/verbumdei.org\/porto\/wp-json\/wp\/v2\/posts\/9550\/revisions"}],"predecessor-version":[{"id":9552,"href":"https:\/\/verbumdei.org\/porto\/wp-json\/wp\/v2\/posts\/9550\/revisions\/9552"}],"wp:attachment":[{"href":"https:\/\/verbumdei.org\/porto\/wp-json\/wp\/v2\/media?parent=9550"}],"wp:term":[{"taxonomy":"category","embeddable":true,"href":"https:\/\/verbumdei.org\/porto\/wp-json\/wp\/v2\/categories?post=9550"},{"taxonomy":"post_tag","embeddable":true,"href":"https:\/\/verbumdei.org\/porto\/wp-json\/wp\/v2\/tags?post=9550"}],"curies":[{"name":"wp","href":"https:\/\/api.w.org\/{rel}","templated":true}]}}