{"id":9540,"date":"2025-04-20T06:00:19","date_gmt":"2025-04-20T05:00:19","guid":{"rendered":"https:\/\/verbumdei.org\/porto\/?p=9540"},"modified":"2025-04-12T23:55:44","modified_gmt":"2025-04-12T22:55:44","slug":"domingo-de-pascoa-20-04-2025","status":"publish","type":"post","link":"https:\/\/verbumdei.org\/porto\/2025\/04\/20\/domingo-de-pascoa-20-04-2025\/","title":{"rendered":"Domingo de P\u00e1scoa (20\/04\/2025)"},"content":{"rendered":"<p><img fetchpriority=\"high\" decoding=\"async\" class=\"wp-image-9541 aligncenter\" src=\"http:\/\/verbumdei.org\/porto\/wp-content\/uploads\/2025\/04\/Dom-Pascoa-20-04-25-Inst-239x300.png\" alt=\"\" width=\"595\" height=\"747\" srcset=\"https:\/\/verbumdei.org\/porto\/wp-content\/uploads\/2025\/04\/Dom-Pascoa-20-04-25-Inst-239x300.png 239w, https:\/\/verbumdei.org\/porto\/wp-content\/uploads\/2025\/04\/Dom-Pascoa-20-04-25-Inst-580x728.png 580w, https:\/\/verbumdei.org\/porto\/wp-content\/uploads\/2025\/04\/Dom-Pascoa-20-04-25-Inst.png 612w\" sizes=\"(max-width: 595px) 100vw, 595px\" \/><\/p>\n<p>Domingo de P\u00e1scoa, 20 de Abril de 2025<\/p>\n<p>&nbsp;<\/p>\n<p>Jo\u00e3o 20,1-9:<\/p>\n<p>No primeiro dia da semana, Maria Madalena foi de manh\u00e3zinha, ainda escuro, ao sepulcro e viu-a pedra retirada do sepulcro.<\/p>\n<p>Correu ent\u00e3o e foi ter com Sim\u00e3o Pedro e com o disc\u00edpulo predileto de Jesus e disse-lhes: &#8220;Levaram o Senhor do sepulcro e\u00a0n\u00e3o sabemos onde O puseram.&#8221; (&#8230;) Entretanto, chegou tamb\u00e9m Sim\u00e3o Pedro, que o seguira. Entrou no sepulcro e viu as ligaduras no ch\u00e3o e o sud\u00e1rio que tinha estado na cabe\u00e7a de Jesus, n\u00e3o com as ligaduras, mas enrolado \u00e0 parte. (&#8230;.)<\/p>\n<p>Na verdade, ainda n\u00e3o tinham entendido a Escritura, segundo a qual Jesus devia ressuscitar dos mortos.<\/p>\n<p>&nbsp;<\/p>\n<p>Proposta:<\/p>\n<p>Quantas vezes Jesus, como Maria Madalena e os disc\u00edpulos, tamb\u00e9m n\u00e3o entendo muito bem as manifesta\u00e7\u00f5es de Deus na minha vida.<\/p>\n<p>Quantas e quantas vezes, eu vou ao Teu encontro e me perco no caminho, fico triste, desapontada comigo mesma, esque\u00e7o que Tu est\u00e1s, sempre estiveste.<\/p>\n<p>Jesus, ressuscitaste! Tu vives; e \u00e9 t\u00e3o bom saber que posso sempre contar conTigo, e que nunca me abandonas.<\/p>\n<p>Pe\u00e7o-Te, Jesus, que possa procurar-Te sempre na minha vida,\u00a0que possa fazer esta experi\u00eancia de amor, deixar-me amar por Ti a cada dia; que a F\u00e9 e a Esperan\u00e7a me ajudem a agir com amor no seio da minha fam\u00edlia, nos meus amigos, na nossa comunidade, e no mundo.<\/p>\n","protected":false},"excerpt":{"rendered":"<p>Domingo de P\u00e1scoa, 20 de Abril de 2025 &nbsp; Jo\u00e3o 20,1-9: No primeiro dia da semana, Maria Madalena foi de manh\u00e3zinha, ainda escuro, ao sepulcro e viu-a pedra retirada do<a href=\"https:\/\/verbumdei.org\/porto\/2025\/04\/20\/domingo-de-pascoa-20-04-2025\/\" rel=\"bookmark\"><span class=\"screen-reader-text\">Domingo de P\u00e1scoa (20\/04\/2025)<\/span><\/a><\/p>\n","protected":false},"author":6,"featured_media":0,"comment_status":"closed","ping_status":"closed","sticky":false,"template":"","format":"standard","meta":{"rop_custom_images_group":[],"rop_custom_messages_group":[],"rop_publish_now":"initial","rop_publish_now_accounts":[],"rop_publish_now_history":[],"rop_publish_now_status":"pending","neve_meta_sidebar":"","neve_meta_container":"","neve_meta_enable_content_width":"","neve_meta_content_width":0,"neve_meta_title_alignment":"","neve_meta_author_avatar":"","neve_post_elements_order":"","neve_meta_disable_header":"","neve_meta_disable_footer":"","neve_meta_disable_title":"","_themeisle_gutenberg_block_has_review":false,"_jetpack_memberships_contains_paid_content":false,"footnotes":""},"categories":[88,63,60],"tags":[],"class_list":["post-9540","post","type-post","status-publish","format-standard","hentry","category-avisos","category-noticias","category-pistas-de-oracao"],"yoast_head":"<!-- This site is optimized with the Yoast SEO plugin v27.5 - https:\/\/yoast.com\/product\/yoast-seo-wordpress\/ -->\n<title>Domingo de P\u00e1scoa (20\/04\/2025) - Verbum Dei Norte<\/title>\n<meta name=\"robots\" content=\"index, follow, max-snippet:-1, max-image-preview:large, max-video-preview:-1\" \/>\n<link rel=\"canonical\" href=\"https:\/\/verbumdei.org\/porto\/2025\/04\/20\/domingo-de-pascoa-20-04-2025\/\" \/>\n<meta property=\"og:locale\" content=\"pt_PT\" \/>\n<meta property=\"og:type\" content=\"article\" \/>\n<meta property=\"og:title\" content=\"Domingo de P\u00e1scoa (20\/04\/2025) - Verbum Dei Norte\" \/>\n<meta property=\"og:description\" content=\"Domingo de P\u00e1scoa, 20 de Abril de 2025 &nbsp; Jo\u00e3o 20,1-9: No primeiro dia da semana, Maria Madalena foi de manh\u00e3zinha, ainda escuro, ao sepulcro e viu-a pedra retirada doDomingo de P\u00e1scoa (20\/04\/2025)\" \/>\n<meta property=\"og:url\" content=\"https:\/\/verbumdei.org\/porto\/2025\/04\/20\/domingo-de-pascoa-20-04-2025\/\" \/>\n<meta property=\"og:site_name\" content=\"Verbum Dei Norte\" \/>\n<meta property=\"article:publisher\" content=\"https:\/\/www.facebook.com\/vdportoaveiro\/\" \/>\n<meta property=\"article:published_time\" content=\"2025-04-20T05:00:19+00:00\" \/>\n<meta property=\"og:image\" content=\"http:\/\/verbumdei.org\/porto\/wp-content\/uploads\/2025\/04\/Dom-Pascoa-20-04-25-Inst-239x300.png\" \/>\n<meta name=\"author\" content=\"Jos\u00e9 Figueiredo\" \/>\n<meta name=\"twitter:card\" content=\"summary_large_image\" \/>\n<meta name=\"twitter:label1\" content=\"Escrito por\" \/>\n\t<meta name=\"twitter:data1\" content=\"Jos\u00e9 Figueiredo\" \/>\n\t<meta name=\"twitter:label2\" content=\"Tempo estimado de leitura\" \/>\n\t<meta name=\"twitter:data2\" content=\"2 minutos\" \/>\n<script type=\"application\/ld+json\" class=\"yoast-schema-graph\">{\"@context\":\"https:\\\/\\\/schema.org\",\"@graph\":[{\"@type\":\"Article\",\"@id\":\"https:\\\/\\\/verbumdei.org\\\/porto\\\/2025\\\/04\\\/20\\\/domingo-de-pascoa-20-04-2025\\\/#article\",\"isPartOf\":{\"@id\":\"https:\\\/\\\/verbumdei.org\\\/porto\\\/2025\\\/04\\\/20\\\/domingo-de-pascoa-20-04-2025\\\/\"},\"author\":{\"name\":\"Jos\u00e9 Figueiredo\",\"@id\":\"https:\\\/\\\/verbumdei.org\\\/porto\\\/#\\\/schema\\\/person\\\/fd582e6e68322821b57359627af58974\"},\"headline\":\"Domingo de P\u00e1scoa (20\\\/04\\\/2025)\",\"datePublished\":\"2025-04-20T05:00:19+00:00\",\"mainEntityOfPage\":{\"@id\":\"https:\\\/\\\/verbumdei.org\\\/porto\\\/2025\\\/04\\\/20\\\/domingo-de-pascoa-20-04-2025\\\/\"},\"wordCount\":251,\"publisher\":{\"@id\":\"https:\\\/\\\/verbumdei.org\\\/porto\\\/#organization\"},\"image\":{\"@id\":\"https:\\\/\\\/verbumdei.org\\\/porto\\\/2025\\\/04\\\/20\\\/domingo-de-pascoa-20-04-2025\\\/#primaryimage\"},\"thumbnailUrl\":\"http:\\\/\\\/verbumdei.org\\\/porto\\\/wp-content\\\/uploads\\\/2025\\\/04\\\/Dom-Pascoa-20-04-25-Inst-239x300.png\",\"articleSection\":[\"Avisos\",\"Not\u00edcias\",\"Pistas de Ora\u00e7\u00e3o\"],\"inLanguage\":\"pt-PT\"},{\"@type\":\"WebPage\",\"@id\":\"https:\\\/\\\/verbumdei.org\\\/porto\\\/2025\\\/04\\\/20\\\/domingo-de-pascoa-20-04-2025\\\/\",\"url\":\"https:\\\/\\\/verbumdei.org\\\/porto\\\/2025\\\/04\\\/20\\\/domingo-de-pascoa-20-04-2025\\\/\",\"name\":\"Domingo de P\u00e1scoa (20\\\/04\\\/2025) - Verbum Dei Norte\",\"isPartOf\":{\"@id\":\"https:\\\/\\\/verbumdei.org\\\/porto\\\/#website\"},\"primaryImageOfPage\":{\"@id\":\"https:\\\/\\\/verbumdei.org\\\/porto\\\/2025\\\/04\\\/20\\\/domingo-de-pascoa-20-04-2025\\\/#primaryimage\"},\"image\":{\"@id\":\"https:\\\/\\\/verbumdei.org\\\/porto\\\/2025\\\/04\\\/20\\\/domingo-de-pascoa-20-04-2025\\\/#primaryimage\"},\"thumbnailUrl\":\"http:\\\/\\\/verbumdei.org\\\/porto\\\/wp-content\\\/uploads\\\/2025\\\/04\\\/Dom-Pascoa-20-04-25-Inst-239x300.png\",\"datePublished\":\"2025-04-20T05:00:19+00:00\",\"breadcrumb\":{\"@id\":\"https:\\\/\\\/verbumdei.org\\\/porto\\\/2025\\\/04\\\/20\\\/domingo-de-pascoa-20-04-2025\\\/#breadcrumb\"},\"inLanguage\":\"pt-PT\",\"potentialAction\":[{\"@type\":\"ReadAction\",\"target\":[\"https:\\\/\\\/verbumdei.org\\\/porto\\\/2025\\\/04\\\/20\\\/domingo-de-pascoa-20-04-2025\\\/\"]}]},{\"@type\":\"ImageObject\",\"inLanguage\":\"pt-PT\",\"@id\":\"https:\\\/\\\/verbumdei.org\\\/porto\\\/2025\\\/04\\\/20\\\/domingo-de-pascoa-20-04-2025\\\/#primaryimage\",\"url\":\"http:\\\/\\\/verbumdei.org\\\/porto\\\/wp-content\\\/uploads\\\/2025\\\/04\\\/Dom-Pascoa-20-04-25-Inst-239x300.png\",\"contentUrl\":\"http:\\\/\\\/verbumdei.org\\\/porto\\\/wp-content\\\/uploads\\\/2025\\\/04\\\/Dom-Pascoa-20-04-25-Inst-239x300.png\"},{\"@type\":\"BreadcrumbList\",\"@id\":\"https:\\\/\\\/verbumdei.org\\\/porto\\\/2025\\\/04\\\/20\\\/domingo-de-pascoa-20-04-2025\\\/#breadcrumb\",\"itemListElement\":[{\"@type\":\"ListItem\",\"position\":1,\"name\":\"In\u00edcio\",\"item\":\"https:\\\/\\\/verbumdei.org\\\/porto\\\/\"},{\"@type\":\"ListItem\",\"position\":2,\"name\":\"Domingo de P\u00e1scoa (20\\\/04\\\/2025)\"}]},{\"@type\":\"WebSite\",\"@id\":\"https:\\\/\\\/verbumdei.org\\\/porto\\\/#website\",\"url\":\"https:\\\/\\\/verbumdei.org\\\/porto\\\/\",\"name\":\"Verbum Dei Portugal Norte\",\"description\":\"Mission\u00e1rios Verbum Dei no Porto e Aveiro: ora\u00e7\u00e3o, retiro espiritual, forma\u00e7\u00e3o crist\u00e3 e evangeliza\u00e7\u00e3o\",\"publisher\":{\"@id\":\"https:\\\/\\\/verbumdei.org\\\/porto\\\/#organization\"},\"potentialAction\":[{\"@type\":\"SearchAction\",\"target\":{\"@type\":\"EntryPoint\",\"urlTemplate\":\"https:\\\/\\\/verbumdei.org\\\/porto\\\/?s={search_term_string}\"},\"query-input\":{\"@type\":\"PropertyValueSpecification\",\"valueRequired\":true,\"valueName\":\"search_term_string\"}}],\"inLanguage\":\"pt-PT\"},{\"@type\":\"Organization\",\"@id\":\"https:\\\/\\\/verbumdei.org\\\/porto\\\/#organization\",\"name\":\"Verbum Dei Portugal Norte\",\"url\":\"https:\\\/\\\/verbumdei.org\\\/porto\\\/\",\"logo\":{\"@type\":\"ImageObject\",\"inLanguage\":\"pt-PT\",\"@id\":\"https:\\\/\\\/verbumdei.org\\\/porto\\\/#\\\/schema\\\/logo\\\/image\\\/\",\"url\":\"https:\\\/\\\/verbumdei.org\\\/porto\\\/wp-content\\\/uploads\\\/2018\\\/07\\\/Logo2.jpg\",\"contentUrl\":\"https:\\\/\\\/verbumdei.org\\\/porto\\\/wp-content\\\/uploads\\\/2018\\\/07\\\/Logo2.jpg\",\"width\":123,\"height\":120,\"caption\":\"Verbum Dei Portugal Norte\"},\"image\":{\"@id\":\"https:\\\/\\\/verbumdei.org\\\/porto\\\/#\\\/schema\\\/logo\\\/image\\\/\"},\"sameAs\":[\"https:\\\/\\\/www.facebook.com\\\/vdportoaveiro\\\/\",\"https:\\\/\\\/instagram.com\\\/verbumdei.portugal.norte\\\/\"]},{\"@type\":\"Person\",\"@id\":\"https:\\\/\\\/verbumdei.org\\\/porto\\\/#\\\/schema\\\/person\\\/fd582e6e68322821b57359627af58974\",\"name\":\"Jos\u00e9 Figueiredo\",\"url\":\"https:\\\/\\\/verbumdei.org\\\/porto\\\/author\\\/zecarlos\\\/\"}]}<\/script>\n<!-- \/ Yoast SEO plugin. -->","yoast_head_json":{"title":"Domingo de P\u00e1scoa (20\/04\/2025) - Verbum Dei Norte","robots":{"index":"index","follow":"follow","max-snippet":"max-snippet:-1","max-image-preview":"max-image-preview:large","max-video-preview":"max-video-preview:-1"},"canonical":"https:\/\/verbumdei.org\/porto\/2025\/04\/20\/domingo-de-pascoa-20-04-2025\/","og_locale":"pt_PT","og_type":"article","og_title":"Domingo de P\u00e1scoa (20\/04\/2025) - Verbum Dei Norte","og_description":"Domingo de P\u00e1scoa, 20 de Abril de 2025 &nbsp; Jo\u00e3o 20,1-9: No primeiro dia da semana, Maria Madalena foi de manh\u00e3zinha, ainda escuro, ao sepulcro e viu-a pedra retirada doDomingo de P\u00e1scoa (20\/04\/2025)","og_url":"https:\/\/verbumdei.org\/porto\/2025\/04\/20\/domingo-de-pascoa-20-04-2025\/","og_site_name":"Verbum Dei Norte","article_publisher":"https:\/\/www.facebook.com\/vdportoaveiro\/","article_published_time":"2025-04-20T05:00:19+00:00","og_image":[{"url":"http:\/\/verbumdei.org\/porto\/wp-content\/uploads\/2025\/04\/Dom-Pascoa-20-04-25-Inst-239x300.png","type":"","width":"","height":""}],"author":"Jos\u00e9 Figueiredo","twitter_card":"summary_large_image","twitter_misc":{"Escrito por":"Jos\u00e9 Figueiredo","Tempo estimado de leitura":"2 minutos"},"schema":{"@context":"https:\/\/schema.org","@graph":[{"@type":"Article","@id":"https:\/\/verbumdei.org\/porto\/2025\/04\/20\/domingo-de-pascoa-20-04-2025\/#article","isPartOf":{"@id":"https:\/\/verbumdei.org\/porto\/2025\/04\/20\/domingo-de-pascoa-20-04-2025\/"},"author":{"name":"Jos\u00e9 Figueiredo","@id":"https:\/\/verbumdei.org\/porto\/#\/schema\/person\/fd582e6e68322821b57359627af58974"},"headline":"Domingo de P\u00e1scoa (20\/04\/2025)","datePublished":"2025-04-20T05:00:19+00:00","mainEntityOfPage":{"@id":"https:\/\/verbumdei.org\/porto\/2025\/04\/20\/domingo-de-pascoa-20-04-2025\/"},"wordCount":251,"publisher":{"@id":"https:\/\/verbumdei.org\/porto\/#organization"},"image":{"@id":"https:\/\/verbumdei.org\/porto\/2025\/04\/20\/domingo-de-pascoa-20-04-2025\/#primaryimage"},"thumbnailUrl":"http:\/\/verbumdei.org\/porto\/wp-content\/uploads\/2025\/04\/Dom-Pascoa-20-04-25-Inst-239x300.png","articleSection":["Avisos","Not\u00edcias","Pistas de Ora\u00e7\u00e3o"],"inLanguage":"pt-PT"},{"@type":"WebPage","@id":"https:\/\/verbumdei.org\/porto\/2025\/04\/20\/domingo-de-pascoa-20-04-2025\/","url":"https:\/\/verbumdei.org\/porto\/2025\/04\/20\/domingo-de-pascoa-20-04-2025\/","name":"Domingo de P\u00e1scoa (20\/04\/2025) - Verbum Dei Norte","isPartOf":{"@id":"https:\/\/verbumdei.org\/porto\/#website"},"primaryImageOfPage":{"@id":"https:\/\/verbumdei.org\/porto\/2025\/04\/20\/domingo-de-pascoa-20-04-2025\/#primaryimage"},"image":{"@id":"https:\/\/verbumdei.org\/porto\/2025\/04\/20\/domingo-de-pascoa-20-04-2025\/#primaryimage"},"thumbnailUrl":"http:\/\/verbumdei.org\/porto\/wp-content\/uploads\/2025\/04\/Dom-Pascoa-20-04-25-Inst-239x300.png","datePublished":"2025-04-20T05:00:19+00:00","breadcrumb":{"@id":"https:\/\/verbumdei.org\/porto\/2025\/04\/20\/domingo-de-pascoa-20-04-2025\/#breadcrumb"},"inLanguage":"pt-PT","potentialAction":[{"@type":"ReadAction","target":["https:\/\/verbumdei.org\/porto\/2025\/04\/20\/domingo-de-pascoa-20-04-2025\/"]}]},{"@type":"ImageObject","inLanguage":"pt-PT","@id":"https:\/\/verbumdei.org\/porto\/2025\/04\/20\/domingo-de-pascoa-20-04-2025\/#primaryimage","url":"http:\/\/verbumdei.org\/porto\/wp-content\/uploads\/2025\/04\/Dom-Pascoa-20-04-25-Inst-239x300.png","contentUrl":"http:\/\/verbumdei.org\/porto\/wp-content\/uploads\/2025\/04\/Dom-Pascoa-20-04-25-Inst-239x300.png"},{"@type":"BreadcrumbList","@id":"https:\/\/verbumdei.org\/porto\/2025\/04\/20\/domingo-de-pascoa-20-04-2025\/#breadcrumb","itemListElement":[{"@type":"ListItem","position":1,"name":"In\u00edcio","item":"https:\/\/verbumdei.org\/porto\/"},{"@type":"ListItem","position":2,"name":"Domingo de P\u00e1scoa (20\/04\/2025)"}]},{"@type":"WebSite","@id":"https:\/\/verbumdei.org\/porto\/#website","url":"https:\/\/verbumdei.org\/porto\/","name":"Verbum Dei Portugal Norte","description":"Mission\u00e1rios Verbum Dei no Porto e Aveiro: ora\u00e7\u00e3o, retiro espiritual, forma\u00e7\u00e3o crist\u00e3 e evangeliza\u00e7\u00e3o","publisher":{"@id":"https:\/\/verbumdei.org\/porto\/#organization"},"potentialAction":[{"@type":"SearchAction","target":{"@type":"EntryPoint","urlTemplate":"https:\/\/verbumdei.org\/porto\/?s={search_term_string}"},"query-input":{"@type":"PropertyValueSpecification","valueRequired":true,"valueName":"search_term_string"}}],"inLanguage":"pt-PT"},{"@type":"Organization","@id":"https:\/\/verbumdei.org\/porto\/#organization","name":"Verbum Dei Portugal Norte","url":"https:\/\/verbumdei.org\/porto\/","logo":{"@type":"ImageObject","inLanguage":"pt-PT","@id":"https:\/\/verbumdei.org\/porto\/#\/schema\/logo\/image\/","url":"https:\/\/verbumdei.org\/porto\/wp-content\/uploads\/2018\/07\/Logo2.jpg","contentUrl":"https:\/\/verbumdei.org\/porto\/wp-content\/uploads\/2018\/07\/Logo2.jpg","width":123,"height":120,"caption":"Verbum Dei Portugal Norte"},"image":{"@id":"https:\/\/verbumdei.org\/porto\/#\/schema\/logo\/image\/"},"sameAs":["https:\/\/www.facebook.com\/vdportoaveiro\/","https:\/\/instagram.com\/verbumdei.portugal.norte\/"]},{"@type":"Person","@id":"https:\/\/verbumdei.org\/porto\/#\/schema\/person\/fd582e6e68322821b57359627af58974","name":"Jos\u00e9 Figueiredo","url":"https:\/\/verbumdei.org\/porto\/author\/zecarlos\/"}]}},"jetpack_featured_media_url":"","jetpack_sharing_enabled":true,"_links":{"self":[{"href":"https:\/\/verbumdei.org\/porto\/wp-json\/wp\/v2\/posts\/9540","targetHints":{"allow":["GET"]}}],"collection":[{"href":"https:\/\/verbumdei.org\/porto\/wp-json\/wp\/v2\/posts"}],"about":[{"href":"https:\/\/verbumdei.org\/porto\/wp-json\/wp\/v2\/types\/post"}],"author":[{"embeddable":true,"href":"https:\/\/verbumdei.org\/porto\/wp-json\/wp\/v2\/users\/6"}],"replies":[{"embeddable":true,"href":"https:\/\/verbumdei.org\/porto\/wp-json\/wp\/v2\/comments?post=9540"}],"version-history":[{"count":1,"href":"https:\/\/verbumdei.org\/porto\/wp-json\/wp\/v2\/posts\/9540\/revisions"}],"predecessor-version":[{"id":9542,"href":"https:\/\/verbumdei.org\/porto\/wp-json\/wp\/v2\/posts\/9540\/revisions\/9542"}],"wp:attachment":[{"href":"https:\/\/verbumdei.org\/porto\/wp-json\/wp\/v2\/media?parent=9540"}],"wp:term":[{"taxonomy":"category","embeddable":true,"href":"https:\/\/verbumdei.org\/porto\/wp-json\/wp\/v2\/categories?post=9540"},{"taxonomy":"post_tag","embeddable":true,"href":"https:\/\/verbumdei.org\/porto\/wp-json\/wp\/v2\/tags?post=9540"}],"curies":[{"name":"wp","href":"https:\/\/api.w.org\/{rel}","templated":true}]}}