{"id":9534,"date":"2025-04-19T06:00:17","date_gmt":"2025-04-19T05:00:17","guid":{"rendered":"https:\/\/verbumdei.org\/porto\/?p=9534"},"modified":"2025-04-12T21:58:56","modified_gmt":"2025-04-12T20:58:56","slug":"sabado-da-semana-santa-19-04-2025","status":"publish","type":"post","link":"https:\/\/verbumdei.org\/porto\/2025\/04\/19\/sabado-da-semana-santa-19-04-2025\/","title":{"rendered":"S\u00e1bado da Semana Santa (19\/04\/2025)"},"content":{"rendered":"<p><img fetchpriority=\"high\" decoding=\"async\" class=\"wp-image-9535 aligncenter\" src=\"http:\/\/verbumdei.org\/porto\/wp-content\/uploads\/2025\/04\/Sab-Semana-Santa-19-04-25-Inst-238x300.png\" alt=\"\" width=\"718\" height=\"905\" srcset=\"https:\/\/verbumdei.org\/porto\/wp-content\/uploads\/2025\/04\/Sab-Semana-Santa-19-04-25-Inst-238x300.png 238w, https:\/\/verbumdei.org\/porto\/wp-content\/uploads\/2025\/04\/Sab-Semana-Santa-19-04-25-Inst-580x730.png 580w, https:\/\/verbumdei.org\/porto\/wp-content\/uploads\/2025\/04\/Sab-Semana-Santa-19-04-25-Inst.png 610w\" sizes=\"(max-width: 718px) 100vw, 718px\" \/><\/p>\n<p>S\u00e1bado Santo, 19 de abril de 2025<\/p>\n<p>&nbsp;<\/p>\n<p>Lucas 24, 1-12:<\/p>\n<p>No primeiro dia da semana, ao romper da manh\u00e3, as mulheres que tinham vindo com Jesus da Galileia foram ao sepulcro (\u2026) Encontraram a pedra do sepulcro removida e, ao entrarem, n\u00e3o acharam o corpo do Senhor Jesus. Estando elas perplexas com o sucedido, apareceram-lhes dois homens com vestes resplandecentes. Ficaram amedrontadas e inclinaram o rosto para o ch\u00e3o, enquanto eles lhes diziam: \u00abPorque buscais entre os mortos Aquele que est\u00e1 vivo? N\u00e3o est\u00e1 aqui: ressuscitou. Lembrai-vos como Ele vos falou (\u2026) \u2018O Filho do homem tem de ser entregue \u00e0s m\u00e3os dos pecadores, tem de ser crucificado e ressuscitar ao terceiro dia\u2019\u00bb. (\u2026)<\/p>\n<p>&nbsp;<\/p>\n<p>&nbsp;<\/p>\n<p>Proposta:<\/p>\n<p>\u00abPorque buscais entre os mortos Aquele que est\u00e1 vivo?\u00bb<\/p>\n<p>A rea\u00e7\u00e3o dos Ap\u00f3stolos perante o an\u00fancio da Ressurrei\u00e7\u00e3o foi de incredulidade. Em contacto com a vida concreta, dotados de grande sentido cr\u00edtico, precisavam de verificar pessoalmente a realidade do Acontecimento e, por isso, Pedro acorre ao sepulcro. Mas os caminhos para Cristo n\u00e3o s\u00e3o os dos sentidos e Pedro n\u00e3o consegue ver o que os olhos s\u00e3o incapazes de descobrir. S\u00f3 quando, renunciando aos meios humanos, volta ao caminho da f\u00e9 e vai reunir-se aos irm\u00e3os, encontra e v\u00ea o Ressuscitado.<\/p>\n<p>Senhor, abre o meu cora\u00e7\u00e3o, para que eu veja sempre com o teu olhar aquilo que \u00e9 essencial e invis\u00edvel aos olhos humanos.<\/p>\n","protected":false},"excerpt":{"rendered":"<p>S\u00e1bado Santo, 19 de abril de 2025 &nbsp; Lucas 24, 1-12: No primeiro dia da semana, ao romper da manh\u00e3, as mulheres que tinham vindo com Jesus da Galileia foram<a href=\"https:\/\/verbumdei.org\/porto\/2025\/04\/19\/sabado-da-semana-santa-19-04-2025\/\" rel=\"bookmark\"><span class=\"screen-reader-text\">S\u00e1bado da Semana Santa (19\/04\/2025)<\/span><\/a><\/p>\n","protected":false},"author":6,"featured_media":0,"comment_status":"closed","ping_status":"closed","sticky":false,"template":"","format":"standard","meta":{"rop_custom_images_group":[],"rop_custom_messages_group":[],"rop_publish_now":"initial","rop_publish_now_accounts":[],"rop_publish_now_history":[],"rop_publish_now_status":"pending","neve_meta_sidebar":"","neve_meta_container":"","neve_meta_enable_content_width":"","neve_meta_content_width":0,"neve_meta_title_alignment":"","neve_meta_author_avatar":"","neve_post_elements_order":"","neve_meta_disable_header":"","neve_meta_disable_footer":"","neve_meta_disable_title":"","_themeisle_gutenberg_block_has_review":false,"_jetpack_memberships_contains_paid_content":false,"footnotes":""},"categories":[88,63,60],"tags":[],"class_list":["post-9534","post","type-post","status-publish","format-standard","hentry","category-avisos","category-noticias","category-pistas-de-oracao"],"yoast_head":"<!-- This site is optimized with the Yoast SEO plugin v27.5 - https:\/\/yoast.com\/product\/yoast-seo-wordpress\/ -->\n<title>S\u00e1bado da Semana Santa (19\/04\/2025) - Verbum Dei Norte<\/title>\n<meta name=\"robots\" content=\"index, follow, max-snippet:-1, max-image-preview:large, max-video-preview:-1\" \/>\n<link rel=\"canonical\" href=\"https:\/\/verbumdei.org\/porto\/2025\/04\/19\/sabado-da-semana-santa-19-04-2025\/\" \/>\n<meta property=\"og:locale\" content=\"pt_PT\" \/>\n<meta property=\"og:type\" content=\"article\" \/>\n<meta property=\"og:title\" content=\"S\u00e1bado da Semana Santa (19\/04\/2025) - Verbum Dei Norte\" \/>\n<meta property=\"og:description\" content=\"S\u00e1bado Santo, 19 de abril de 2025 &nbsp; Lucas 24, 1-12: No primeiro dia da semana, ao romper da manh\u00e3, as mulheres que tinham vindo com Jesus da Galileia foramS\u00e1bado da Semana Santa (19\/04\/2025)\" \/>\n<meta property=\"og:url\" content=\"https:\/\/verbumdei.org\/porto\/2025\/04\/19\/sabado-da-semana-santa-19-04-2025\/\" \/>\n<meta property=\"og:site_name\" content=\"Verbum Dei Norte\" \/>\n<meta property=\"article:publisher\" content=\"https:\/\/www.facebook.com\/vdportoaveiro\/\" \/>\n<meta property=\"article:published_time\" content=\"2025-04-19T05:00:17+00:00\" \/>\n<meta property=\"og:image\" content=\"http:\/\/verbumdei.org\/porto\/wp-content\/uploads\/2025\/04\/Sab-Semana-Santa-19-04-25-Inst-238x300.png\" \/>\n<meta name=\"author\" content=\"Jos\u00e9 Figueiredo\" \/>\n<meta name=\"twitter:card\" content=\"summary_large_image\" \/>\n<meta name=\"twitter:label1\" content=\"Escrito por\" \/>\n\t<meta name=\"twitter:data1\" content=\"Jos\u00e9 Figueiredo\" \/>\n\t<meta name=\"twitter:label2\" content=\"Tempo estimado de leitura\" \/>\n\t<meta name=\"twitter:data2\" content=\"2 minutos\" \/>\n<script type=\"application\/ld+json\" class=\"yoast-schema-graph\">{\"@context\":\"https:\\\/\\\/schema.org\",\"@graph\":[{\"@type\":\"Article\",\"@id\":\"https:\\\/\\\/verbumdei.org\\\/porto\\\/2025\\\/04\\\/19\\\/sabado-da-semana-santa-19-04-2025\\\/#article\",\"isPartOf\":{\"@id\":\"https:\\\/\\\/verbumdei.org\\\/porto\\\/2025\\\/04\\\/19\\\/sabado-da-semana-santa-19-04-2025\\\/\"},\"author\":{\"name\":\"Jos\u00e9 Figueiredo\",\"@id\":\"https:\\\/\\\/verbumdei.org\\\/porto\\\/#\\\/schema\\\/person\\\/fd582e6e68322821b57359627af58974\"},\"headline\":\"S\u00e1bado da Semana Santa (19\\\/04\\\/2025)\",\"datePublished\":\"2025-04-19T05:00:17+00:00\",\"mainEntityOfPage\":{\"@id\":\"https:\\\/\\\/verbumdei.org\\\/porto\\\/2025\\\/04\\\/19\\\/sabado-da-semana-santa-19-04-2025\\\/\"},\"wordCount\":247,\"publisher\":{\"@id\":\"https:\\\/\\\/verbumdei.org\\\/porto\\\/#organization\"},\"image\":{\"@id\":\"https:\\\/\\\/verbumdei.org\\\/porto\\\/2025\\\/04\\\/19\\\/sabado-da-semana-santa-19-04-2025\\\/#primaryimage\"},\"thumbnailUrl\":\"http:\\\/\\\/verbumdei.org\\\/porto\\\/wp-content\\\/uploads\\\/2025\\\/04\\\/Sab-Semana-Santa-19-04-25-Inst-238x300.png\",\"articleSection\":[\"Avisos\",\"Not\u00edcias\",\"Pistas de Ora\u00e7\u00e3o\"],\"inLanguage\":\"pt-PT\"},{\"@type\":\"WebPage\",\"@id\":\"https:\\\/\\\/verbumdei.org\\\/porto\\\/2025\\\/04\\\/19\\\/sabado-da-semana-santa-19-04-2025\\\/\",\"url\":\"https:\\\/\\\/verbumdei.org\\\/porto\\\/2025\\\/04\\\/19\\\/sabado-da-semana-santa-19-04-2025\\\/\",\"name\":\"S\u00e1bado da Semana Santa (19\\\/04\\\/2025) - Verbum Dei Norte\",\"isPartOf\":{\"@id\":\"https:\\\/\\\/verbumdei.org\\\/porto\\\/#website\"},\"primaryImageOfPage\":{\"@id\":\"https:\\\/\\\/verbumdei.org\\\/porto\\\/2025\\\/04\\\/19\\\/sabado-da-semana-santa-19-04-2025\\\/#primaryimage\"},\"image\":{\"@id\":\"https:\\\/\\\/verbumdei.org\\\/porto\\\/2025\\\/04\\\/19\\\/sabado-da-semana-santa-19-04-2025\\\/#primaryimage\"},\"thumbnailUrl\":\"http:\\\/\\\/verbumdei.org\\\/porto\\\/wp-content\\\/uploads\\\/2025\\\/04\\\/Sab-Semana-Santa-19-04-25-Inst-238x300.png\",\"datePublished\":\"2025-04-19T05:00:17+00:00\",\"breadcrumb\":{\"@id\":\"https:\\\/\\\/verbumdei.org\\\/porto\\\/2025\\\/04\\\/19\\\/sabado-da-semana-santa-19-04-2025\\\/#breadcrumb\"},\"inLanguage\":\"pt-PT\",\"potentialAction\":[{\"@type\":\"ReadAction\",\"target\":[\"https:\\\/\\\/verbumdei.org\\\/porto\\\/2025\\\/04\\\/19\\\/sabado-da-semana-santa-19-04-2025\\\/\"]}]},{\"@type\":\"ImageObject\",\"inLanguage\":\"pt-PT\",\"@id\":\"https:\\\/\\\/verbumdei.org\\\/porto\\\/2025\\\/04\\\/19\\\/sabado-da-semana-santa-19-04-2025\\\/#primaryimage\",\"url\":\"http:\\\/\\\/verbumdei.org\\\/porto\\\/wp-content\\\/uploads\\\/2025\\\/04\\\/Sab-Semana-Santa-19-04-25-Inst-238x300.png\",\"contentUrl\":\"http:\\\/\\\/verbumdei.org\\\/porto\\\/wp-content\\\/uploads\\\/2025\\\/04\\\/Sab-Semana-Santa-19-04-25-Inst-238x300.png\"},{\"@type\":\"BreadcrumbList\",\"@id\":\"https:\\\/\\\/verbumdei.org\\\/porto\\\/2025\\\/04\\\/19\\\/sabado-da-semana-santa-19-04-2025\\\/#breadcrumb\",\"itemListElement\":[{\"@type\":\"ListItem\",\"position\":1,\"name\":\"In\u00edcio\",\"item\":\"https:\\\/\\\/verbumdei.org\\\/porto\\\/\"},{\"@type\":\"ListItem\",\"position\":2,\"name\":\"S\u00e1bado da Semana Santa (19\\\/04\\\/2025)\"}]},{\"@type\":\"WebSite\",\"@id\":\"https:\\\/\\\/verbumdei.org\\\/porto\\\/#website\",\"url\":\"https:\\\/\\\/verbumdei.org\\\/porto\\\/\",\"name\":\"Verbum Dei Portugal Norte\",\"description\":\"Mission\u00e1rios Verbum Dei no Porto e Aveiro: ora\u00e7\u00e3o, retiro espiritual, forma\u00e7\u00e3o crist\u00e3 e evangeliza\u00e7\u00e3o\",\"publisher\":{\"@id\":\"https:\\\/\\\/verbumdei.org\\\/porto\\\/#organization\"},\"potentialAction\":[{\"@type\":\"SearchAction\",\"target\":{\"@type\":\"EntryPoint\",\"urlTemplate\":\"https:\\\/\\\/verbumdei.org\\\/porto\\\/?s={search_term_string}\"},\"query-input\":{\"@type\":\"PropertyValueSpecification\",\"valueRequired\":true,\"valueName\":\"search_term_string\"}}],\"inLanguage\":\"pt-PT\"},{\"@type\":\"Organization\",\"@id\":\"https:\\\/\\\/verbumdei.org\\\/porto\\\/#organization\",\"name\":\"Verbum Dei Portugal Norte\",\"url\":\"https:\\\/\\\/verbumdei.org\\\/porto\\\/\",\"logo\":{\"@type\":\"ImageObject\",\"inLanguage\":\"pt-PT\",\"@id\":\"https:\\\/\\\/verbumdei.org\\\/porto\\\/#\\\/schema\\\/logo\\\/image\\\/\",\"url\":\"https:\\\/\\\/verbumdei.org\\\/porto\\\/wp-content\\\/uploads\\\/2018\\\/07\\\/Logo2.jpg\",\"contentUrl\":\"https:\\\/\\\/verbumdei.org\\\/porto\\\/wp-content\\\/uploads\\\/2018\\\/07\\\/Logo2.jpg\",\"width\":123,\"height\":120,\"caption\":\"Verbum Dei Portugal Norte\"},\"image\":{\"@id\":\"https:\\\/\\\/verbumdei.org\\\/porto\\\/#\\\/schema\\\/logo\\\/image\\\/\"},\"sameAs\":[\"https:\\\/\\\/www.facebook.com\\\/vdportoaveiro\\\/\",\"https:\\\/\\\/instagram.com\\\/verbumdei.portugal.norte\\\/\"]},{\"@type\":\"Person\",\"@id\":\"https:\\\/\\\/verbumdei.org\\\/porto\\\/#\\\/schema\\\/person\\\/fd582e6e68322821b57359627af58974\",\"name\":\"Jos\u00e9 Figueiredo\",\"url\":\"https:\\\/\\\/verbumdei.org\\\/porto\\\/author\\\/zecarlos\\\/\"}]}<\/script>\n<!-- \/ Yoast SEO plugin. -->","yoast_head_json":{"title":"S\u00e1bado da Semana Santa (19\/04\/2025) - Verbum Dei Norte","robots":{"index":"index","follow":"follow","max-snippet":"max-snippet:-1","max-image-preview":"max-image-preview:large","max-video-preview":"max-video-preview:-1"},"canonical":"https:\/\/verbumdei.org\/porto\/2025\/04\/19\/sabado-da-semana-santa-19-04-2025\/","og_locale":"pt_PT","og_type":"article","og_title":"S\u00e1bado da Semana Santa (19\/04\/2025) - Verbum Dei Norte","og_description":"S\u00e1bado Santo, 19 de abril de 2025 &nbsp; Lucas 24, 1-12: No primeiro dia da semana, ao romper da manh\u00e3, as mulheres que tinham vindo com Jesus da Galileia foramS\u00e1bado da Semana Santa (19\/04\/2025)","og_url":"https:\/\/verbumdei.org\/porto\/2025\/04\/19\/sabado-da-semana-santa-19-04-2025\/","og_site_name":"Verbum Dei Norte","article_publisher":"https:\/\/www.facebook.com\/vdportoaveiro\/","article_published_time":"2025-04-19T05:00:17+00:00","og_image":[{"url":"http:\/\/verbumdei.org\/porto\/wp-content\/uploads\/2025\/04\/Sab-Semana-Santa-19-04-25-Inst-238x300.png","type":"","width":"","height":""}],"author":"Jos\u00e9 Figueiredo","twitter_card":"summary_large_image","twitter_misc":{"Escrito por":"Jos\u00e9 Figueiredo","Tempo estimado de leitura":"2 minutos"},"schema":{"@context":"https:\/\/schema.org","@graph":[{"@type":"Article","@id":"https:\/\/verbumdei.org\/porto\/2025\/04\/19\/sabado-da-semana-santa-19-04-2025\/#article","isPartOf":{"@id":"https:\/\/verbumdei.org\/porto\/2025\/04\/19\/sabado-da-semana-santa-19-04-2025\/"},"author":{"name":"Jos\u00e9 Figueiredo","@id":"https:\/\/verbumdei.org\/porto\/#\/schema\/person\/fd582e6e68322821b57359627af58974"},"headline":"S\u00e1bado da Semana Santa (19\/04\/2025)","datePublished":"2025-04-19T05:00:17+00:00","mainEntityOfPage":{"@id":"https:\/\/verbumdei.org\/porto\/2025\/04\/19\/sabado-da-semana-santa-19-04-2025\/"},"wordCount":247,"publisher":{"@id":"https:\/\/verbumdei.org\/porto\/#organization"},"image":{"@id":"https:\/\/verbumdei.org\/porto\/2025\/04\/19\/sabado-da-semana-santa-19-04-2025\/#primaryimage"},"thumbnailUrl":"http:\/\/verbumdei.org\/porto\/wp-content\/uploads\/2025\/04\/Sab-Semana-Santa-19-04-25-Inst-238x300.png","articleSection":["Avisos","Not\u00edcias","Pistas de Ora\u00e7\u00e3o"],"inLanguage":"pt-PT"},{"@type":"WebPage","@id":"https:\/\/verbumdei.org\/porto\/2025\/04\/19\/sabado-da-semana-santa-19-04-2025\/","url":"https:\/\/verbumdei.org\/porto\/2025\/04\/19\/sabado-da-semana-santa-19-04-2025\/","name":"S\u00e1bado da Semana Santa (19\/04\/2025) - Verbum Dei Norte","isPartOf":{"@id":"https:\/\/verbumdei.org\/porto\/#website"},"primaryImageOfPage":{"@id":"https:\/\/verbumdei.org\/porto\/2025\/04\/19\/sabado-da-semana-santa-19-04-2025\/#primaryimage"},"image":{"@id":"https:\/\/verbumdei.org\/porto\/2025\/04\/19\/sabado-da-semana-santa-19-04-2025\/#primaryimage"},"thumbnailUrl":"http:\/\/verbumdei.org\/porto\/wp-content\/uploads\/2025\/04\/Sab-Semana-Santa-19-04-25-Inst-238x300.png","datePublished":"2025-04-19T05:00:17+00:00","breadcrumb":{"@id":"https:\/\/verbumdei.org\/porto\/2025\/04\/19\/sabado-da-semana-santa-19-04-2025\/#breadcrumb"},"inLanguage":"pt-PT","potentialAction":[{"@type":"ReadAction","target":["https:\/\/verbumdei.org\/porto\/2025\/04\/19\/sabado-da-semana-santa-19-04-2025\/"]}]},{"@type":"ImageObject","inLanguage":"pt-PT","@id":"https:\/\/verbumdei.org\/porto\/2025\/04\/19\/sabado-da-semana-santa-19-04-2025\/#primaryimage","url":"http:\/\/verbumdei.org\/porto\/wp-content\/uploads\/2025\/04\/Sab-Semana-Santa-19-04-25-Inst-238x300.png","contentUrl":"http:\/\/verbumdei.org\/porto\/wp-content\/uploads\/2025\/04\/Sab-Semana-Santa-19-04-25-Inst-238x300.png"},{"@type":"BreadcrumbList","@id":"https:\/\/verbumdei.org\/porto\/2025\/04\/19\/sabado-da-semana-santa-19-04-2025\/#breadcrumb","itemListElement":[{"@type":"ListItem","position":1,"name":"In\u00edcio","item":"https:\/\/verbumdei.org\/porto\/"},{"@type":"ListItem","position":2,"name":"S\u00e1bado da Semana Santa (19\/04\/2025)"}]},{"@type":"WebSite","@id":"https:\/\/verbumdei.org\/porto\/#website","url":"https:\/\/verbumdei.org\/porto\/","name":"Verbum Dei Portugal Norte","description":"Mission\u00e1rios Verbum Dei no Porto e Aveiro: ora\u00e7\u00e3o, retiro espiritual, forma\u00e7\u00e3o crist\u00e3 e evangeliza\u00e7\u00e3o","publisher":{"@id":"https:\/\/verbumdei.org\/porto\/#organization"},"potentialAction":[{"@type":"SearchAction","target":{"@type":"EntryPoint","urlTemplate":"https:\/\/verbumdei.org\/porto\/?s={search_term_string}"},"query-input":{"@type":"PropertyValueSpecification","valueRequired":true,"valueName":"search_term_string"}}],"inLanguage":"pt-PT"},{"@type":"Organization","@id":"https:\/\/verbumdei.org\/porto\/#organization","name":"Verbum Dei Portugal Norte","url":"https:\/\/verbumdei.org\/porto\/","logo":{"@type":"ImageObject","inLanguage":"pt-PT","@id":"https:\/\/verbumdei.org\/porto\/#\/schema\/logo\/image\/","url":"https:\/\/verbumdei.org\/porto\/wp-content\/uploads\/2018\/07\/Logo2.jpg","contentUrl":"https:\/\/verbumdei.org\/porto\/wp-content\/uploads\/2018\/07\/Logo2.jpg","width":123,"height":120,"caption":"Verbum Dei Portugal Norte"},"image":{"@id":"https:\/\/verbumdei.org\/porto\/#\/schema\/logo\/image\/"},"sameAs":["https:\/\/www.facebook.com\/vdportoaveiro\/","https:\/\/instagram.com\/verbumdei.portugal.norte\/"]},{"@type":"Person","@id":"https:\/\/verbumdei.org\/porto\/#\/schema\/person\/fd582e6e68322821b57359627af58974","name":"Jos\u00e9 Figueiredo","url":"https:\/\/verbumdei.org\/porto\/author\/zecarlos\/"}]}},"jetpack_featured_media_url":"","jetpack_sharing_enabled":true,"_links":{"self":[{"href":"https:\/\/verbumdei.org\/porto\/wp-json\/wp\/v2\/posts\/9534","targetHints":{"allow":["GET"]}}],"collection":[{"href":"https:\/\/verbumdei.org\/porto\/wp-json\/wp\/v2\/posts"}],"about":[{"href":"https:\/\/verbumdei.org\/porto\/wp-json\/wp\/v2\/types\/post"}],"author":[{"embeddable":true,"href":"https:\/\/verbumdei.org\/porto\/wp-json\/wp\/v2\/users\/6"}],"replies":[{"embeddable":true,"href":"https:\/\/verbumdei.org\/porto\/wp-json\/wp\/v2\/comments?post=9534"}],"version-history":[{"count":1,"href":"https:\/\/verbumdei.org\/porto\/wp-json\/wp\/v2\/posts\/9534\/revisions"}],"predecessor-version":[{"id":9536,"href":"https:\/\/verbumdei.org\/porto\/wp-json\/wp\/v2\/posts\/9534\/revisions\/9536"}],"wp:attachment":[{"href":"https:\/\/verbumdei.org\/porto\/wp-json\/wp\/v2\/media?parent=9534"}],"wp:term":[{"taxonomy":"category","embeddable":true,"href":"https:\/\/verbumdei.org\/porto\/wp-json\/wp\/v2\/categories?post=9534"},{"taxonomy":"post_tag","embeddable":true,"href":"https:\/\/verbumdei.org\/porto\/wp-json\/wp\/v2\/tags?post=9534"}],"curies":[{"name":"wp","href":"https:\/\/api.w.org\/{rel}","templated":true}]}}