{"id":9498,"date":"2025-04-10T06:00:49","date_gmt":"2025-04-10T05:00:49","guid":{"rendered":"https:\/\/verbumdei.org\/porto\/?p=9498"},"modified":"2025-04-09T23:52:08","modified_gmt":"2025-04-09T22:52:08","slug":"quinta-feira-v-da-quaresma-10-04-2025","status":"publish","type":"post","link":"https:\/\/verbumdei.org\/porto\/2025\/04\/10\/quinta-feira-v-da-quaresma-10-04-2025\/","title":{"rendered":"Quinta feira V da Quaresma (10\/04\/2025)"},"content":{"rendered":"<p><img fetchpriority=\"high\" decoding=\"async\" class=\"wp-image-9508 aligncenter\" src=\"http:\/\/verbumdei.org\/porto\/wp-content\/uploads\/2025\/04\/Qui-V-Quaresma-10-04-25-Inst-241x300.png\" alt=\"\" width=\"688\" height=\"856\" srcset=\"https:\/\/verbumdei.org\/porto\/wp-content\/uploads\/2025\/04\/Qui-V-Quaresma-10-04-25-Inst-241x300.png 241w, https:\/\/verbumdei.org\/porto\/wp-content\/uploads\/2025\/04\/Qui-V-Quaresma-10-04-25-Inst-580x722.png 580w, https:\/\/verbumdei.org\/porto\/wp-content\/uploads\/2025\/04\/Qui-V-Quaresma-10-04-25-Inst.png 612w\" sizes=\"(max-width: 688px) 100vw, 688px\" \/><\/p>\n<p><strong>Quinta-feira V da Quaresma, 10 de abril de 2025<\/strong><\/p>\n<p>&nbsp;<\/p>\n<p><strong>Gen 17,3-9:<\/strong><\/p>\n<p>Naqueles dias, Abr\u00e3o caiu de rosto por terra e Deus falou-lhe assim:<br \/>\n\u201cEsta \u00e9 a minha alian\u00e7a contigo: Ser\u00e1s pai de um grande n\u00famero de na\u00e7\u00f5es.<br \/>\nJ\u00e1 n\u00e3o te chamar\u00e1s Abr\u00e3o, mas Abra\u00e3o ser\u00e1 o teu nome, porque farei de ti o pai de um grande n\u00famero de na\u00e7\u00f5es.<br \/>\nFarei que tenhas incont\u00e1vel descend\u00eancia, que d\u00eas origem a povos, e de ti sair\u00e3o reis.<br \/>\nEstabelecerei a minha alian\u00e7a contigo e com a tua descend\u00eancia, de gera\u00e7\u00e3o em gera\u00e7\u00e3o. Ser\u00e1 uma alian\u00e7a perp\u00e9tua, para que Eu seja o teu Deus e o Deus dos teus futuros descendentes.\u201d<\/p>\n<p>&nbsp;<\/p>\n<p><strong>Proposta:<\/strong><\/p>\n<p>Grande hist\u00f3ria de amor criou Deus com Abra\u00e3o. Acreditam que Deus gosta tanto de cada um de n\u00f3s como de Abra\u00e3o? Deus quer tanto construir uma hist\u00f3ria de amor connosco! Sejamos novos, velhos, de meia idade, cheios de sa\u00fade, com muito pouca\u2026todos somos chamados a viver bem acompanhados por este Deus que quer construir com cada um uma alian\u00e7a que nos alegre, nos encha o cora\u00e7\u00e3o e nos d\u00ea um grande sentido \u00e0 vida.<\/p>\n<p>Dedicamos hoje algum tempo a sonhar numa vida em constante comunh\u00e3o com Jesus!<\/p>\n","protected":false},"excerpt":{"rendered":"<p>Quinta-feira V da Quaresma, 10 de abril de 2025 &nbsp; Gen 17,3-9: Naqueles dias, Abr\u00e3o caiu de rosto por terra e Deus falou-lhe assim: \u201cEsta \u00e9 a minha alian\u00e7a contigo:<a href=\"https:\/\/verbumdei.org\/porto\/2025\/04\/10\/quinta-feira-v-da-quaresma-10-04-2025\/\" rel=\"bookmark\"><span class=\"screen-reader-text\">Quinta feira V da Quaresma (10\/04\/2025)<\/span><\/a><\/p>\n","protected":false},"author":6,"featured_media":0,"comment_status":"closed","ping_status":"closed","sticky":false,"template":"","format":"standard","meta":{"rop_custom_images_group":[],"rop_custom_messages_group":[],"rop_publish_now":"initial","rop_publish_now_accounts":[],"rop_publish_now_history":[],"rop_publish_now_status":"pending","neve_meta_sidebar":"","neve_meta_container":"","neve_meta_enable_content_width":"","neve_meta_content_width":0,"neve_meta_title_alignment":"","neve_meta_author_avatar":"","neve_post_elements_order":"","neve_meta_disable_header":"","neve_meta_disable_footer":"","neve_meta_disable_title":"","_themeisle_gutenberg_block_has_review":false,"_jetpack_memberships_contains_paid_content":false,"footnotes":""},"categories":[88,63,60],"tags":[],"class_list":["post-9498","post","type-post","status-publish","format-standard","hentry","category-avisos","category-noticias","category-pistas-de-oracao"],"yoast_head":"<!-- This site is optimized with the Yoast SEO plugin v27.5 - https:\/\/yoast.com\/product\/yoast-seo-wordpress\/ -->\n<title>Quinta feira V da Quaresma (10\/04\/2025) - Verbum Dei Norte<\/title>\n<meta name=\"robots\" content=\"index, follow, max-snippet:-1, max-image-preview:large, max-video-preview:-1\" \/>\n<link rel=\"canonical\" href=\"https:\/\/verbumdei.org\/porto\/2025\/04\/10\/quinta-feira-v-da-quaresma-10-04-2025\/\" \/>\n<meta property=\"og:locale\" content=\"pt_PT\" \/>\n<meta property=\"og:type\" content=\"article\" \/>\n<meta property=\"og:title\" content=\"Quinta feira V da Quaresma (10\/04\/2025) - Verbum Dei Norte\" \/>\n<meta property=\"og:description\" content=\"Quinta-feira V da Quaresma, 10 de abril de 2025 &nbsp; Gen 17,3-9: Naqueles dias, Abr\u00e3o caiu de rosto por terra e Deus falou-lhe assim: \u201cEsta \u00e9 a minha alian\u00e7a contigo:Quinta feira V da Quaresma (10\/04\/2025)\" \/>\n<meta property=\"og:url\" content=\"https:\/\/verbumdei.org\/porto\/2025\/04\/10\/quinta-feira-v-da-quaresma-10-04-2025\/\" \/>\n<meta property=\"og:site_name\" content=\"Verbum Dei Norte\" \/>\n<meta property=\"article:publisher\" content=\"https:\/\/www.facebook.com\/vdportoaveiro\/\" \/>\n<meta property=\"article:published_time\" content=\"2025-04-10T05:00:49+00:00\" \/>\n<meta property=\"og:image\" content=\"http:\/\/verbumdei.org\/porto\/wp-content\/uploads\/2025\/04\/Qui-V-Quaresma-10-04-25-Inst-241x300.png\" \/>\n<meta name=\"author\" content=\"Jos\u00e9 Figueiredo\" \/>\n<meta name=\"twitter:card\" content=\"summary_large_image\" \/>\n<meta name=\"twitter:label1\" content=\"Escrito por\" \/>\n\t<meta name=\"twitter:data1\" content=\"Jos\u00e9 Figueiredo\" \/>\n\t<meta name=\"twitter:label2\" content=\"Tempo estimado de leitura\" \/>\n\t<meta name=\"twitter:data2\" content=\"2 minutos\" \/>\n<script type=\"application\/ld+json\" class=\"yoast-schema-graph\">{\"@context\":\"https:\\\/\\\/schema.org\",\"@graph\":[{\"@type\":\"Article\",\"@id\":\"https:\\\/\\\/verbumdei.org\\\/porto\\\/2025\\\/04\\\/10\\\/quinta-feira-v-da-quaresma-10-04-2025\\\/#article\",\"isPartOf\":{\"@id\":\"https:\\\/\\\/verbumdei.org\\\/porto\\\/2025\\\/04\\\/10\\\/quinta-feira-v-da-quaresma-10-04-2025\\\/\"},\"author\":{\"name\":\"Jos\u00e9 Figueiredo\",\"@id\":\"https:\\\/\\\/verbumdei.org\\\/porto\\\/#\\\/schema\\\/person\\\/fd582e6e68322821b57359627af58974\"},\"headline\":\"Quinta feira V da Quaresma (10\\\/04\\\/2025)\",\"datePublished\":\"2025-04-10T05:00:49+00:00\",\"mainEntityOfPage\":{\"@id\":\"https:\\\/\\\/verbumdei.org\\\/porto\\\/2025\\\/04\\\/10\\\/quinta-feira-v-da-quaresma-10-04-2025\\\/\"},\"wordCount\":229,\"publisher\":{\"@id\":\"https:\\\/\\\/verbumdei.org\\\/porto\\\/#organization\"},\"image\":{\"@id\":\"https:\\\/\\\/verbumdei.org\\\/porto\\\/2025\\\/04\\\/10\\\/quinta-feira-v-da-quaresma-10-04-2025\\\/#primaryimage\"},\"thumbnailUrl\":\"http:\\\/\\\/verbumdei.org\\\/porto\\\/wp-content\\\/uploads\\\/2025\\\/04\\\/Qui-V-Quaresma-10-04-25-Inst-241x300.png\",\"articleSection\":[\"Avisos\",\"Not\u00edcias\",\"Pistas de Ora\u00e7\u00e3o\"],\"inLanguage\":\"pt-PT\"},{\"@type\":\"WebPage\",\"@id\":\"https:\\\/\\\/verbumdei.org\\\/porto\\\/2025\\\/04\\\/10\\\/quinta-feira-v-da-quaresma-10-04-2025\\\/\",\"url\":\"https:\\\/\\\/verbumdei.org\\\/porto\\\/2025\\\/04\\\/10\\\/quinta-feira-v-da-quaresma-10-04-2025\\\/\",\"name\":\"Quinta feira V da Quaresma (10\\\/04\\\/2025) - Verbum Dei Norte\",\"isPartOf\":{\"@id\":\"https:\\\/\\\/verbumdei.org\\\/porto\\\/#website\"},\"primaryImageOfPage\":{\"@id\":\"https:\\\/\\\/verbumdei.org\\\/porto\\\/2025\\\/04\\\/10\\\/quinta-feira-v-da-quaresma-10-04-2025\\\/#primaryimage\"},\"image\":{\"@id\":\"https:\\\/\\\/verbumdei.org\\\/porto\\\/2025\\\/04\\\/10\\\/quinta-feira-v-da-quaresma-10-04-2025\\\/#primaryimage\"},\"thumbnailUrl\":\"http:\\\/\\\/verbumdei.org\\\/porto\\\/wp-content\\\/uploads\\\/2025\\\/04\\\/Qui-V-Quaresma-10-04-25-Inst-241x300.png\",\"datePublished\":\"2025-04-10T05:00:49+00:00\",\"breadcrumb\":{\"@id\":\"https:\\\/\\\/verbumdei.org\\\/porto\\\/2025\\\/04\\\/10\\\/quinta-feira-v-da-quaresma-10-04-2025\\\/#breadcrumb\"},\"inLanguage\":\"pt-PT\",\"potentialAction\":[{\"@type\":\"ReadAction\",\"target\":[\"https:\\\/\\\/verbumdei.org\\\/porto\\\/2025\\\/04\\\/10\\\/quinta-feira-v-da-quaresma-10-04-2025\\\/\"]}]},{\"@type\":\"ImageObject\",\"inLanguage\":\"pt-PT\",\"@id\":\"https:\\\/\\\/verbumdei.org\\\/porto\\\/2025\\\/04\\\/10\\\/quinta-feira-v-da-quaresma-10-04-2025\\\/#primaryimage\",\"url\":\"http:\\\/\\\/verbumdei.org\\\/porto\\\/wp-content\\\/uploads\\\/2025\\\/04\\\/Qui-V-Quaresma-10-04-25-Inst-241x300.png\",\"contentUrl\":\"http:\\\/\\\/verbumdei.org\\\/porto\\\/wp-content\\\/uploads\\\/2025\\\/04\\\/Qui-V-Quaresma-10-04-25-Inst-241x300.png\"},{\"@type\":\"BreadcrumbList\",\"@id\":\"https:\\\/\\\/verbumdei.org\\\/porto\\\/2025\\\/04\\\/10\\\/quinta-feira-v-da-quaresma-10-04-2025\\\/#breadcrumb\",\"itemListElement\":[{\"@type\":\"ListItem\",\"position\":1,\"name\":\"In\u00edcio\",\"item\":\"https:\\\/\\\/verbumdei.org\\\/porto\\\/\"},{\"@type\":\"ListItem\",\"position\":2,\"name\":\"Quinta feira V da Quaresma (10\\\/04\\\/2025)\"}]},{\"@type\":\"WebSite\",\"@id\":\"https:\\\/\\\/verbumdei.org\\\/porto\\\/#website\",\"url\":\"https:\\\/\\\/verbumdei.org\\\/porto\\\/\",\"name\":\"Verbum Dei Portugal Norte\",\"description\":\"Mission\u00e1rios Verbum Dei no Porto e Aveiro: ora\u00e7\u00e3o, retiro espiritual, forma\u00e7\u00e3o crist\u00e3 e evangeliza\u00e7\u00e3o\",\"publisher\":{\"@id\":\"https:\\\/\\\/verbumdei.org\\\/porto\\\/#organization\"},\"potentialAction\":[{\"@type\":\"SearchAction\",\"target\":{\"@type\":\"EntryPoint\",\"urlTemplate\":\"https:\\\/\\\/verbumdei.org\\\/porto\\\/?s={search_term_string}\"},\"query-input\":{\"@type\":\"PropertyValueSpecification\",\"valueRequired\":true,\"valueName\":\"search_term_string\"}}],\"inLanguage\":\"pt-PT\"},{\"@type\":\"Organization\",\"@id\":\"https:\\\/\\\/verbumdei.org\\\/porto\\\/#organization\",\"name\":\"Verbum Dei Portugal Norte\",\"url\":\"https:\\\/\\\/verbumdei.org\\\/porto\\\/\",\"logo\":{\"@type\":\"ImageObject\",\"inLanguage\":\"pt-PT\",\"@id\":\"https:\\\/\\\/verbumdei.org\\\/porto\\\/#\\\/schema\\\/logo\\\/image\\\/\",\"url\":\"https:\\\/\\\/verbumdei.org\\\/porto\\\/wp-content\\\/uploads\\\/2018\\\/07\\\/Logo2.jpg\",\"contentUrl\":\"https:\\\/\\\/verbumdei.org\\\/porto\\\/wp-content\\\/uploads\\\/2018\\\/07\\\/Logo2.jpg\",\"width\":123,\"height\":120,\"caption\":\"Verbum Dei Portugal Norte\"},\"image\":{\"@id\":\"https:\\\/\\\/verbumdei.org\\\/porto\\\/#\\\/schema\\\/logo\\\/image\\\/\"},\"sameAs\":[\"https:\\\/\\\/www.facebook.com\\\/vdportoaveiro\\\/\",\"https:\\\/\\\/instagram.com\\\/verbumdei.portugal.norte\\\/\"]},{\"@type\":\"Person\",\"@id\":\"https:\\\/\\\/verbumdei.org\\\/porto\\\/#\\\/schema\\\/person\\\/fd582e6e68322821b57359627af58974\",\"name\":\"Jos\u00e9 Figueiredo\",\"url\":\"https:\\\/\\\/verbumdei.org\\\/porto\\\/author\\\/zecarlos\\\/\"}]}<\/script>\n<!-- \/ Yoast SEO plugin. -->","yoast_head_json":{"title":"Quinta feira V da Quaresma (10\/04\/2025) - Verbum Dei Norte","robots":{"index":"index","follow":"follow","max-snippet":"max-snippet:-1","max-image-preview":"max-image-preview:large","max-video-preview":"max-video-preview:-1"},"canonical":"https:\/\/verbumdei.org\/porto\/2025\/04\/10\/quinta-feira-v-da-quaresma-10-04-2025\/","og_locale":"pt_PT","og_type":"article","og_title":"Quinta feira V da Quaresma (10\/04\/2025) - Verbum Dei Norte","og_description":"Quinta-feira V da Quaresma, 10 de abril de 2025 &nbsp; Gen 17,3-9: Naqueles dias, Abr\u00e3o caiu de rosto por terra e Deus falou-lhe assim: \u201cEsta \u00e9 a minha alian\u00e7a contigo:Quinta feira V da Quaresma (10\/04\/2025)","og_url":"https:\/\/verbumdei.org\/porto\/2025\/04\/10\/quinta-feira-v-da-quaresma-10-04-2025\/","og_site_name":"Verbum Dei Norte","article_publisher":"https:\/\/www.facebook.com\/vdportoaveiro\/","article_published_time":"2025-04-10T05:00:49+00:00","og_image":[{"url":"http:\/\/verbumdei.org\/porto\/wp-content\/uploads\/2025\/04\/Qui-V-Quaresma-10-04-25-Inst-241x300.png","type":"","width":"","height":""}],"author":"Jos\u00e9 Figueiredo","twitter_card":"summary_large_image","twitter_misc":{"Escrito por":"Jos\u00e9 Figueiredo","Tempo estimado de leitura":"2 minutos"},"schema":{"@context":"https:\/\/schema.org","@graph":[{"@type":"Article","@id":"https:\/\/verbumdei.org\/porto\/2025\/04\/10\/quinta-feira-v-da-quaresma-10-04-2025\/#article","isPartOf":{"@id":"https:\/\/verbumdei.org\/porto\/2025\/04\/10\/quinta-feira-v-da-quaresma-10-04-2025\/"},"author":{"name":"Jos\u00e9 Figueiredo","@id":"https:\/\/verbumdei.org\/porto\/#\/schema\/person\/fd582e6e68322821b57359627af58974"},"headline":"Quinta feira V da Quaresma (10\/04\/2025)","datePublished":"2025-04-10T05:00:49+00:00","mainEntityOfPage":{"@id":"https:\/\/verbumdei.org\/porto\/2025\/04\/10\/quinta-feira-v-da-quaresma-10-04-2025\/"},"wordCount":229,"publisher":{"@id":"https:\/\/verbumdei.org\/porto\/#organization"},"image":{"@id":"https:\/\/verbumdei.org\/porto\/2025\/04\/10\/quinta-feira-v-da-quaresma-10-04-2025\/#primaryimage"},"thumbnailUrl":"http:\/\/verbumdei.org\/porto\/wp-content\/uploads\/2025\/04\/Qui-V-Quaresma-10-04-25-Inst-241x300.png","articleSection":["Avisos","Not\u00edcias","Pistas de Ora\u00e7\u00e3o"],"inLanguage":"pt-PT"},{"@type":"WebPage","@id":"https:\/\/verbumdei.org\/porto\/2025\/04\/10\/quinta-feira-v-da-quaresma-10-04-2025\/","url":"https:\/\/verbumdei.org\/porto\/2025\/04\/10\/quinta-feira-v-da-quaresma-10-04-2025\/","name":"Quinta feira V da Quaresma (10\/04\/2025) - Verbum Dei Norte","isPartOf":{"@id":"https:\/\/verbumdei.org\/porto\/#website"},"primaryImageOfPage":{"@id":"https:\/\/verbumdei.org\/porto\/2025\/04\/10\/quinta-feira-v-da-quaresma-10-04-2025\/#primaryimage"},"image":{"@id":"https:\/\/verbumdei.org\/porto\/2025\/04\/10\/quinta-feira-v-da-quaresma-10-04-2025\/#primaryimage"},"thumbnailUrl":"http:\/\/verbumdei.org\/porto\/wp-content\/uploads\/2025\/04\/Qui-V-Quaresma-10-04-25-Inst-241x300.png","datePublished":"2025-04-10T05:00:49+00:00","breadcrumb":{"@id":"https:\/\/verbumdei.org\/porto\/2025\/04\/10\/quinta-feira-v-da-quaresma-10-04-2025\/#breadcrumb"},"inLanguage":"pt-PT","potentialAction":[{"@type":"ReadAction","target":["https:\/\/verbumdei.org\/porto\/2025\/04\/10\/quinta-feira-v-da-quaresma-10-04-2025\/"]}]},{"@type":"ImageObject","inLanguage":"pt-PT","@id":"https:\/\/verbumdei.org\/porto\/2025\/04\/10\/quinta-feira-v-da-quaresma-10-04-2025\/#primaryimage","url":"http:\/\/verbumdei.org\/porto\/wp-content\/uploads\/2025\/04\/Qui-V-Quaresma-10-04-25-Inst-241x300.png","contentUrl":"http:\/\/verbumdei.org\/porto\/wp-content\/uploads\/2025\/04\/Qui-V-Quaresma-10-04-25-Inst-241x300.png"},{"@type":"BreadcrumbList","@id":"https:\/\/verbumdei.org\/porto\/2025\/04\/10\/quinta-feira-v-da-quaresma-10-04-2025\/#breadcrumb","itemListElement":[{"@type":"ListItem","position":1,"name":"In\u00edcio","item":"https:\/\/verbumdei.org\/porto\/"},{"@type":"ListItem","position":2,"name":"Quinta feira V da Quaresma (10\/04\/2025)"}]},{"@type":"WebSite","@id":"https:\/\/verbumdei.org\/porto\/#website","url":"https:\/\/verbumdei.org\/porto\/","name":"Verbum Dei Portugal Norte","description":"Mission\u00e1rios Verbum Dei no Porto e Aveiro: ora\u00e7\u00e3o, retiro espiritual, forma\u00e7\u00e3o crist\u00e3 e evangeliza\u00e7\u00e3o","publisher":{"@id":"https:\/\/verbumdei.org\/porto\/#organization"},"potentialAction":[{"@type":"SearchAction","target":{"@type":"EntryPoint","urlTemplate":"https:\/\/verbumdei.org\/porto\/?s={search_term_string}"},"query-input":{"@type":"PropertyValueSpecification","valueRequired":true,"valueName":"search_term_string"}}],"inLanguage":"pt-PT"},{"@type":"Organization","@id":"https:\/\/verbumdei.org\/porto\/#organization","name":"Verbum Dei Portugal Norte","url":"https:\/\/verbumdei.org\/porto\/","logo":{"@type":"ImageObject","inLanguage":"pt-PT","@id":"https:\/\/verbumdei.org\/porto\/#\/schema\/logo\/image\/","url":"https:\/\/verbumdei.org\/porto\/wp-content\/uploads\/2018\/07\/Logo2.jpg","contentUrl":"https:\/\/verbumdei.org\/porto\/wp-content\/uploads\/2018\/07\/Logo2.jpg","width":123,"height":120,"caption":"Verbum Dei Portugal Norte"},"image":{"@id":"https:\/\/verbumdei.org\/porto\/#\/schema\/logo\/image\/"},"sameAs":["https:\/\/www.facebook.com\/vdportoaveiro\/","https:\/\/instagram.com\/verbumdei.portugal.norte\/"]},{"@type":"Person","@id":"https:\/\/verbumdei.org\/porto\/#\/schema\/person\/fd582e6e68322821b57359627af58974","name":"Jos\u00e9 Figueiredo","url":"https:\/\/verbumdei.org\/porto\/author\/zecarlos\/"}]}},"jetpack_featured_media_url":"","jetpack_sharing_enabled":true,"_links":{"self":[{"href":"https:\/\/verbumdei.org\/porto\/wp-json\/wp\/v2\/posts\/9498","targetHints":{"allow":["GET"]}}],"collection":[{"href":"https:\/\/verbumdei.org\/porto\/wp-json\/wp\/v2\/posts"}],"about":[{"href":"https:\/\/verbumdei.org\/porto\/wp-json\/wp\/v2\/types\/post"}],"author":[{"embeddable":true,"href":"https:\/\/verbumdei.org\/porto\/wp-json\/wp\/v2\/users\/6"}],"replies":[{"embeddable":true,"href":"https:\/\/verbumdei.org\/porto\/wp-json\/wp\/v2\/comments?post=9498"}],"version-history":[{"count":1,"href":"https:\/\/verbumdei.org\/porto\/wp-json\/wp\/v2\/posts\/9498\/revisions"}],"predecessor-version":[{"id":9509,"href":"https:\/\/verbumdei.org\/porto\/wp-json\/wp\/v2\/posts\/9498\/revisions\/9509"}],"wp:attachment":[{"href":"https:\/\/verbumdei.org\/porto\/wp-json\/wp\/v2\/media?parent=9498"}],"wp:term":[{"taxonomy":"category","embeddable":true,"href":"https:\/\/verbumdei.org\/porto\/wp-json\/wp\/v2\/categories?post=9498"},{"taxonomy":"post_tag","embeddable":true,"href":"https:\/\/verbumdei.org\/porto\/wp-json\/wp\/v2\/tags?post=9498"}],"curies":[{"name":"wp","href":"https:\/\/api.w.org\/{rel}","templated":true}]}}