{"id":9495,"date":"2025-04-08T06:00:12","date_gmt":"2025-04-08T05:00:12","guid":{"rendered":"https:\/\/verbumdei.org\/porto\/?p=9495"},"modified":"2025-04-09T00:25:57","modified_gmt":"2025-04-08T23:25:57","slug":"terca-feira-v-da-quaresma-08-04-2025","status":"publish","type":"post","link":"https:\/\/verbumdei.org\/porto\/2025\/04\/08\/terca-feira-v-da-quaresma-08-04-2025\/","title":{"rendered":"Ter\u00e7a feira V da Quaresma (08\/04\/2025)"},"content":{"rendered":"<p><img fetchpriority=\"high\" decoding=\"async\" class=\"wp-image-9503 aligncenter\" src=\"http:\/\/verbumdei.org\/porto\/wp-content\/uploads\/2025\/04\/Ter-V-Quaresma-08-04-25-Inst-252x300.png\" alt=\"\" width=\"690\" height=\"821\" \/><\/p>\n<p><strong>Ter\u00e7a-feira V da Quaresma, 8 de abril de 2025<\/strong><\/p>\n<p>&nbsp;<\/p>\n<p><strong>Jo 8, 21-30:<\/strong><\/p>\n<p>[\u2026] \u00ab\u2026 Aquele que Me enviou \u00e9 verdadeiro e Eu comunico ao mundo o que Lhe ouvi\u00bb. Eles n\u00e3o compreenderam que lhes falava do Pai. Disse-lhes ent\u00e3o Jesus: \u00abQuando levantardes o Filho do homem, ent\u00e3o sabereis que Eu sou e que por Mim nada fa\u00e7o, mas falo como o Pai Me ensinou. Aquele que Me enviou est\u00e1 comigo: n\u00e3o Me deixou s\u00f3, porque Eu fa\u00e7o sempre o que \u00e9 do seu agrado\u00bb. Enquanto Jesus dizia estas palavras, muitos acreditaram nele.<\/p>\n<p>&nbsp;<\/p>\n<p><strong>Proposta:<\/strong><\/p>\n<p>Nem tudo o que me dizes \u00e9 f\u00e1cil de entender, Jesus. Por vezes, porque simplesmente n\u00e3o quero ver a verdade e ando ofuscado com os holofotes do mundo; outras vezes porque apesar de querer, n\u00e3o dou tempo nem espa\u00e7o para Te ouvir e meditar. Mas Tu \u00e9s a verdade e a luz que me guia, e \u00e9 a Ti que quero seguir! Quero conhecer o Pai atrav\u00e9s de Ti! Aumenta a minha f\u00e9 e ajuda-me a fazer sempre o que \u00e9 do agrado do Pai, sabendo que nunca estamos s\u00f3s, pois Aquele que Te enviou tamb\u00e9m est\u00e1 connosco.<\/p>\n","protected":false},"excerpt":{"rendered":"<p>Ter\u00e7a-feira V da Quaresma, 8 de abril de 2025 &nbsp; Jo 8, 21-30: [\u2026] \u00ab\u2026 Aquele que Me enviou \u00e9 verdadeiro e Eu comunico ao mundo o que Lhe ouvi\u00bb.<a href=\"https:\/\/verbumdei.org\/porto\/2025\/04\/08\/terca-feira-v-da-quaresma-08-04-2025\/\" rel=\"bookmark\"><span class=\"screen-reader-text\">Ter\u00e7a feira V da Quaresma (08\/04\/2025)<\/span><\/a><\/p>\n","protected":false},"author":6,"featured_media":0,"comment_status":"closed","ping_status":"closed","sticky":false,"template":"","format":"standard","meta":{"rop_custom_images_group":[],"rop_custom_messages_group":[],"rop_publish_now":"initial","rop_publish_now_accounts":[],"rop_publish_now_history":[],"rop_publish_now_status":"pending","neve_meta_sidebar":"","neve_meta_container":"","neve_meta_enable_content_width":"","neve_meta_content_width":0,"neve_meta_title_alignment":"","neve_meta_author_avatar":"","neve_post_elements_order":"","neve_meta_disable_header":"","neve_meta_disable_footer":"","neve_meta_disable_title":"","_themeisle_gutenberg_block_has_review":false,"_jetpack_memberships_contains_paid_content":false,"footnotes":""},"categories":[88,63,60],"tags":[],"class_list":["post-9495","post","type-post","status-publish","format-standard","hentry","category-avisos","category-noticias","category-pistas-de-oracao"],"yoast_head":"<!-- This site is optimized with the Yoast SEO plugin v27.5 - https:\/\/yoast.com\/product\/yoast-seo-wordpress\/ -->\n<title>Ter\u00e7a feira V da Quaresma (08\/04\/2025) - Verbum Dei Norte<\/title>\n<meta name=\"robots\" content=\"index, follow, max-snippet:-1, max-image-preview:large, max-video-preview:-1\" \/>\n<link rel=\"canonical\" href=\"https:\/\/verbumdei.org\/porto\/2025\/04\/08\/terca-feira-v-da-quaresma-08-04-2025\/\" \/>\n<meta property=\"og:locale\" content=\"pt_PT\" \/>\n<meta property=\"og:type\" content=\"article\" \/>\n<meta property=\"og:title\" content=\"Ter\u00e7a feira V da Quaresma (08\/04\/2025) - Verbum Dei Norte\" \/>\n<meta property=\"og:description\" content=\"Ter\u00e7a-feira V da Quaresma, 8 de abril de 2025 &nbsp; Jo 8, 21-30: [\u2026] \u00ab\u2026 Aquele que Me enviou \u00e9 verdadeiro e Eu comunico ao mundo o que Lhe ouvi\u00bb.Ter\u00e7a feira V da Quaresma (08\/04\/2025)\" \/>\n<meta property=\"og:url\" content=\"https:\/\/verbumdei.org\/porto\/2025\/04\/08\/terca-feira-v-da-quaresma-08-04-2025\/\" \/>\n<meta property=\"og:site_name\" content=\"Verbum Dei Norte\" \/>\n<meta property=\"article:publisher\" content=\"https:\/\/www.facebook.com\/vdportoaveiro\/\" \/>\n<meta property=\"article:published_time\" content=\"2025-04-08T05:00:12+00:00\" \/>\n<meta property=\"article:modified_time\" content=\"2025-04-08T23:25:57+00:00\" \/>\n<meta property=\"og:image\" content=\"http:\/\/verbumdei.org\/porto\/wp-content\/uploads\/2025\/04\/Ter-V-Quaresma-08-04-25-Inst-252x300.png\" \/>\n<meta name=\"author\" content=\"Jos\u00e9 Figueiredo\" \/>\n<meta name=\"twitter:card\" content=\"summary_large_image\" \/>\n<meta name=\"twitter:label1\" content=\"Escrito por\" \/>\n\t<meta name=\"twitter:data1\" content=\"Jos\u00e9 Figueiredo\" \/>\n\t<meta name=\"twitter:label2\" content=\"Tempo estimado de leitura\" \/>\n\t<meta name=\"twitter:data2\" content=\"2 minutos\" \/>\n<script type=\"application\/ld+json\" class=\"yoast-schema-graph\">{\"@context\":\"https:\\\/\\\/schema.org\",\"@graph\":[{\"@type\":\"Article\",\"@id\":\"https:\\\/\\\/verbumdei.org\\\/porto\\\/2025\\\/04\\\/08\\\/terca-feira-v-da-quaresma-08-04-2025\\\/#article\",\"isPartOf\":{\"@id\":\"https:\\\/\\\/verbumdei.org\\\/porto\\\/2025\\\/04\\\/08\\\/terca-feira-v-da-quaresma-08-04-2025\\\/\"},\"author\":{\"name\":\"Jos\u00e9 Figueiredo\",\"@id\":\"https:\\\/\\\/verbumdei.org\\\/porto\\\/#\\\/schema\\\/person\\\/fd582e6e68322821b57359627af58974\"},\"headline\":\"Ter\u00e7a feira V da Quaresma (08\\\/04\\\/2025)\",\"datePublished\":\"2025-04-08T05:00:12+00:00\",\"dateModified\":\"2025-04-08T23:25:57+00:00\",\"mainEntityOfPage\":{\"@id\":\"https:\\\/\\\/verbumdei.org\\\/porto\\\/2025\\\/04\\\/08\\\/terca-feira-v-da-quaresma-08-04-2025\\\/\"},\"wordCount\":203,\"publisher\":{\"@id\":\"https:\\\/\\\/verbumdei.org\\\/porto\\\/#organization\"},\"image\":{\"@id\":\"https:\\\/\\\/verbumdei.org\\\/porto\\\/2025\\\/04\\\/08\\\/terca-feira-v-da-quaresma-08-04-2025\\\/#primaryimage\"},\"thumbnailUrl\":\"http:\\\/\\\/verbumdei.org\\\/porto\\\/wp-content\\\/uploads\\\/2025\\\/04\\\/Ter-V-Quaresma-08-04-25-Inst-252x300.png\",\"articleSection\":[\"Avisos\",\"Not\u00edcias\",\"Pistas de Ora\u00e7\u00e3o\"],\"inLanguage\":\"pt-PT\"},{\"@type\":\"WebPage\",\"@id\":\"https:\\\/\\\/verbumdei.org\\\/porto\\\/2025\\\/04\\\/08\\\/terca-feira-v-da-quaresma-08-04-2025\\\/\",\"url\":\"https:\\\/\\\/verbumdei.org\\\/porto\\\/2025\\\/04\\\/08\\\/terca-feira-v-da-quaresma-08-04-2025\\\/\",\"name\":\"Ter\u00e7a feira V da Quaresma (08\\\/04\\\/2025) - Verbum Dei Norte\",\"isPartOf\":{\"@id\":\"https:\\\/\\\/verbumdei.org\\\/porto\\\/#website\"},\"primaryImageOfPage\":{\"@id\":\"https:\\\/\\\/verbumdei.org\\\/porto\\\/2025\\\/04\\\/08\\\/terca-feira-v-da-quaresma-08-04-2025\\\/#primaryimage\"},\"image\":{\"@id\":\"https:\\\/\\\/verbumdei.org\\\/porto\\\/2025\\\/04\\\/08\\\/terca-feira-v-da-quaresma-08-04-2025\\\/#primaryimage\"},\"thumbnailUrl\":\"http:\\\/\\\/verbumdei.org\\\/porto\\\/wp-content\\\/uploads\\\/2025\\\/04\\\/Ter-V-Quaresma-08-04-25-Inst-252x300.png\",\"datePublished\":\"2025-04-08T05:00:12+00:00\",\"dateModified\":\"2025-04-08T23:25:57+00:00\",\"breadcrumb\":{\"@id\":\"https:\\\/\\\/verbumdei.org\\\/porto\\\/2025\\\/04\\\/08\\\/terca-feira-v-da-quaresma-08-04-2025\\\/#breadcrumb\"},\"inLanguage\":\"pt-PT\",\"potentialAction\":[{\"@type\":\"ReadAction\",\"target\":[\"https:\\\/\\\/verbumdei.org\\\/porto\\\/2025\\\/04\\\/08\\\/terca-feira-v-da-quaresma-08-04-2025\\\/\"]}]},{\"@type\":\"ImageObject\",\"inLanguage\":\"pt-PT\",\"@id\":\"https:\\\/\\\/verbumdei.org\\\/porto\\\/2025\\\/04\\\/08\\\/terca-feira-v-da-quaresma-08-04-2025\\\/#primaryimage\",\"url\":\"http:\\\/\\\/verbumdei.org\\\/porto\\\/wp-content\\\/uploads\\\/2025\\\/04\\\/Ter-V-Quaresma-08-04-25-Inst-252x300.png\",\"contentUrl\":\"http:\\\/\\\/verbumdei.org\\\/porto\\\/wp-content\\\/uploads\\\/2025\\\/04\\\/Ter-V-Quaresma-08-04-25-Inst-252x300.png\"},{\"@type\":\"BreadcrumbList\",\"@id\":\"https:\\\/\\\/verbumdei.org\\\/porto\\\/2025\\\/04\\\/08\\\/terca-feira-v-da-quaresma-08-04-2025\\\/#breadcrumb\",\"itemListElement\":[{\"@type\":\"ListItem\",\"position\":1,\"name\":\"In\u00edcio\",\"item\":\"https:\\\/\\\/verbumdei.org\\\/porto\\\/\"},{\"@type\":\"ListItem\",\"position\":2,\"name\":\"Ter\u00e7a feira V da Quaresma (08\\\/04\\\/2025)\"}]},{\"@type\":\"WebSite\",\"@id\":\"https:\\\/\\\/verbumdei.org\\\/porto\\\/#website\",\"url\":\"https:\\\/\\\/verbumdei.org\\\/porto\\\/\",\"name\":\"Verbum Dei Portugal Norte\",\"description\":\"Mission\u00e1rios Verbum Dei no Porto e Aveiro: ora\u00e7\u00e3o, retiro espiritual, forma\u00e7\u00e3o crist\u00e3 e evangeliza\u00e7\u00e3o\",\"publisher\":{\"@id\":\"https:\\\/\\\/verbumdei.org\\\/porto\\\/#organization\"},\"potentialAction\":[{\"@type\":\"SearchAction\",\"target\":{\"@type\":\"EntryPoint\",\"urlTemplate\":\"https:\\\/\\\/verbumdei.org\\\/porto\\\/?s={search_term_string}\"},\"query-input\":{\"@type\":\"PropertyValueSpecification\",\"valueRequired\":true,\"valueName\":\"search_term_string\"}}],\"inLanguage\":\"pt-PT\"},{\"@type\":\"Organization\",\"@id\":\"https:\\\/\\\/verbumdei.org\\\/porto\\\/#organization\",\"name\":\"Verbum Dei Portugal Norte\",\"url\":\"https:\\\/\\\/verbumdei.org\\\/porto\\\/\",\"logo\":{\"@type\":\"ImageObject\",\"inLanguage\":\"pt-PT\",\"@id\":\"https:\\\/\\\/verbumdei.org\\\/porto\\\/#\\\/schema\\\/logo\\\/image\\\/\",\"url\":\"https:\\\/\\\/verbumdei.org\\\/porto\\\/wp-content\\\/uploads\\\/2018\\\/07\\\/Logo2.jpg\",\"contentUrl\":\"https:\\\/\\\/verbumdei.org\\\/porto\\\/wp-content\\\/uploads\\\/2018\\\/07\\\/Logo2.jpg\",\"width\":123,\"height\":120,\"caption\":\"Verbum Dei Portugal Norte\"},\"image\":{\"@id\":\"https:\\\/\\\/verbumdei.org\\\/porto\\\/#\\\/schema\\\/logo\\\/image\\\/\"},\"sameAs\":[\"https:\\\/\\\/www.facebook.com\\\/vdportoaveiro\\\/\",\"https:\\\/\\\/instagram.com\\\/verbumdei.portugal.norte\\\/\"]},{\"@type\":\"Person\",\"@id\":\"https:\\\/\\\/verbumdei.org\\\/porto\\\/#\\\/schema\\\/person\\\/fd582e6e68322821b57359627af58974\",\"name\":\"Jos\u00e9 Figueiredo\",\"url\":\"https:\\\/\\\/verbumdei.org\\\/porto\\\/author\\\/zecarlos\\\/\"}]}<\/script>\n<!-- \/ Yoast SEO plugin. -->","yoast_head_json":{"title":"Ter\u00e7a feira V da Quaresma (08\/04\/2025) - Verbum Dei Norte","robots":{"index":"index","follow":"follow","max-snippet":"max-snippet:-1","max-image-preview":"max-image-preview:large","max-video-preview":"max-video-preview:-1"},"canonical":"https:\/\/verbumdei.org\/porto\/2025\/04\/08\/terca-feira-v-da-quaresma-08-04-2025\/","og_locale":"pt_PT","og_type":"article","og_title":"Ter\u00e7a feira V da Quaresma (08\/04\/2025) - Verbum Dei Norte","og_description":"Ter\u00e7a-feira V da Quaresma, 8 de abril de 2025 &nbsp; Jo 8, 21-30: [\u2026] \u00ab\u2026 Aquele que Me enviou \u00e9 verdadeiro e Eu comunico ao mundo o que Lhe ouvi\u00bb.Ter\u00e7a feira V da Quaresma (08\/04\/2025)","og_url":"https:\/\/verbumdei.org\/porto\/2025\/04\/08\/terca-feira-v-da-quaresma-08-04-2025\/","og_site_name":"Verbum Dei Norte","article_publisher":"https:\/\/www.facebook.com\/vdportoaveiro\/","article_published_time":"2025-04-08T05:00:12+00:00","article_modified_time":"2025-04-08T23:25:57+00:00","og_image":[{"url":"http:\/\/verbumdei.org\/porto\/wp-content\/uploads\/2025\/04\/Ter-V-Quaresma-08-04-25-Inst-252x300.png","type":"","width":"","height":""}],"author":"Jos\u00e9 Figueiredo","twitter_card":"summary_large_image","twitter_misc":{"Escrito por":"Jos\u00e9 Figueiredo","Tempo estimado de leitura":"2 minutos"},"schema":{"@context":"https:\/\/schema.org","@graph":[{"@type":"Article","@id":"https:\/\/verbumdei.org\/porto\/2025\/04\/08\/terca-feira-v-da-quaresma-08-04-2025\/#article","isPartOf":{"@id":"https:\/\/verbumdei.org\/porto\/2025\/04\/08\/terca-feira-v-da-quaresma-08-04-2025\/"},"author":{"name":"Jos\u00e9 Figueiredo","@id":"https:\/\/verbumdei.org\/porto\/#\/schema\/person\/fd582e6e68322821b57359627af58974"},"headline":"Ter\u00e7a feira V da Quaresma (08\/04\/2025)","datePublished":"2025-04-08T05:00:12+00:00","dateModified":"2025-04-08T23:25:57+00:00","mainEntityOfPage":{"@id":"https:\/\/verbumdei.org\/porto\/2025\/04\/08\/terca-feira-v-da-quaresma-08-04-2025\/"},"wordCount":203,"publisher":{"@id":"https:\/\/verbumdei.org\/porto\/#organization"},"image":{"@id":"https:\/\/verbumdei.org\/porto\/2025\/04\/08\/terca-feira-v-da-quaresma-08-04-2025\/#primaryimage"},"thumbnailUrl":"http:\/\/verbumdei.org\/porto\/wp-content\/uploads\/2025\/04\/Ter-V-Quaresma-08-04-25-Inst-252x300.png","articleSection":["Avisos","Not\u00edcias","Pistas de Ora\u00e7\u00e3o"],"inLanguage":"pt-PT"},{"@type":"WebPage","@id":"https:\/\/verbumdei.org\/porto\/2025\/04\/08\/terca-feira-v-da-quaresma-08-04-2025\/","url":"https:\/\/verbumdei.org\/porto\/2025\/04\/08\/terca-feira-v-da-quaresma-08-04-2025\/","name":"Ter\u00e7a feira V da Quaresma (08\/04\/2025) - Verbum Dei Norte","isPartOf":{"@id":"https:\/\/verbumdei.org\/porto\/#website"},"primaryImageOfPage":{"@id":"https:\/\/verbumdei.org\/porto\/2025\/04\/08\/terca-feira-v-da-quaresma-08-04-2025\/#primaryimage"},"image":{"@id":"https:\/\/verbumdei.org\/porto\/2025\/04\/08\/terca-feira-v-da-quaresma-08-04-2025\/#primaryimage"},"thumbnailUrl":"http:\/\/verbumdei.org\/porto\/wp-content\/uploads\/2025\/04\/Ter-V-Quaresma-08-04-25-Inst-252x300.png","datePublished":"2025-04-08T05:00:12+00:00","dateModified":"2025-04-08T23:25:57+00:00","breadcrumb":{"@id":"https:\/\/verbumdei.org\/porto\/2025\/04\/08\/terca-feira-v-da-quaresma-08-04-2025\/#breadcrumb"},"inLanguage":"pt-PT","potentialAction":[{"@type":"ReadAction","target":["https:\/\/verbumdei.org\/porto\/2025\/04\/08\/terca-feira-v-da-quaresma-08-04-2025\/"]}]},{"@type":"ImageObject","inLanguage":"pt-PT","@id":"https:\/\/verbumdei.org\/porto\/2025\/04\/08\/terca-feira-v-da-quaresma-08-04-2025\/#primaryimage","url":"http:\/\/verbumdei.org\/porto\/wp-content\/uploads\/2025\/04\/Ter-V-Quaresma-08-04-25-Inst-252x300.png","contentUrl":"http:\/\/verbumdei.org\/porto\/wp-content\/uploads\/2025\/04\/Ter-V-Quaresma-08-04-25-Inst-252x300.png"},{"@type":"BreadcrumbList","@id":"https:\/\/verbumdei.org\/porto\/2025\/04\/08\/terca-feira-v-da-quaresma-08-04-2025\/#breadcrumb","itemListElement":[{"@type":"ListItem","position":1,"name":"In\u00edcio","item":"https:\/\/verbumdei.org\/porto\/"},{"@type":"ListItem","position":2,"name":"Ter\u00e7a feira V da Quaresma (08\/04\/2025)"}]},{"@type":"WebSite","@id":"https:\/\/verbumdei.org\/porto\/#website","url":"https:\/\/verbumdei.org\/porto\/","name":"Verbum Dei Portugal Norte","description":"Mission\u00e1rios Verbum Dei no Porto e Aveiro: ora\u00e7\u00e3o, retiro espiritual, forma\u00e7\u00e3o crist\u00e3 e evangeliza\u00e7\u00e3o","publisher":{"@id":"https:\/\/verbumdei.org\/porto\/#organization"},"potentialAction":[{"@type":"SearchAction","target":{"@type":"EntryPoint","urlTemplate":"https:\/\/verbumdei.org\/porto\/?s={search_term_string}"},"query-input":{"@type":"PropertyValueSpecification","valueRequired":true,"valueName":"search_term_string"}}],"inLanguage":"pt-PT"},{"@type":"Organization","@id":"https:\/\/verbumdei.org\/porto\/#organization","name":"Verbum Dei Portugal Norte","url":"https:\/\/verbumdei.org\/porto\/","logo":{"@type":"ImageObject","inLanguage":"pt-PT","@id":"https:\/\/verbumdei.org\/porto\/#\/schema\/logo\/image\/","url":"https:\/\/verbumdei.org\/porto\/wp-content\/uploads\/2018\/07\/Logo2.jpg","contentUrl":"https:\/\/verbumdei.org\/porto\/wp-content\/uploads\/2018\/07\/Logo2.jpg","width":123,"height":120,"caption":"Verbum Dei Portugal Norte"},"image":{"@id":"https:\/\/verbumdei.org\/porto\/#\/schema\/logo\/image\/"},"sameAs":["https:\/\/www.facebook.com\/vdportoaveiro\/","https:\/\/instagram.com\/verbumdei.portugal.norte\/"]},{"@type":"Person","@id":"https:\/\/verbumdei.org\/porto\/#\/schema\/person\/fd582e6e68322821b57359627af58974","name":"Jos\u00e9 Figueiredo","url":"https:\/\/verbumdei.org\/porto\/author\/zecarlos\/"}]}},"jetpack_featured_media_url":"","jetpack_sharing_enabled":true,"_links":{"self":[{"href":"https:\/\/verbumdei.org\/porto\/wp-json\/wp\/v2\/posts\/9495","targetHints":{"allow":["GET"]}}],"collection":[{"href":"https:\/\/verbumdei.org\/porto\/wp-json\/wp\/v2\/posts"}],"about":[{"href":"https:\/\/verbumdei.org\/porto\/wp-json\/wp\/v2\/types\/post"}],"author":[{"embeddable":true,"href":"https:\/\/verbumdei.org\/porto\/wp-json\/wp\/v2\/users\/6"}],"replies":[{"embeddable":true,"href":"https:\/\/verbumdei.org\/porto\/wp-json\/wp\/v2\/comments?post=9495"}],"version-history":[{"count":1,"href":"https:\/\/verbumdei.org\/porto\/wp-json\/wp\/v2\/posts\/9495\/revisions"}],"predecessor-version":[{"id":9504,"href":"https:\/\/verbumdei.org\/porto\/wp-json\/wp\/v2\/posts\/9495\/revisions\/9504"}],"wp:attachment":[{"href":"https:\/\/verbumdei.org\/porto\/wp-json\/wp\/v2\/media?parent=9495"}],"wp:term":[{"taxonomy":"category","embeddable":true,"href":"https:\/\/verbumdei.org\/porto\/wp-json\/wp\/v2\/categories?post=9495"},{"taxonomy":"post_tag","embeddable":true,"href":"https:\/\/verbumdei.org\/porto\/wp-json\/wp\/v2\/tags?post=9495"}],"curies":[{"name":"wp","href":"https:\/\/api.w.org\/{rel}","templated":true}]}}