{"id":9485,"date":"2025-04-05T06:00:33","date_gmt":"2025-04-05T05:00:33","guid":{"rendered":"https:\/\/verbumdei.org\/porto\/?p=9485"},"modified":"2025-04-02T23:20:42","modified_gmt":"2025-04-02T22:20:42","slug":"sabado-iv-da-quaresma-05-04-2025","status":"publish","type":"post","link":"https:\/\/verbumdei.org\/porto\/2025\/04\/05\/sabado-iv-da-quaresma-05-04-2025\/","title":{"rendered":"S\u00e1bado IV da Quaresma (05\/04\/2025)"},"content":{"rendered":"<p><img fetchpriority=\"high\" decoding=\"async\" class=\"wp-image-9486 aligncenter\" src=\"http:\/\/verbumdei.org\/porto\/wp-content\/uploads\/2025\/04\/Sab-IV-Quaresma-05-04-25-Inst-239x300.png\" alt=\"\" width=\"723\" height=\"908\" srcset=\"https:\/\/verbumdei.org\/porto\/wp-content\/uploads\/2025\/04\/Sab-IV-Quaresma-05-04-25-Inst-239x300.png 239w, https:\/\/verbumdei.org\/porto\/wp-content\/uploads\/2025\/04\/Sab-IV-Quaresma-05-04-25-Inst-580x727.png 580w\" sizes=\"(max-width: 723px) 100vw, 723px\" \/><\/p>\n<p><strong>S\u00e1bado IV da Quaresma, 05 de abril de 2025<\/strong><\/p>\n<p><strong>\u00a0<\/strong><\/p>\n<p><strong>Jo\u00e3o 7,40-53<\/strong><\/p>\n<p><sup>45<\/sup>Os guardas foram, ent\u00e3o, ter com os chefes dos sacerdotes e com os fariseus, e estes disseram-lhes: \u00abPor que raz\u00e3o n\u00e3o o trouxestes?\u00bb. <sup>46<\/sup>Os guardas responderam: \u00abJamais homem algum falou assim!\u00bb. <sup>47<\/sup>Os fariseus replicaram: \u00abSer\u00e1 que tamb\u00e9m v\u00f3s fostes enganados? <sup>48<\/sup>Porventura algum dos chefes, ou dos fariseus, acreditou nele? <sup>49<\/sup>Mas esta multid\u00e3o, que n\u00e3o conhece a Lei, \u00e9 gente maldita!\u00bb. <sup>50<\/sup>Disse-lhes Nicodemos, aquele que anteriormente fora ter com Jesus e que era um deles: <sup>51<\/sup>\u00abAcaso a nossa Lei julga um homem sem antes o ter ouvido e sabido o que faz?\u00bb. <sup>52<\/sup>Responderam-lhe: \u00abSer\u00e1 que tamb\u00e9m tu \u00e9s da Galileia? Investiga e ver\u00e1s que da Galileia n\u00e3o surgir\u00e1 nenhum profeta\u00bb.<\/p>\n<p><strong>\u00a0<\/strong><\/p>\n<p><strong>Proposta<\/strong><\/p>\n<p>Vamo-nos aproximando do final da caminhada quaresmal. Nos evangelhos, a tens\u00e3o com os que condenar\u00e3o Jesus cresce. Jesus, s\u00f3 fizeste o bem a todos, s\u00f3 falaste a verdade e o Amor do Pai por todos; at\u00e9 os guardas que Te iam prender, n\u00e3o foram capazes. Escutaram-Te e souberam que eras mais do que inocente! Eras bom, muito bom; o melhor: \u00abJamais homem algum falou assim!\u00bb (v.46). N\u00f3s n\u00e3o somos nem t\u00e3o bons, nem t\u00e3o inocentes; mas tu vens com todos e cada um de n\u00f3s, est\u00e1s com cada um de n\u00f3s, e contas connosco para continuares a falar, a iluminar com a verdade e o Amor do Pai tantos que est\u00e3o resignados e desanimados na sombra, ou mesmo escurid\u00e3o que o mal provoca \u00e0 nossa volta. Aumenta a nossa f\u00e9 em Ti, para seguir-Te no caminho de vencer o mal com a for\u00e7a do bem, do Amor, no caminho que te levou \u00e0 P\u00e1scoa.<\/p>\n","protected":false},"excerpt":{"rendered":"<p>S\u00e1bado IV da Quaresma, 05 de abril de 2025 \u00a0 Jo\u00e3o 7,40-53 45Os guardas foram, ent\u00e3o, ter com os chefes dos sacerdotes e com os fariseus, e estes disseram-lhes: \u00abPor<a href=\"https:\/\/verbumdei.org\/porto\/2025\/04\/05\/sabado-iv-da-quaresma-05-04-2025\/\" rel=\"bookmark\"><span class=\"screen-reader-text\">S\u00e1bado IV da Quaresma (05\/04\/2025)<\/span><\/a><\/p>\n","protected":false},"author":6,"featured_media":0,"comment_status":"closed","ping_status":"closed","sticky":false,"template":"","format":"standard","meta":{"rop_custom_images_group":[],"rop_custom_messages_group":[],"rop_publish_now":"initial","rop_publish_now_accounts":[],"rop_publish_now_history":[],"rop_publish_now_status":"pending","neve_meta_sidebar":"","neve_meta_container":"","neve_meta_enable_content_width":"","neve_meta_content_width":0,"neve_meta_title_alignment":"","neve_meta_author_avatar":"","neve_post_elements_order":"","neve_meta_disable_header":"","neve_meta_disable_footer":"","neve_meta_disable_title":"","_themeisle_gutenberg_block_has_review":false,"_jetpack_memberships_contains_paid_content":false,"footnotes":""},"categories":[88,63,60],"tags":[],"class_list":["post-9485","post","type-post","status-publish","format-standard","hentry","category-avisos","category-noticias","category-pistas-de-oracao"],"yoast_head":"<!-- This site is optimized with the Yoast SEO plugin v27.5 - https:\/\/yoast.com\/product\/yoast-seo-wordpress\/ -->\n<title>S\u00e1bado IV da Quaresma (05\/04\/2025) - Verbum Dei Norte<\/title>\n<meta name=\"robots\" content=\"index, follow, max-snippet:-1, max-image-preview:large, max-video-preview:-1\" \/>\n<link rel=\"canonical\" href=\"https:\/\/verbumdei.org\/porto\/2025\/04\/05\/sabado-iv-da-quaresma-05-04-2025\/\" \/>\n<meta property=\"og:locale\" content=\"pt_PT\" \/>\n<meta property=\"og:type\" content=\"article\" \/>\n<meta property=\"og:title\" content=\"S\u00e1bado IV da Quaresma (05\/04\/2025) - Verbum Dei Norte\" \/>\n<meta property=\"og:description\" content=\"S\u00e1bado IV da Quaresma, 05 de abril de 2025 \u00a0 Jo\u00e3o 7,40-53 45Os guardas foram, ent\u00e3o, ter com os chefes dos sacerdotes e com os fariseus, e estes disseram-lhes: \u00abPorS\u00e1bado IV da Quaresma (05\/04\/2025)\" \/>\n<meta property=\"og:url\" content=\"https:\/\/verbumdei.org\/porto\/2025\/04\/05\/sabado-iv-da-quaresma-05-04-2025\/\" \/>\n<meta property=\"og:site_name\" content=\"Verbum Dei Norte\" \/>\n<meta property=\"article:publisher\" content=\"https:\/\/www.facebook.com\/vdportoaveiro\/\" \/>\n<meta property=\"article:published_time\" content=\"2025-04-05T05:00:33+00:00\" \/>\n<meta property=\"og:image\" content=\"http:\/\/verbumdei.org\/porto\/wp-content\/uploads\/2025\/04\/Sab-IV-Quaresma-05-04-25-Inst-239x300.png\" \/>\n<meta name=\"author\" content=\"Jos\u00e9 Figueiredo\" \/>\n<meta name=\"twitter:card\" content=\"summary_large_image\" \/>\n<meta name=\"twitter:label1\" content=\"Escrito por\" \/>\n\t<meta name=\"twitter:data1\" content=\"Jos\u00e9 Figueiredo\" \/>\n\t<meta name=\"twitter:label2\" content=\"Tempo estimado de leitura\" \/>\n\t<meta name=\"twitter:data2\" content=\"2 minutos\" \/>\n<script type=\"application\/ld+json\" class=\"yoast-schema-graph\">{\"@context\":\"https:\\\/\\\/schema.org\",\"@graph\":[{\"@type\":\"Article\",\"@id\":\"https:\\\/\\\/verbumdei.org\\\/porto\\\/2025\\\/04\\\/05\\\/sabado-iv-da-quaresma-05-04-2025\\\/#article\",\"isPartOf\":{\"@id\":\"https:\\\/\\\/verbumdei.org\\\/porto\\\/2025\\\/04\\\/05\\\/sabado-iv-da-quaresma-05-04-2025\\\/\"},\"author\":{\"name\":\"Jos\u00e9 Figueiredo\",\"@id\":\"https:\\\/\\\/verbumdei.org\\\/porto\\\/#\\\/schema\\\/person\\\/fd582e6e68322821b57359627af58974\"},\"headline\":\"S\u00e1bado IV da Quaresma (05\\\/04\\\/2025)\",\"datePublished\":\"2025-04-05T05:00:33+00:00\",\"mainEntityOfPage\":{\"@id\":\"https:\\\/\\\/verbumdei.org\\\/porto\\\/2025\\\/04\\\/05\\\/sabado-iv-da-quaresma-05-04-2025\\\/\"},\"wordCount\":301,\"publisher\":{\"@id\":\"https:\\\/\\\/verbumdei.org\\\/porto\\\/#organization\"},\"image\":{\"@id\":\"https:\\\/\\\/verbumdei.org\\\/porto\\\/2025\\\/04\\\/05\\\/sabado-iv-da-quaresma-05-04-2025\\\/#primaryimage\"},\"thumbnailUrl\":\"http:\\\/\\\/verbumdei.org\\\/porto\\\/wp-content\\\/uploads\\\/2025\\\/04\\\/Sab-IV-Quaresma-05-04-25-Inst-239x300.png\",\"articleSection\":[\"Avisos\",\"Not\u00edcias\",\"Pistas de Ora\u00e7\u00e3o\"],\"inLanguage\":\"pt-PT\"},{\"@type\":\"WebPage\",\"@id\":\"https:\\\/\\\/verbumdei.org\\\/porto\\\/2025\\\/04\\\/05\\\/sabado-iv-da-quaresma-05-04-2025\\\/\",\"url\":\"https:\\\/\\\/verbumdei.org\\\/porto\\\/2025\\\/04\\\/05\\\/sabado-iv-da-quaresma-05-04-2025\\\/\",\"name\":\"S\u00e1bado IV da Quaresma (05\\\/04\\\/2025) - Verbum Dei Norte\",\"isPartOf\":{\"@id\":\"https:\\\/\\\/verbumdei.org\\\/porto\\\/#website\"},\"primaryImageOfPage\":{\"@id\":\"https:\\\/\\\/verbumdei.org\\\/porto\\\/2025\\\/04\\\/05\\\/sabado-iv-da-quaresma-05-04-2025\\\/#primaryimage\"},\"image\":{\"@id\":\"https:\\\/\\\/verbumdei.org\\\/porto\\\/2025\\\/04\\\/05\\\/sabado-iv-da-quaresma-05-04-2025\\\/#primaryimage\"},\"thumbnailUrl\":\"http:\\\/\\\/verbumdei.org\\\/porto\\\/wp-content\\\/uploads\\\/2025\\\/04\\\/Sab-IV-Quaresma-05-04-25-Inst-239x300.png\",\"datePublished\":\"2025-04-05T05:00:33+00:00\",\"breadcrumb\":{\"@id\":\"https:\\\/\\\/verbumdei.org\\\/porto\\\/2025\\\/04\\\/05\\\/sabado-iv-da-quaresma-05-04-2025\\\/#breadcrumb\"},\"inLanguage\":\"pt-PT\",\"potentialAction\":[{\"@type\":\"ReadAction\",\"target\":[\"https:\\\/\\\/verbumdei.org\\\/porto\\\/2025\\\/04\\\/05\\\/sabado-iv-da-quaresma-05-04-2025\\\/\"]}]},{\"@type\":\"ImageObject\",\"inLanguage\":\"pt-PT\",\"@id\":\"https:\\\/\\\/verbumdei.org\\\/porto\\\/2025\\\/04\\\/05\\\/sabado-iv-da-quaresma-05-04-2025\\\/#primaryimage\",\"url\":\"http:\\\/\\\/verbumdei.org\\\/porto\\\/wp-content\\\/uploads\\\/2025\\\/04\\\/Sab-IV-Quaresma-05-04-25-Inst-239x300.png\",\"contentUrl\":\"http:\\\/\\\/verbumdei.org\\\/porto\\\/wp-content\\\/uploads\\\/2025\\\/04\\\/Sab-IV-Quaresma-05-04-25-Inst-239x300.png\"},{\"@type\":\"BreadcrumbList\",\"@id\":\"https:\\\/\\\/verbumdei.org\\\/porto\\\/2025\\\/04\\\/05\\\/sabado-iv-da-quaresma-05-04-2025\\\/#breadcrumb\",\"itemListElement\":[{\"@type\":\"ListItem\",\"position\":1,\"name\":\"In\u00edcio\",\"item\":\"https:\\\/\\\/verbumdei.org\\\/porto\\\/\"},{\"@type\":\"ListItem\",\"position\":2,\"name\":\"S\u00e1bado IV da Quaresma (05\\\/04\\\/2025)\"}]},{\"@type\":\"WebSite\",\"@id\":\"https:\\\/\\\/verbumdei.org\\\/porto\\\/#website\",\"url\":\"https:\\\/\\\/verbumdei.org\\\/porto\\\/\",\"name\":\"Verbum Dei Portugal Norte\",\"description\":\"Mission\u00e1rios Verbum Dei no Porto e Aveiro: ora\u00e7\u00e3o, retiro espiritual, forma\u00e7\u00e3o crist\u00e3 e evangeliza\u00e7\u00e3o\",\"publisher\":{\"@id\":\"https:\\\/\\\/verbumdei.org\\\/porto\\\/#organization\"},\"potentialAction\":[{\"@type\":\"SearchAction\",\"target\":{\"@type\":\"EntryPoint\",\"urlTemplate\":\"https:\\\/\\\/verbumdei.org\\\/porto\\\/?s={search_term_string}\"},\"query-input\":{\"@type\":\"PropertyValueSpecification\",\"valueRequired\":true,\"valueName\":\"search_term_string\"}}],\"inLanguage\":\"pt-PT\"},{\"@type\":\"Organization\",\"@id\":\"https:\\\/\\\/verbumdei.org\\\/porto\\\/#organization\",\"name\":\"Verbum Dei Portugal Norte\",\"url\":\"https:\\\/\\\/verbumdei.org\\\/porto\\\/\",\"logo\":{\"@type\":\"ImageObject\",\"inLanguage\":\"pt-PT\",\"@id\":\"https:\\\/\\\/verbumdei.org\\\/porto\\\/#\\\/schema\\\/logo\\\/image\\\/\",\"url\":\"https:\\\/\\\/verbumdei.org\\\/porto\\\/wp-content\\\/uploads\\\/2018\\\/07\\\/Logo2.jpg\",\"contentUrl\":\"https:\\\/\\\/verbumdei.org\\\/porto\\\/wp-content\\\/uploads\\\/2018\\\/07\\\/Logo2.jpg\",\"width\":123,\"height\":120,\"caption\":\"Verbum Dei Portugal Norte\"},\"image\":{\"@id\":\"https:\\\/\\\/verbumdei.org\\\/porto\\\/#\\\/schema\\\/logo\\\/image\\\/\"},\"sameAs\":[\"https:\\\/\\\/www.facebook.com\\\/vdportoaveiro\\\/\",\"https:\\\/\\\/instagram.com\\\/verbumdei.portugal.norte\\\/\"]},{\"@type\":\"Person\",\"@id\":\"https:\\\/\\\/verbumdei.org\\\/porto\\\/#\\\/schema\\\/person\\\/fd582e6e68322821b57359627af58974\",\"name\":\"Jos\u00e9 Figueiredo\",\"url\":\"https:\\\/\\\/verbumdei.org\\\/porto\\\/author\\\/zecarlos\\\/\"}]}<\/script>\n<!-- \/ Yoast SEO plugin. -->","yoast_head_json":{"title":"S\u00e1bado IV da Quaresma (05\/04\/2025) - Verbum Dei Norte","robots":{"index":"index","follow":"follow","max-snippet":"max-snippet:-1","max-image-preview":"max-image-preview:large","max-video-preview":"max-video-preview:-1"},"canonical":"https:\/\/verbumdei.org\/porto\/2025\/04\/05\/sabado-iv-da-quaresma-05-04-2025\/","og_locale":"pt_PT","og_type":"article","og_title":"S\u00e1bado IV da Quaresma (05\/04\/2025) - Verbum Dei Norte","og_description":"S\u00e1bado IV da Quaresma, 05 de abril de 2025 \u00a0 Jo\u00e3o 7,40-53 45Os guardas foram, ent\u00e3o, ter com os chefes dos sacerdotes e com os fariseus, e estes disseram-lhes: \u00abPorS\u00e1bado IV da Quaresma (05\/04\/2025)","og_url":"https:\/\/verbumdei.org\/porto\/2025\/04\/05\/sabado-iv-da-quaresma-05-04-2025\/","og_site_name":"Verbum Dei Norte","article_publisher":"https:\/\/www.facebook.com\/vdportoaveiro\/","article_published_time":"2025-04-05T05:00:33+00:00","og_image":[{"url":"http:\/\/verbumdei.org\/porto\/wp-content\/uploads\/2025\/04\/Sab-IV-Quaresma-05-04-25-Inst-239x300.png","type":"","width":"","height":""}],"author":"Jos\u00e9 Figueiredo","twitter_card":"summary_large_image","twitter_misc":{"Escrito por":"Jos\u00e9 Figueiredo","Tempo estimado de leitura":"2 minutos"},"schema":{"@context":"https:\/\/schema.org","@graph":[{"@type":"Article","@id":"https:\/\/verbumdei.org\/porto\/2025\/04\/05\/sabado-iv-da-quaresma-05-04-2025\/#article","isPartOf":{"@id":"https:\/\/verbumdei.org\/porto\/2025\/04\/05\/sabado-iv-da-quaresma-05-04-2025\/"},"author":{"name":"Jos\u00e9 Figueiredo","@id":"https:\/\/verbumdei.org\/porto\/#\/schema\/person\/fd582e6e68322821b57359627af58974"},"headline":"S\u00e1bado IV da Quaresma (05\/04\/2025)","datePublished":"2025-04-05T05:00:33+00:00","mainEntityOfPage":{"@id":"https:\/\/verbumdei.org\/porto\/2025\/04\/05\/sabado-iv-da-quaresma-05-04-2025\/"},"wordCount":301,"publisher":{"@id":"https:\/\/verbumdei.org\/porto\/#organization"},"image":{"@id":"https:\/\/verbumdei.org\/porto\/2025\/04\/05\/sabado-iv-da-quaresma-05-04-2025\/#primaryimage"},"thumbnailUrl":"http:\/\/verbumdei.org\/porto\/wp-content\/uploads\/2025\/04\/Sab-IV-Quaresma-05-04-25-Inst-239x300.png","articleSection":["Avisos","Not\u00edcias","Pistas de Ora\u00e7\u00e3o"],"inLanguage":"pt-PT"},{"@type":"WebPage","@id":"https:\/\/verbumdei.org\/porto\/2025\/04\/05\/sabado-iv-da-quaresma-05-04-2025\/","url":"https:\/\/verbumdei.org\/porto\/2025\/04\/05\/sabado-iv-da-quaresma-05-04-2025\/","name":"S\u00e1bado IV da Quaresma (05\/04\/2025) - Verbum Dei Norte","isPartOf":{"@id":"https:\/\/verbumdei.org\/porto\/#website"},"primaryImageOfPage":{"@id":"https:\/\/verbumdei.org\/porto\/2025\/04\/05\/sabado-iv-da-quaresma-05-04-2025\/#primaryimage"},"image":{"@id":"https:\/\/verbumdei.org\/porto\/2025\/04\/05\/sabado-iv-da-quaresma-05-04-2025\/#primaryimage"},"thumbnailUrl":"http:\/\/verbumdei.org\/porto\/wp-content\/uploads\/2025\/04\/Sab-IV-Quaresma-05-04-25-Inst-239x300.png","datePublished":"2025-04-05T05:00:33+00:00","breadcrumb":{"@id":"https:\/\/verbumdei.org\/porto\/2025\/04\/05\/sabado-iv-da-quaresma-05-04-2025\/#breadcrumb"},"inLanguage":"pt-PT","potentialAction":[{"@type":"ReadAction","target":["https:\/\/verbumdei.org\/porto\/2025\/04\/05\/sabado-iv-da-quaresma-05-04-2025\/"]}]},{"@type":"ImageObject","inLanguage":"pt-PT","@id":"https:\/\/verbumdei.org\/porto\/2025\/04\/05\/sabado-iv-da-quaresma-05-04-2025\/#primaryimage","url":"http:\/\/verbumdei.org\/porto\/wp-content\/uploads\/2025\/04\/Sab-IV-Quaresma-05-04-25-Inst-239x300.png","contentUrl":"http:\/\/verbumdei.org\/porto\/wp-content\/uploads\/2025\/04\/Sab-IV-Quaresma-05-04-25-Inst-239x300.png"},{"@type":"BreadcrumbList","@id":"https:\/\/verbumdei.org\/porto\/2025\/04\/05\/sabado-iv-da-quaresma-05-04-2025\/#breadcrumb","itemListElement":[{"@type":"ListItem","position":1,"name":"In\u00edcio","item":"https:\/\/verbumdei.org\/porto\/"},{"@type":"ListItem","position":2,"name":"S\u00e1bado IV da Quaresma (05\/04\/2025)"}]},{"@type":"WebSite","@id":"https:\/\/verbumdei.org\/porto\/#website","url":"https:\/\/verbumdei.org\/porto\/","name":"Verbum Dei Portugal Norte","description":"Mission\u00e1rios Verbum Dei no Porto e Aveiro: ora\u00e7\u00e3o, retiro espiritual, forma\u00e7\u00e3o crist\u00e3 e evangeliza\u00e7\u00e3o","publisher":{"@id":"https:\/\/verbumdei.org\/porto\/#organization"},"potentialAction":[{"@type":"SearchAction","target":{"@type":"EntryPoint","urlTemplate":"https:\/\/verbumdei.org\/porto\/?s={search_term_string}"},"query-input":{"@type":"PropertyValueSpecification","valueRequired":true,"valueName":"search_term_string"}}],"inLanguage":"pt-PT"},{"@type":"Organization","@id":"https:\/\/verbumdei.org\/porto\/#organization","name":"Verbum Dei Portugal Norte","url":"https:\/\/verbumdei.org\/porto\/","logo":{"@type":"ImageObject","inLanguage":"pt-PT","@id":"https:\/\/verbumdei.org\/porto\/#\/schema\/logo\/image\/","url":"https:\/\/verbumdei.org\/porto\/wp-content\/uploads\/2018\/07\/Logo2.jpg","contentUrl":"https:\/\/verbumdei.org\/porto\/wp-content\/uploads\/2018\/07\/Logo2.jpg","width":123,"height":120,"caption":"Verbum Dei Portugal Norte"},"image":{"@id":"https:\/\/verbumdei.org\/porto\/#\/schema\/logo\/image\/"},"sameAs":["https:\/\/www.facebook.com\/vdportoaveiro\/","https:\/\/instagram.com\/verbumdei.portugal.norte\/"]},{"@type":"Person","@id":"https:\/\/verbumdei.org\/porto\/#\/schema\/person\/fd582e6e68322821b57359627af58974","name":"Jos\u00e9 Figueiredo","url":"https:\/\/verbumdei.org\/porto\/author\/zecarlos\/"}]}},"jetpack_featured_media_url":"","jetpack_sharing_enabled":true,"_links":{"self":[{"href":"https:\/\/verbumdei.org\/porto\/wp-json\/wp\/v2\/posts\/9485","targetHints":{"allow":["GET"]}}],"collection":[{"href":"https:\/\/verbumdei.org\/porto\/wp-json\/wp\/v2\/posts"}],"about":[{"href":"https:\/\/verbumdei.org\/porto\/wp-json\/wp\/v2\/types\/post"}],"author":[{"embeddable":true,"href":"https:\/\/verbumdei.org\/porto\/wp-json\/wp\/v2\/users\/6"}],"replies":[{"embeddable":true,"href":"https:\/\/verbumdei.org\/porto\/wp-json\/wp\/v2\/comments?post=9485"}],"version-history":[{"count":1,"href":"https:\/\/verbumdei.org\/porto\/wp-json\/wp\/v2\/posts\/9485\/revisions"}],"predecessor-version":[{"id":9487,"href":"https:\/\/verbumdei.org\/porto\/wp-json\/wp\/v2\/posts\/9485\/revisions\/9487"}],"wp:attachment":[{"href":"https:\/\/verbumdei.org\/porto\/wp-json\/wp\/v2\/media?parent=9485"}],"wp:term":[{"taxonomy":"category","embeddable":true,"href":"https:\/\/verbumdei.org\/porto\/wp-json\/wp\/v2\/categories?post=9485"},{"taxonomy":"post_tag","embeddable":true,"href":"https:\/\/verbumdei.org\/porto\/wp-json\/wp\/v2\/tags?post=9485"}],"curies":[{"name":"wp","href":"https:\/\/api.w.org\/{rel}","templated":true}]}}