{"id":9474,"date":"2025-04-02T06:00:16","date_gmt":"2025-04-02T05:00:16","guid":{"rendered":"https:\/\/verbumdei.org\/porto\/?p=9474"},"modified":"2025-04-01T23:10:43","modified_gmt":"2025-04-01T22:10:43","slug":"quarta-feira-iv-da-quaresma-02-04-2025","status":"publish","type":"post","link":"https:\/\/verbumdei.org\/porto\/2025\/04\/02\/quarta-feira-iv-da-quaresma-02-04-2025\/","title":{"rendered":"Quarta feira IV da Quaresma (02\/04\/2025)"},"content":{"rendered":"<p><img fetchpriority=\"high\" decoding=\"async\" class=\"wp-image-9475 aligncenter\" src=\"http:\/\/verbumdei.org\/porto\/wp-content\/uploads\/2025\/04\/Qua-IV-Quaresma-02-04-25-Inst-239x300.png\" alt=\"\" width=\"754\" height=\"946\" srcset=\"https:\/\/verbumdei.org\/porto\/wp-content\/uploads\/2025\/04\/Qua-IV-Quaresma-02-04-25-Inst-239x300.png 239w, https:\/\/verbumdei.org\/porto\/wp-content\/uploads\/2025\/04\/Qua-IV-Quaresma-02-04-25-Inst-580x728.png 580w, https:\/\/verbumdei.org\/porto\/wp-content\/uploads\/2025\/04\/Qua-IV-Quaresma-02-04-25-Inst.png 612w\" sizes=\"(max-width: 754px) 100vw, 754px\" \/><\/p>\n<p><strong>Quarta-feira IV da Quaresma, 02 de abril de 2025<\/strong><\/p>\n<p><strong>\u00a0<\/strong><\/p>\n<p><strong>Jo\u00e3o<\/strong> <strong>5,17-30<\/strong><\/p>\n<p><sup>17<\/sup>Mas Jesus respondeu-lhes: \u00abO meu Pai trabalha continuamente, e Eu tamb\u00e9m trabalho\u00bb. <sup>18<\/sup>Por causa disto, ainda mais os judeus procuravam dar-lhe a morte: n\u00e3o s\u00f3 por violar o s\u00e1bado, mas tamb\u00e9m por chamar a Deus seu Pai, fazendo-se igual a Deus. O julgamento perante Jesus \u2013 <sup>19<\/sup>Jesus tomou, ent\u00e3o, a palavra e disse-lhes: \u00abEm verdade, em verdade vos digo: o Filho nada pode fazer por si mesmo, mas apenas o que v\u00ea o Pai fazer; aquilo que o Pai faz, tamb\u00e9m o Filho o faz de igual modo. <sup>20<\/sup>Pois o Pai ama o Filho e mostra-lhe tudo o que Ele pr\u00f3prio faz. E h\u00e1 de mostrar-lhe obras maiores do que estas, de modo que ficareis admirados!<\/p>\n<p><strong>\u00a0<\/strong><\/p>\n<p><strong>Proposta<\/strong><\/p>\n<p>Senhor Jesus, s\u00e3o poucas as passagens dos evangelhos que nos ajudam tanto como esta, para compreendermos o que \u00e9 ser filhos de Deus. Obrigado, Mestre, por esta li\u00e7\u00e3o t\u00e3o clara. Mesmo sabendo que aqueles judeus n\u00e3o te entendiam, ou n\u00e3o queriam entender-te, tu explicas o que significa, na pr\u00e1tica, ser filho de Deus: a humildade absoluta, e a confian\u00e7a amorosa de receber tudo do Pai; esse n\u00e3o fazeres nada por Ti mesmo, s\u00f3 o que o Pai te manda. Jesus, como ser\u00e1 diferente o meu dia, os nossos dias, se este for o nosso modo de agir: preguntar-Te, contemplar-Te, imitar-Te, obedecer-Te. Que pensas desta situa\u00e7\u00e3o? Que dirias agora a esta pessoa se estivesses no meu lugar? Que farias? Que queres que eu fa\u00e7a para parecer-me mais a Ti? Obrigado por nos mostrares como \u00e9s Filho, e como podemos ser mais filhos de Deus; como conTigo, e como Tu, podemos dar Tua vida e esperan\u00e7a a tantos \u00f3rf\u00e3os, doentes, mortos em vida.<\/p>\n","protected":false},"excerpt":{"rendered":"<p>Quarta-feira IV da Quaresma, 02 de abril de 2025 \u00a0 Jo\u00e3o 5,17-30 17Mas Jesus respondeu-lhes: \u00abO meu Pai trabalha continuamente, e Eu tamb\u00e9m trabalho\u00bb. 18Por causa disto, ainda mais os<a href=\"https:\/\/verbumdei.org\/porto\/2025\/04\/02\/quarta-feira-iv-da-quaresma-02-04-2025\/\" rel=\"bookmark\"><span class=\"screen-reader-text\">Quarta feira IV da Quaresma (02\/04\/2025)<\/span><\/a><\/p>\n","protected":false},"author":6,"featured_media":0,"comment_status":"closed","ping_status":"closed","sticky":false,"template":"","format":"standard","meta":{"rop_custom_images_group":[],"rop_custom_messages_group":[],"rop_publish_now":"initial","rop_publish_now_accounts":[],"rop_publish_now_history":[],"rop_publish_now_status":"pending","neve_meta_sidebar":"","neve_meta_container":"","neve_meta_enable_content_width":"","neve_meta_content_width":0,"neve_meta_title_alignment":"","neve_meta_author_avatar":"","neve_post_elements_order":"","neve_meta_disable_header":"","neve_meta_disable_footer":"","neve_meta_disable_title":"","_themeisle_gutenberg_block_has_review":false,"_jetpack_memberships_contains_paid_content":false,"footnotes":""},"categories":[88,63,60],"tags":[],"class_list":["post-9474","post","type-post","status-publish","format-standard","hentry","category-avisos","category-noticias","category-pistas-de-oracao"],"yoast_head":"<!-- This site is optimized with the Yoast SEO plugin v27.5 - https:\/\/yoast.com\/product\/yoast-seo-wordpress\/ -->\n<title>Quarta feira IV da Quaresma (02\/04\/2025) - Verbum Dei Norte<\/title>\n<meta name=\"robots\" content=\"index, follow, max-snippet:-1, max-image-preview:large, max-video-preview:-1\" \/>\n<link rel=\"canonical\" href=\"https:\/\/verbumdei.org\/porto\/2025\/04\/02\/quarta-feira-iv-da-quaresma-02-04-2025\/\" \/>\n<meta property=\"og:locale\" content=\"pt_PT\" \/>\n<meta property=\"og:type\" content=\"article\" \/>\n<meta property=\"og:title\" content=\"Quarta feira IV da Quaresma (02\/04\/2025) - Verbum Dei Norte\" \/>\n<meta property=\"og:description\" content=\"Quarta-feira IV da Quaresma, 02 de abril de 2025 \u00a0 Jo\u00e3o 5,17-30 17Mas Jesus respondeu-lhes: \u00abO meu Pai trabalha continuamente, e Eu tamb\u00e9m trabalho\u00bb. 18Por causa disto, ainda mais osQuarta feira IV da Quaresma (02\/04\/2025)\" \/>\n<meta property=\"og:url\" content=\"https:\/\/verbumdei.org\/porto\/2025\/04\/02\/quarta-feira-iv-da-quaresma-02-04-2025\/\" \/>\n<meta property=\"og:site_name\" content=\"Verbum Dei Norte\" \/>\n<meta property=\"article:publisher\" content=\"https:\/\/www.facebook.com\/vdportoaveiro\/\" \/>\n<meta property=\"article:published_time\" content=\"2025-04-02T05:00:16+00:00\" \/>\n<meta property=\"og:image\" content=\"http:\/\/verbumdei.org\/porto\/wp-content\/uploads\/2025\/04\/Qua-IV-Quaresma-02-04-25-Inst-239x300.png\" \/>\n<meta name=\"author\" content=\"Jos\u00e9 Figueiredo\" \/>\n<meta name=\"twitter:card\" content=\"summary_large_image\" \/>\n<meta name=\"twitter:label1\" content=\"Escrito por\" \/>\n\t<meta name=\"twitter:data1\" content=\"Jos\u00e9 Figueiredo\" \/>\n\t<meta name=\"twitter:label2\" content=\"Tempo estimado de leitura\" \/>\n\t<meta name=\"twitter:data2\" content=\"2 minutos\" \/>\n<script type=\"application\/ld+json\" class=\"yoast-schema-graph\">{\"@context\":\"https:\\\/\\\/schema.org\",\"@graph\":[{\"@type\":\"Article\",\"@id\":\"https:\\\/\\\/verbumdei.org\\\/porto\\\/2025\\\/04\\\/02\\\/quarta-feira-iv-da-quaresma-02-04-2025\\\/#article\",\"isPartOf\":{\"@id\":\"https:\\\/\\\/verbumdei.org\\\/porto\\\/2025\\\/04\\\/02\\\/quarta-feira-iv-da-quaresma-02-04-2025\\\/\"},\"author\":{\"name\":\"Jos\u00e9 Figueiredo\",\"@id\":\"https:\\\/\\\/verbumdei.org\\\/porto\\\/#\\\/schema\\\/person\\\/fd582e6e68322821b57359627af58974\"},\"headline\":\"Quarta feira IV da Quaresma (02\\\/04\\\/2025)\",\"datePublished\":\"2025-04-02T05:00:16+00:00\",\"mainEntityOfPage\":{\"@id\":\"https:\\\/\\\/verbumdei.org\\\/porto\\\/2025\\\/04\\\/02\\\/quarta-feira-iv-da-quaresma-02-04-2025\\\/\"},\"wordCount\":310,\"publisher\":{\"@id\":\"https:\\\/\\\/verbumdei.org\\\/porto\\\/#organization\"},\"image\":{\"@id\":\"https:\\\/\\\/verbumdei.org\\\/porto\\\/2025\\\/04\\\/02\\\/quarta-feira-iv-da-quaresma-02-04-2025\\\/#primaryimage\"},\"thumbnailUrl\":\"http:\\\/\\\/verbumdei.org\\\/porto\\\/wp-content\\\/uploads\\\/2025\\\/04\\\/Qua-IV-Quaresma-02-04-25-Inst-239x300.png\",\"articleSection\":[\"Avisos\",\"Not\u00edcias\",\"Pistas de Ora\u00e7\u00e3o\"],\"inLanguage\":\"pt-PT\"},{\"@type\":\"WebPage\",\"@id\":\"https:\\\/\\\/verbumdei.org\\\/porto\\\/2025\\\/04\\\/02\\\/quarta-feira-iv-da-quaresma-02-04-2025\\\/\",\"url\":\"https:\\\/\\\/verbumdei.org\\\/porto\\\/2025\\\/04\\\/02\\\/quarta-feira-iv-da-quaresma-02-04-2025\\\/\",\"name\":\"Quarta feira IV da Quaresma (02\\\/04\\\/2025) - Verbum Dei Norte\",\"isPartOf\":{\"@id\":\"https:\\\/\\\/verbumdei.org\\\/porto\\\/#website\"},\"primaryImageOfPage\":{\"@id\":\"https:\\\/\\\/verbumdei.org\\\/porto\\\/2025\\\/04\\\/02\\\/quarta-feira-iv-da-quaresma-02-04-2025\\\/#primaryimage\"},\"image\":{\"@id\":\"https:\\\/\\\/verbumdei.org\\\/porto\\\/2025\\\/04\\\/02\\\/quarta-feira-iv-da-quaresma-02-04-2025\\\/#primaryimage\"},\"thumbnailUrl\":\"http:\\\/\\\/verbumdei.org\\\/porto\\\/wp-content\\\/uploads\\\/2025\\\/04\\\/Qua-IV-Quaresma-02-04-25-Inst-239x300.png\",\"datePublished\":\"2025-04-02T05:00:16+00:00\",\"breadcrumb\":{\"@id\":\"https:\\\/\\\/verbumdei.org\\\/porto\\\/2025\\\/04\\\/02\\\/quarta-feira-iv-da-quaresma-02-04-2025\\\/#breadcrumb\"},\"inLanguage\":\"pt-PT\",\"potentialAction\":[{\"@type\":\"ReadAction\",\"target\":[\"https:\\\/\\\/verbumdei.org\\\/porto\\\/2025\\\/04\\\/02\\\/quarta-feira-iv-da-quaresma-02-04-2025\\\/\"]}]},{\"@type\":\"ImageObject\",\"inLanguage\":\"pt-PT\",\"@id\":\"https:\\\/\\\/verbumdei.org\\\/porto\\\/2025\\\/04\\\/02\\\/quarta-feira-iv-da-quaresma-02-04-2025\\\/#primaryimage\",\"url\":\"http:\\\/\\\/verbumdei.org\\\/porto\\\/wp-content\\\/uploads\\\/2025\\\/04\\\/Qua-IV-Quaresma-02-04-25-Inst-239x300.png\",\"contentUrl\":\"http:\\\/\\\/verbumdei.org\\\/porto\\\/wp-content\\\/uploads\\\/2025\\\/04\\\/Qua-IV-Quaresma-02-04-25-Inst-239x300.png\"},{\"@type\":\"BreadcrumbList\",\"@id\":\"https:\\\/\\\/verbumdei.org\\\/porto\\\/2025\\\/04\\\/02\\\/quarta-feira-iv-da-quaresma-02-04-2025\\\/#breadcrumb\",\"itemListElement\":[{\"@type\":\"ListItem\",\"position\":1,\"name\":\"In\u00edcio\",\"item\":\"https:\\\/\\\/verbumdei.org\\\/porto\\\/\"},{\"@type\":\"ListItem\",\"position\":2,\"name\":\"Quarta feira IV da Quaresma (02\\\/04\\\/2025)\"}]},{\"@type\":\"WebSite\",\"@id\":\"https:\\\/\\\/verbumdei.org\\\/porto\\\/#website\",\"url\":\"https:\\\/\\\/verbumdei.org\\\/porto\\\/\",\"name\":\"Verbum Dei Portugal Norte\",\"description\":\"Mission\u00e1rios Verbum Dei no Porto e Aveiro: ora\u00e7\u00e3o, retiro espiritual, forma\u00e7\u00e3o crist\u00e3 e evangeliza\u00e7\u00e3o\",\"publisher\":{\"@id\":\"https:\\\/\\\/verbumdei.org\\\/porto\\\/#organization\"},\"potentialAction\":[{\"@type\":\"SearchAction\",\"target\":{\"@type\":\"EntryPoint\",\"urlTemplate\":\"https:\\\/\\\/verbumdei.org\\\/porto\\\/?s={search_term_string}\"},\"query-input\":{\"@type\":\"PropertyValueSpecification\",\"valueRequired\":true,\"valueName\":\"search_term_string\"}}],\"inLanguage\":\"pt-PT\"},{\"@type\":\"Organization\",\"@id\":\"https:\\\/\\\/verbumdei.org\\\/porto\\\/#organization\",\"name\":\"Verbum Dei Portugal Norte\",\"url\":\"https:\\\/\\\/verbumdei.org\\\/porto\\\/\",\"logo\":{\"@type\":\"ImageObject\",\"inLanguage\":\"pt-PT\",\"@id\":\"https:\\\/\\\/verbumdei.org\\\/porto\\\/#\\\/schema\\\/logo\\\/image\\\/\",\"url\":\"https:\\\/\\\/verbumdei.org\\\/porto\\\/wp-content\\\/uploads\\\/2018\\\/07\\\/Logo2.jpg\",\"contentUrl\":\"https:\\\/\\\/verbumdei.org\\\/porto\\\/wp-content\\\/uploads\\\/2018\\\/07\\\/Logo2.jpg\",\"width\":123,\"height\":120,\"caption\":\"Verbum Dei Portugal Norte\"},\"image\":{\"@id\":\"https:\\\/\\\/verbumdei.org\\\/porto\\\/#\\\/schema\\\/logo\\\/image\\\/\"},\"sameAs\":[\"https:\\\/\\\/www.facebook.com\\\/vdportoaveiro\\\/\",\"https:\\\/\\\/instagram.com\\\/verbumdei.portugal.norte\\\/\"]},{\"@type\":\"Person\",\"@id\":\"https:\\\/\\\/verbumdei.org\\\/porto\\\/#\\\/schema\\\/person\\\/fd582e6e68322821b57359627af58974\",\"name\":\"Jos\u00e9 Figueiredo\",\"url\":\"https:\\\/\\\/verbumdei.org\\\/porto\\\/author\\\/zecarlos\\\/\"}]}<\/script>\n<!-- \/ Yoast SEO plugin. -->","yoast_head_json":{"title":"Quarta feira IV da Quaresma (02\/04\/2025) - Verbum Dei Norte","robots":{"index":"index","follow":"follow","max-snippet":"max-snippet:-1","max-image-preview":"max-image-preview:large","max-video-preview":"max-video-preview:-1"},"canonical":"https:\/\/verbumdei.org\/porto\/2025\/04\/02\/quarta-feira-iv-da-quaresma-02-04-2025\/","og_locale":"pt_PT","og_type":"article","og_title":"Quarta feira IV da Quaresma (02\/04\/2025) - Verbum Dei Norte","og_description":"Quarta-feira IV da Quaresma, 02 de abril de 2025 \u00a0 Jo\u00e3o 5,17-30 17Mas Jesus respondeu-lhes: \u00abO meu Pai trabalha continuamente, e Eu tamb\u00e9m trabalho\u00bb. 18Por causa disto, ainda mais osQuarta feira IV da Quaresma (02\/04\/2025)","og_url":"https:\/\/verbumdei.org\/porto\/2025\/04\/02\/quarta-feira-iv-da-quaresma-02-04-2025\/","og_site_name":"Verbum Dei Norte","article_publisher":"https:\/\/www.facebook.com\/vdportoaveiro\/","article_published_time":"2025-04-02T05:00:16+00:00","og_image":[{"url":"http:\/\/verbumdei.org\/porto\/wp-content\/uploads\/2025\/04\/Qua-IV-Quaresma-02-04-25-Inst-239x300.png","type":"","width":"","height":""}],"author":"Jos\u00e9 Figueiredo","twitter_card":"summary_large_image","twitter_misc":{"Escrito por":"Jos\u00e9 Figueiredo","Tempo estimado de leitura":"2 minutos"},"schema":{"@context":"https:\/\/schema.org","@graph":[{"@type":"Article","@id":"https:\/\/verbumdei.org\/porto\/2025\/04\/02\/quarta-feira-iv-da-quaresma-02-04-2025\/#article","isPartOf":{"@id":"https:\/\/verbumdei.org\/porto\/2025\/04\/02\/quarta-feira-iv-da-quaresma-02-04-2025\/"},"author":{"name":"Jos\u00e9 Figueiredo","@id":"https:\/\/verbumdei.org\/porto\/#\/schema\/person\/fd582e6e68322821b57359627af58974"},"headline":"Quarta feira IV da Quaresma (02\/04\/2025)","datePublished":"2025-04-02T05:00:16+00:00","mainEntityOfPage":{"@id":"https:\/\/verbumdei.org\/porto\/2025\/04\/02\/quarta-feira-iv-da-quaresma-02-04-2025\/"},"wordCount":310,"publisher":{"@id":"https:\/\/verbumdei.org\/porto\/#organization"},"image":{"@id":"https:\/\/verbumdei.org\/porto\/2025\/04\/02\/quarta-feira-iv-da-quaresma-02-04-2025\/#primaryimage"},"thumbnailUrl":"http:\/\/verbumdei.org\/porto\/wp-content\/uploads\/2025\/04\/Qua-IV-Quaresma-02-04-25-Inst-239x300.png","articleSection":["Avisos","Not\u00edcias","Pistas de Ora\u00e7\u00e3o"],"inLanguage":"pt-PT"},{"@type":"WebPage","@id":"https:\/\/verbumdei.org\/porto\/2025\/04\/02\/quarta-feira-iv-da-quaresma-02-04-2025\/","url":"https:\/\/verbumdei.org\/porto\/2025\/04\/02\/quarta-feira-iv-da-quaresma-02-04-2025\/","name":"Quarta feira IV da Quaresma (02\/04\/2025) - Verbum Dei Norte","isPartOf":{"@id":"https:\/\/verbumdei.org\/porto\/#website"},"primaryImageOfPage":{"@id":"https:\/\/verbumdei.org\/porto\/2025\/04\/02\/quarta-feira-iv-da-quaresma-02-04-2025\/#primaryimage"},"image":{"@id":"https:\/\/verbumdei.org\/porto\/2025\/04\/02\/quarta-feira-iv-da-quaresma-02-04-2025\/#primaryimage"},"thumbnailUrl":"http:\/\/verbumdei.org\/porto\/wp-content\/uploads\/2025\/04\/Qua-IV-Quaresma-02-04-25-Inst-239x300.png","datePublished":"2025-04-02T05:00:16+00:00","breadcrumb":{"@id":"https:\/\/verbumdei.org\/porto\/2025\/04\/02\/quarta-feira-iv-da-quaresma-02-04-2025\/#breadcrumb"},"inLanguage":"pt-PT","potentialAction":[{"@type":"ReadAction","target":["https:\/\/verbumdei.org\/porto\/2025\/04\/02\/quarta-feira-iv-da-quaresma-02-04-2025\/"]}]},{"@type":"ImageObject","inLanguage":"pt-PT","@id":"https:\/\/verbumdei.org\/porto\/2025\/04\/02\/quarta-feira-iv-da-quaresma-02-04-2025\/#primaryimage","url":"http:\/\/verbumdei.org\/porto\/wp-content\/uploads\/2025\/04\/Qua-IV-Quaresma-02-04-25-Inst-239x300.png","contentUrl":"http:\/\/verbumdei.org\/porto\/wp-content\/uploads\/2025\/04\/Qua-IV-Quaresma-02-04-25-Inst-239x300.png"},{"@type":"BreadcrumbList","@id":"https:\/\/verbumdei.org\/porto\/2025\/04\/02\/quarta-feira-iv-da-quaresma-02-04-2025\/#breadcrumb","itemListElement":[{"@type":"ListItem","position":1,"name":"In\u00edcio","item":"https:\/\/verbumdei.org\/porto\/"},{"@type":"ListItem","position":2,"name":"Quarta feira IV da Quaresma (02\/04\/2025)"}]},{"@type":"WebSite","@id":"https:\/\/verbumdei.org\/porto\/#website","url":"https:\/\/verbumdei.org\/porto\/","name":"Verbum Dei Portugal Norte","description":"Mission\u00e1rios Verbum Dei no Porto e Aveiro: ora\u00e7\u00e3o, retiro espiritual, forma\u00e7\u00e3o crist\u00e3 e evangeliza\u00e7\u00e3o","publisher":{"@id":"https:\/\/verbumdei.org\/porto\/#organization"},"potentialAction":[{"@type":"SearchAction","target":{"@type":"EntryPoint","urlTemplate":"https:\/\/verbumdei.org\/porto\/?s={search_term_string}"},"query-input":{"@type":"PropertyValueSpecification","valueRequired":true,"valueName":"search_term_string"}}],"inLanguage":"pt-PT"},{"@type":"Organization","@id":"https:\/\/verbumdei.org\/porto\/#organization","name":"Verbum Dei Portugal Norte","url":"https:\/\/verbumdei.org\/porto\/","logo":{"@type":"ImageObject","inLanguage":"pt-PT","@id":"https:\/\/verbumdei.org\/porto\/#\/schema\/logo\/image\/","url":"https:\/\/verbumdei.org\/porto\/wp-content\/uploads\/2018\/07\/Logo2.jpg","contentUrl":"https:\/\/verbumdei.org\/porto\/wp-content\/uploads\/2018\/07\/Logo2.jpg","width":123,"height":120,"caption":"Verbum Dei Portugal Norte"},"image":{"@id":"https:\/\/verbumdei.org\/porto\/#\/schema\/logo\/image\/"},"sameAs":["https:\/\/www.facebook.com\/vdportoaveiro\/","https:\/\/instagram.com\/verbumdei.portugal.norte\/"]},{"@type":"Person","@id":"https:\/\/verbumdei.org\/porto\/#\/schema\/person\/fd582e6e68322821b57359627af58974","name":"Jos\u00e9 Figueiredo","url":"https:\/\/verbumdei.org\/porto\/author\/zecarlos\/"}]}},"jetpack_featured_media_url":"","jetpack_sharing_enabled":true,"_links":{"self":[{"href":"https:\/\/verbumdei.org\/porto\/wp-json\/wp\/v2\/posts\/9474","targetHints":{"allow":["GET"]}}],"collection":[{"href":"https:\/\/verbumdei.org\/porto\/wp-json\/wp\/v2\/posts"}],"about":[{"href":"https:\/\/verbumdei.org\/porto\/wp-json\/wp\/v2\/types\/post"}],"author":[{"embeddable":true,"href":"https:\/\/verbumdei.org\/porto\/wp-json\/wp\/v2\/users\/6"}],"replies":[{"embeddable":true,"href":"https:\/\/verbumdei.org\/porto\/wp-json\/wp\/v2\/comments?post=9474"}],"version-history":[{"count":1,"href":"https:\/\/verbumdei.org\/porto\/wp-json\/wp\/v2\/posts\/9474\/revisions"}],"predecessor-version":[{"id":9476,"href":"https:\/\/verbumdei.org\/porto\/wp-json\/wp\/v2\/posts\/9474\/revisions\/9476"}],"wp:attachment":[{"href":"https:\/\/verbumdei.org\/porto\/wp-json\/wp\/v2\/media?parent=9474"}],"wp:term":[{"taxonomy":"category","embeddable":true,"href":"https:\/\/verbumdei.org\/porto\/wp-json\/wp\/v2\/categories?post=9474"},{"taxonomy":"post_tag","embeddable":true,"href":"https:\/\/verbumdei.org\/porto\/wp-json\/wp\/v2\/tags?post=9474"}],"curies":[{"name":"wp","href":"https:\/\/api.w.org\/{rel}","templated":true}]}}