{"id":9464,"date":"2025-03-31T06:00:41","date_gmt":"2025-03-31T05:00:41","guid":{"rendered":"https:\/\/verbumdei.org\/porto\/?p=9464"},"modified":"2025-03-30T23:16:02","modified_gmt":"2025-03-30T22:16:02","slug":"segunda-feira-iv-da-quaresma-31-03-2025","status":"publish","type":"post","link":"https:\/\/verbumdei.org\/porto\/2025\/03\/31\/segunda-feira-iv-da-quaresma-31-03-2025\/","title":{"rendered":"Segunda feira IV da Quaresma (31\/03\/2025)"},"content":{"rendered":"<p><img fetchpriority=\"high\" decoding=\"async\" class=\"wp-image-9466 aligncenter\" src=\"http:\/\/verbumdei.org\/porto\/wp-content\/uploads\/2025\/03\/Seg-IV-Quaresma-31-3-25-Inst-241x300.png\" alt=\"\" width=\"555\" height=\"691\" srcset=\"https:\/\/verbumdei.org\/porto\/wp-content\/uploads\/2025\/03\/Seg-IV-Quaresma-31-3-25-Inst-241x300.png 241w, https:\/\/verbumdei.org\/porto\/wp-content\/uploads\/2025\/03\/Seg-IV-Quaresma-31-3-25-Inst-580x723.png 580w, https:\/\/verbumdei.org\/porto\/wp-content\/uploads\/2025\/03\/Seg-IV-Quaresma-31-3-25-Inst.png 616w\" sizes=\"(max-width: 555px) 100vw, 555px\" \/><\/p>\n<p><strong>Segunda-feira IV da Quaresma, 31 de mar\u00e7o de 2025<\/strong><\/p>\n<p><strong>\u00a0<\/strong><\/p>\n<p><strong>Jo\u00e3o 4,43-54<\/strong><\/p>\n<p><sup>49<\/sup>Respondeu-lhe o funcion\u00e1rio real: \u00abSenhor, desce at\u00e9 l\u00e1, antes que o meu filho morra.\u00bb <sup>50<\/sup>Disse-lhe Jesus: \u00abVai, que o teu filho est\u00e1 salvo.\u00bb O homem acreditou nas palavras que Jesus lhe disse e p\u00f4s-se a caminho.\u00a0<sup>51<\/sup>Enquanto ia descendo, os criados vieram ao seu encontro, dizendo: \u00abO teu filho est\u00e1 salvo.\u00bb\u00a0<sup>52<\/sup>Perguntou-lhes, ent\u00e3o, a que horas ele se tinha sentido melhor. Responderam: \u00abA febre deixou-o h\u00e1 pouco, depois do meio-dia.\u00bb\u00a0<sup>53<\/sup>O pai viu, ent\u00e3o, que tinha sido exatamente \u00e0quela hora que Jesus lhe dissera: \u00abO teu filho est\u00e1 salvo\u00bb. E acreditou ele e todos os da sua casa.<\/p>\n<p><strong>Proposta<\/strong><\/p>\n<p>Obrigado, Jesus, pelo teu cora\u00e7\u00e3o compassivo, e pelas palavras que brotam dele. Ajuda-nos a acreditar e confiar na for\u00e7a do teu amor por n\u00f3s, sempre que te pedimos ajuda, sobretudo quando pedimos por amor a outros, pelas suas necessidades. Ajuda-nos, Jesus, a comungar com este teu Amor compassivo; ajuda-me a sintonizar com a Tua vontade e capacidade de fazeres o bem. Que bom viver neste dia confiando no poder salvador da Tua Palavra, que n\u00e3o est\u00e1 sujeita aos nossos limites de lugar e tempo, para realizar a tua vontade de curar, dar vida, salvar. Pe\u00e7o-te, tamb\u00e9m, como este funcion\u00e1rio real, por &#8212;&#8212;- (colocar nomes de pessoas que sabemos est\u00e3o a sofrer doen\u00e7as graves).<\/p>\n","protected":false},"excerpt":{"rendered":"<p>Segunda-feira IV da Quaresma, 31 de mar\u00e7o de 2025 \u00a0 Jo\u00e3o 4,43-54 49Respondeu-lhe o funcion\u00e1rio real: \u00abSenhor, desce at\u00e9 l\u00e1, antes que o meu filho morra.\u00bb 50Disse-lhe Jesus: \u00abVai, que<a href=\"https:\/\/verbumdei.org\/porto\/2025\/03\/31\/segunda-feira-iv-da-quaresma-31-03-2025\/\" rel=\"bookmark\"><span class=\"screen-reader-text\">Segunda feira IV da Quaresma (31\/03\/2025)<\/span><\/a><\/p>\n","protected":false},"author":6,"featured_media":0,"comment_status":"closed","ping_status":"closed","sticky":false,"template":"","format":"standard","meta":{"rop_custom_images_group":[],"rop_custom_messages_group":[],"rop_publish_now":"initial","rop_publish_now_accounts":[],"rop_publish_now_history":[],"rop_publish_now_status":"pending","neve_meta_sidebar":"","neve_meta_container":"","neve_meta_enable_content_width":"","neve_meta_content_width":0,"neve_meta_title_alignment":"","neve_meta_author_avatar":"","neve_post_elements_order":"","neve_meta_disable_header":"","neve_meta_disable_footer":"","neve_meta_disable_title":"","_themeisle_gutenberg_block_has_review":false,"_jetpack_memberships_contains_paid_content":false,"footnotes":""},"categories":[88,63,60],"tags":[],"class_list":["post-9464","post","type-post","status-publish","format-standard","hentry","category-avisos","category-noticias","category-pistas-de-oracao"],"yoast_head":"<!-- This site is optimized with the Yoast SEO plugin v27.5 - https:\/\/yoast.com\/product\/yoast-seo-wordpress\/ -->\n<title>Segunda feira IV da Quaresma (31\/03\/2025) - Verbum Dei Norte<\/title>\n<meta name=\"robots\" content=\"index, follow, max-snippet:-1, max-image-preview:large, max-video-preview:-1\" \/>\n<link rel=\"canonical\" href=\"https:\/\/verbumdei.org\/porto\/2025\/03\/31\/segunda-feira-iv-da-quaresma-31-03-2025\/\" \/>\n<meta property=\"og:locale\" content=\"pt_PT\" \/>\n<meta property=\"og:type\" content=\"article\" \/>\n<meta property=\"og:title\" content=\"Segunda feira IV da Quaresma (31\/03\/2025) - Verbum Dei Norte\" \/>\n<meta property=\"og:description\" content=\"Segunda-feira IV da Quaresma, 31 de mar\u00e7o de 2025 \u00a0 Jo\u00e3o 4,43-54 49Respondeu-lhe o funcion\u00e1rio real: \u00abSenhor, desce at\u00e9 l\u00e1, antes que o meu filho morra.\u00bb 50Disse-lhe Jesus: \u00abVai, queSegunda feira IV da Quaresma (31\/03\/2025)\" \/>\n<meta property=\"og:url\" content=\"https:\/\/verbumdei.org\/porto\/2025\/03\/31\/segunda-feira-iv-da-quaresma-31-03-2025\/\" \/>\n<meta property=\"og:site_name\" content=\"Verbum Dei Norte\" \/>\n<meta property=\"article:publisher\" content=\"https:\/\/www.facebook.com\/vdportoaveiro\/\" \/>\n<meta property=\"article:published_time\" content=\"2025-03-31T05:00:41+00:00\" \/>\n<meta property=\"og:image\" content=\"http:\/\/verbumdei.org\/porto\/wp-content\/uploads\/2025\/03\/Seg-IV-Quaresma-31-3-25-Inst-241x300.png\" \/>\n<meta name=\"author\" content=\"Jos\u00e9 Figueiredo\" \/>\n<meta name=\"twitter:card\" content=\"summary_large_image\" \/>\n<meta name=\"twitter:label1\" content=\"Escrito por\" \/>\n\t<meta name=\"twitter:data1\" content=\"Jos\u00e9 Figueiredo\" \/>\n\t<meta name=\"twitter:label2\" content=\"Tempo estimado de leitura\" \/>\n\t<meta name=\"twitter:data2\" content=\"2 minutos\" \/>\n<script type=\"application\/ld+json\" class=\"yoast-schema-graph\">{\"@context\":\"https:\\\/\\\/schema.org\",\"@graph\":[{\"@type\":\"Article\",\"@id\":\"https:\\\/\\\/verbumdei.org\\\/porto\\\/2025\\\/03\\\/31\\\/segunda-feira-iv-da-quaresma-31-03-2025\\\/#article\",\"isPartOf\":{\"@id\":\"https:\\\/\\\/verbumdei.org\\\/porto\\\/2025\\\/03\\\/31\\\/segunda-feira-iv-da-quaresma-31-03-2025\\\/\"},\"author\":{\"name\":\"Jos\u00e9 Figueiredo\",\"@id\":\"https:\\\/\\\/verbumdei.org\\\/porto\\\/#\\\/schema\\\/person\\\/fd582e6e68322821b57359627af58974\"},\"headline\":\"Segunda feira IV da Quaresma (31\\\/03\\\/2025)\",\"datePublished\":\"2025-03-31T05:00:41+00:00\",\"mainEntityOfPage\":{\"@id\":\"https:\\\/\\\/verbumdei.org\\\/porto\\\/2025\\\/03\\\/31\\\/segunda-feira-iv-da-quaresma-31-03-2025\\\/\"},\"wordCount\":241,\"publisher\":{\"@id\":\"https:\\\/\\\/verbumdei.org\\\/porto\\\/#organization\"},\"image\":{\"@id\":\"https:\\\/\\\/verbumdei.org\\\/porto\\\/2025\\\/03\\\/31\\\/segunda-feira-iv-da-quaresma-31-03-2025\\\/#primaryimage\"},\"thumbnailUrl\":\"http:\\\/\\\/verbumdei.org\\\/porto\\\/wp-content\\\/uploads\\\/2025\\\/03\\\/Seg-IV-Quaresma-31-3-25-Inst-241x300.png\",\"articleSection\":[\"Avisos\",\"Not\u00edcias\",\"Pistas de Ora\u00e7\u00e3o\"],\"inLanguage\":\"pt-PT\"},{\"@type\":\"WebPage\",\"@id\":\"https:\\\/\\\/verbumdei.org\\\/porto\\\/2025\\\/03\\\/31\\\/segunda-feira-iv-da-quaresma-31-03-2025\\\/\",\"url\":\"https:\\\/\\\/verbumdei.org\\\/porto\\\/2025\\\/03\\\/31\\\/segunda-feira-iv-da-quaresma-31-03-2025\\\/\",\"name\":\"Segunda feira IV da Quaresma (31\\\/03\\\/2025) - Verbum Dei Norte\",\"isPartOf\":{\"@id\":\"https:\\\/\\\/verbumdei.org\\\/porto\\\/#website\"},\"primaryImageOfPage\":{\"@id\":\"https:\\\/\\\/verbumdei.org\\\/porto\\\/2025\\\/03\\\/31\\\/segunda-feira-iv-da-quaresma-31-03-2025\\\/#primaryimage\"},\"image\":{\"@id\":\"https:\\\/\\\/verbumdei.org\\\/porto\\\/2025\\\/03\\\/31\\\/segunda-feira-iv-da-quaresma-31-03-2025\\\/#primaryimage\"},\"thumbnailUrl\":\"http:\\\/\\\/verbumdei.org\\\/porto\\\/wp-content\\\/uploads\\\/2025\\\/03\\\/Seg-IV-Quaresma-31-3-25-Inst-241x300.png\",\"datePublished\":\"2025-03-31T05:00:41+00:00\",\"breadcrumb\":{\"@id\":\"https:\\\/\\\/verbumdei.org\\\/porto\\\/2025\\\/03\\\/31\\\/segunda-feira-iv-da-quaresma-31-03-2025\\\/#breadcrumb\"},\"inLanguage\":\"pt-PT\",\"potentialAction\":[{\"@type\":\"ReadAction\",\"target\":[\"https:\\\/\\\/verbumdei.org\\\/porto\\\/2025\\\/03\\\/31\\\/segunda-feira-iv-da-quaresma-31-03-2025\\\/\"]}]},{\"@type\":\"ImageObject\",\"inLanguage\":\"pt-PT\",\"@id\":\"https:\\\/\\\/verbumdei.org\\\/porto\\\/2025\\\/03\\\/31\\\/segunda-feira-iv-da-quaresma-31-03-2025\\\/#primaryimage\",\"url\":\"http:\\\/\\\/verbumdei.org\\\/porto\\\/wp-content\\\/uploads\\\/2025\\\/03\\\/Seg-IV-Quaresma-31-3-25-Inst-241x300.png\",\"contentUrl\":\"http:\\\/\\\/verbumdei.org\\\/porto\\\/wp-content\\\/uploads\\\/2025\\\/03\\\/Seg-IV-Quaresma-31-3-25-Inst-241x300.png\"},{\"@type\":\"BreadcrumbList\",\"@id\":\"https:\\\/\\\/verbumdei.org\\\/porto\\\/2025\\\/03\\\/31\\\/segunda-feira-iv-da-quaresma-31-03-2025\\\/#breadcrumb\",\"itemListElement\":[{\"@type\":\"ListItem\",\"position\":1,\"name\":\"In\u00edcio\",\"item\":\"https:\\\/\\\/verbumdei.org\\\/porto\\\/\"},{\"@type\":\"ListItem\",\"position\":2,\"name\":\"Segunda feira IV da Quaresma (31\\\/03\\\/2025)\"}]},{\"@type\":\"WebSite\",\"@id\":\"https:\\\/\\\/verbumdei.org\\\/porto\\\/#website\",\"url\":\"https:\\\/\\\/verbumdei.org\\\/porto\\\/\",\"name\":\"Verbum Dei Portugal Norte\",\"description\":\"Mission\u00e1rios Verbum Dei no Porto e Aveiro: ora\u00e7\u00e3o, retiro espiritual, forma\u00e7\u00e3o crist\u00e3 e evangeliza\u00e7\u00e3o\",\"publisher\":{\"@id\":\"https:\\\/\\\/verbumdei.org\\\/porto\\\/#organization\"},\"potentialAction\":[{\"@type\":\"SearchAction\",\"target\":{\"@type\":\"EntryPoint\",\"urlTemplate\":\"https:\\\/\\\/verbumdei.org\\\/porto\\\/?s={search_term_string}\"},\"query-input\":{\"@type\":\"PropertyValueSpecification\",\"valueRequired\":true,\"valueName\":\"search_term_string\"}}],\"inLanguage\":\"pt-PT\"},{\"@type\":\"Organization\",\"@id\":\"https:\\\/\\\/verbumdei.org\\\/porto\\\/#organization\",\"name\":\"Verbum Dei Portugal Norte\",\"url\":\"https:\\\/\\\/verbumdei.org\\\/porto\\\/\",\"logo\":{\"@type\":\"ImageObject\",\"inLanguage\":\"pt-PT\",\"@id\":\"https:\\\/\\\/verbumdei.org\\\/porto\\\/#\\\/schema\\\/logo\\\/image\\\/\",\"url\":\"https:\\\/\\\/verbumdei.org\\\/porto\\\/wp-content\\\/uploads\\\/2018\\\/07\\\/Logo2.jpg\",\"contentUrl\":\"https:\\\/\\\/verbumdei.org\\\/porto\\\/wp-content\\\/uploads\\\/2018\\\/07\\\/Logo2.jpg\",\"width\":123,\"height\":120,\"caption\":\"Verbum Dei Portugal Norte\"},\"image\":{\"@id\":\"https:\\\/\\\/verbumdei.org\\\/porto\\\/#\\\/schema\\\/logo\\\/image\\\/\"},\"sameAs\":[\"https:\\\/\\\/www.facebook.com\\\/vdportoaveiro\\\/\",\"https:\\\/\\\/instagram.com\\\/verbumdei.portugal.norte\\\/\"]},{\"@type\":\"Person\",\"@id\":\"https:\\\/\\\/verbumdei.org\\\/porto\\\/#\\\/schema\\\/person\\\/fd582e6e68322821b57359627af58974\",\"name\":\"Jos\u00e9 Figueiredo\",\"url\":\"https:\\\/\\\/verbumdei.org\\\/porto\\\/author\\\/zecarlos\\\/\"}]}<\/script>\n<!-- \/ Yoast SEO plugin. -->","yoast_head_json":{"title":"Segunda feira IV da Quaresma (31\/03\/2025) - Verbum Dei Norte","robots":{"index":"index","follow":"follow","max-snippet":"max-snippet:-1","max-image-preview":"max-image-preview:large","max-video-preview":"max-video-preview:-1"},"canonical":"https:\/\/verbumdei.org\/porto\/2025\/03\/31\/segunda-feira-iv-da-quaresma-31-03-2025\/","og_locale":"pt_PT","og_type":"article","og_title":"Segunda feira IV da Quaresma (31\/03\/2025) - Verbum Dei Norte","og_description":"Segunda-feira IV da Quaresma, 31 de mar\u00e7o de 2025 \u00a0 Jo\u00e3o 4,43-54 49Respondeu-lhe o funcion\u00e1rio real: \u00abSenhor, desce at\u00e9 l\u00e1, antes que o meu filho morra.\u00bb 50Disse-lhe Jesus: \u00abVai, queSegunda feira IV da Quaresma (31\/03\/2025)","og_url":"https:\/\/verbumdei.org\/porto\/2025\/03\/31\/segunda-feira-iv-da-quaresma-31-03-2025\/","og_site_name":"Verbum Dei Norte","article_publisher":"https:\/\/www.facebook.com\/vdportoaveiro\/","article_published_time":"2025-03-31T05:00:41+00:00","og_image":[{"url":"http:\/\/verbumdei.org\/porto\/wp-content\/uploads\/2025\/03\/Seg-IV-Quaresma-31-3-25-Inst-241x300.png","type":"","width":"","height":""}],"author":"Jos\u00e9 Figueiredo","twitter_card":"summary_large_image","twitter_misc":{"Escrito por":"Jos\u00e9 Figueiredo","Tempo estimado de leitura":"2 minutos"},"schema":{"@context":"https:\/\/schema.org","@graph":[{"@type":"Article","@id":"https:\/\/verbumdei.org\/porto\/2025\/03\/31\/segunda-feira-iv-da-quaresma-31-03-2025\/#article","isPartOf":{"@id":"https:\/\/verbumdei.org\/porto\/2025\/03\/31\/segunda-feira-iv-da-quaresma-31-03-2025\/"},"author":{"name":"Jos\u00e9 Figueiredo","@id":"https:\/\/verbumdei.org\/porto\/#\/schema\/person\/fd582e6e68322821b57359627af58974"},"headline":"Segunda feira IV da Quaresma (31\/03\/2025)","datePublished":"2025-03-31T05:00:41+00:00","mainEntityOfPage":{"@id":"https:\/\/verbumdei.org\/porto\/2025\/03\/31\/segunda-feira-iv-da-quaresma-31-03-2025\/"},"wordCount":241,"publisher":{"@id":"https:\/\/verbumdei.org\/porto\/#organization"},"image":{"@id":"https:\/\/verbumdei.org\/porto\/2025\/03\/31\/segunda-feira-iv-da-quaresma-31-03-2025\/#primaryimage"},"thumbnailUrl":"http:\/\/verbumdei.org\/porto\/wp-content\/uploads\/2025\/03\/Seg-IV-Quaresma-31-3-25-Inst-241x300.png","articleSection":["Avisos","Not\u00edcias","Pistas de Ora\u00e7\u00e3o"],"inLanguage":"pt-PT"},{"@type":"WebPage","@id":"https:\/\/verbumdei.org\/porto\/2025\/03\/31\/segunda-feira-iv-da-quaresma-31-03-2025\/","url":"https:\/\/verbumdei.org\/porto\/2025\/03\/31\/segunda-feira-iv-da-quaresma-31-03-2025\/","name":"Segunda feira IV da Quaresma (31\/03\/2025) - Verbum Dei Norte","isPartOf":{"@id":"https:\/\/verbumdei.org\/porto\/#website"},"primaryImageOfPage":{"@id":"https:\/\/verbumdei.org\/porto\/2025\/03\/31\/segunda-feira-iv-da-quaresma-31-03-2025\/#primaryimage"},"image":{"@id":"https:\/\/verbumdei.org\/porto\/2025\/03\/31\/segunda-feira-iv-da-quaresma-31-03-2025\/#primaryimage"},"thumbnailUrl":"http:\/\/verbumdei.org\/porto\/wp-content\/uploads\/2025\/03\/Seg-IV-Quaresma-31-3-25-Inst-241x300.png","datePublished":"2025-03-31T05:00:41+00:00","breadcrumb":{"@id":"https:\/\/verbumdei.org\/porto\/2025\/03\/31\/segunda-feira-iv-da-quaresma-31-03-2025\/#breadcrumb"},"inLanguage":"pt-PT","potentialAction":[{"@type":"ReadAction","target":["https:\/\/verbumdei.org\/porto\/2025\/03\/31\/segunda-feira-iv-da-quaresma-31-03-2025\/"]}]},{"@type":"ImageObject","inLanguage":"pt-PT","@id":"https:\/\/verbumdei.org\/porto\/2025\/03\/31\/segunda-feira-iv-da-quaresma-31-03-2025\/#primaryimage","url":"http:\/\/verbumdei.org\/porto\/wp-content\/uploads\/2025\/03\/Seg-IV-Quaresma-31-3-25-Inst-241x300.png","contentUrl":"http:\/\/verbumdei.org\/porto\/wp-content\/uploads\/2025\/03\/Seg-IV-Quaresma-31-3-25-Inst-241x300.png"},{"@type":"BreadcrumbList","@id":"https:\/\/verbumdei.org\/porto\/2025\/03\/31\/segunda-feira-iv-da-quaresma-31-03-2025\/#breadcrumb","itemListElement":[{"@type":"ListItem","position":1,"name":"In\u00edcio","item":"https:\/\/verbumdei.org\/porto\/"},{"@type":"ListItem","position":2,"name":"Segunda feira IV da Quaresma (31\/03\/2025)"}]},{"@type":"WebSite","@id":"https:\/\/verbumdei.org\/porto\/#website","url":"https:\/\/verbumdei.org\/porto\/","name":"Verbum Dei Portugal Norte","description":"Mission\u00e1rios Verbum Dei no Porto e Aveiro: ora\u00e7\u00e3o, retiro espiritual, forma\u00e7\u00e3o crist\u00e3 e evangeliza\u00e7\u00e3o","publisher":{"@id":"https:\/\/verbumdei.org\/porto\/#organization"},"potentialAction":[{"@type":"SearchAction","target":{"@type":"EntryPoint","urlTemplate":"https:\/\/verbumdei.org\/porto\/?s={search_term_string}"},"query-input":{"@type":"PropertyValueSpecification","valueRequired":true,"valueName":"search_term_string"}}],"inLanguage":"pt-PT"},{"@type":"Organization","@id":"https:\/\/verbumdei.org\/porto\/#organization","name":"Verbum Dei Portugal Norte","url":"https:\/\/verbumdei.org\/porto\/","logo":{"@type":"ImageObject","inLanguage":"pt-PT","@id":"https:\/\/verbumdei.org\/porto\/#\/schema\/logo\/image\/","url":"https:\/\/verbumdei.org\/porto\/wp-content\/uploads\/2018\/07\/Logo2.jpg","contentUrl":"https:\/\/verbumdei.org\/porto\/wp-content\/uploads\/2018\/07\/Logo2.jpg","width":123,"height":120,"caption":"Verbum Dei Portugal Norte"},"image":{"@id":"https:\/\/verbumdei.org\/porto\/#\/schema\/logo\/image\/"},"sameAs":["https:\/\/www.facebook.com\/vdportoaveiro\/","https:\/\/instagram.com\/verbumdei.portugal.norte\/"]},{"@type":"Person","@id":"https:\/\/verbumdei.org\/porto\/#\/schema\/person\/fd582e6e68322821b57359627af58974","name":"Jos\u00e9 Figueiredo","url":"https:\/\/verbumdei.org\/porto\/author\/zecarlos\/"}]}},"jetpack_featured_media_url":"","jetpack_sharing_enabled":true,"_links":{"self":[{"href":"https:\/\/verbumdei.org\/porto\/wp-json\/wp\/v2\/posts\/9464","targetHints":{"allow":["GET"]}}],"collection":[{"href":"https:\/\/verbumdei.org\/porto\/wp-json\/wp\/v2\/posts"}],"about":[{"href":"https:\/\/verbumdei.org\/porto\/wp-json\/wp\/v2\/types\/post"}],"author":[{"embeddable":true,"href":"https:\/\/verbumdei.org\/porto\/wp-json\/wp\/v2\/users\/6"}],"replies":[{"embeddable":true,"href":"https:\/\/verbumdei.org\/porto\/wp-json\/wp\/v2\/comments?post=9464"}],"version-history":[{"count":1,"href":"https:\/\/verbumdei.org\/porto\/wp-json\/wp\/v2\/posts\/9464\/revisions"}],"predecessor-version":[{"id":9467,"href":"https:\/\/verbumdei.org\/porto\/wp-json\/wp\/v2\/posts\/9464\/revisions\/9467"}],"wp:attachment":[{"href":"https:\/\/verbumdei.org\/porto\/wp-json\/wp\/v2\/media?parent=9464"}],"wp:term":[{"taxonomy":"category","embeddable":true,"href":"https:\/\/verbumdei.org\/porto\/wp-json\/wp\/v2\/categories?post=9464"},{"taxonomy":"post_tag","embeddable":true,"href":"https:\/\/verbumdei.org\/porto\/wp-json\/wp\/v2\/tags?post=9464"}],"curies":[{"name":"wp","href":"https:\/\/api.w.org\/{rel}","templated":true}]}}