{"id":9459,"date":"2025-03-30T06:00:49","date_gmt":"2025-03-30T05:00:49","guid":{"rendered":"https:\/\/verbumdei.org\/porto\/?p=9459"},"modified":"2025-03-30T00:39:51","modified_gmt":"2025-03-29T23:39:51","slug":"domingo-iv-da-quaresma-30-03-2025","status":"publish","type":"post","link":"https:\/\/verbumdei.org\/porto\/2025\/03\/30\/domingo-iv-da-quaresma-30-03-2025\/","title":{"rendered":"Domingo IV da Quaresma (30\/03\/2025)"},"content":{"rendered":"<p><img fetchpriority=\"high\" decoding=\"async\" class=\"wp-image-9460 aligncenter\" src=\"http:\/\/verbumdei.org\/porto\/wp-content\/uploads\/2025\/03\/Dom-IV-Quaresma-30-3-25-Inst-250x300.png\" alt=\"\" width=\"640\" height=\"768\" srcset=\"https:\/\/verbumdei.org\/porto\/wp-content\/uploads\/2025\/03\/Dom-IV-Quaresma-30-3-25-Inst-250x300.png 250w, https:\/\/verbumdei.org\/porto\/wp-content\/uploads\/2025\/03\/Dom-IV-Quaresma-30-3-25-Inst-580x697.png 580w, https:\/\/verbumdei.org\/porto\/wp-content\/uploads\/2025\/03\/Dom-IV-Quaresma-30-3-25-Inst.png 619w\" sizes=\"(max-width: 640px) 100vw, 640px\" \/><\/p>\n<p><strong>Domingo IV da Quaresma, 30 de mar\u00e7o de 2025<\/strong><\/p>\n<p>&nbsp;<\/p>\n<p><strong>Lc 15,11-32<\/strong><\/p>\n<p><sup>20<\/sup>*\u2026 Quando ainda estava longe, o pai viu-o e, enchendo-se de compaix\u00e3o, correu a lan\u00e7ar-se-lhe ao pesco\u00e7o e cobriu-o de beijos.<sup> 21 <\/sup>O filho disse-lhe: &#8216;Pai, pequei contra o C\u00e9u e contra ti; j\u00e1 n\u00e3o mere\u00e7o ser chamado teu filho.&#8217; <sup>22<\/sup>Mas o pai disse aos seus servos: &#8216;Trazei depressa a melhor t\u00fanica e vesti-lha; dai-lhe um anel para o dedo e sand\u00e1lias para os p\u00e9s. <sup>23<\/sup>Trazei o vitelo gordo e matai-o; vamos fazer um banquete e alegrar-nos, <sup>24<\/sup>*porque este meu filho estava morto e reviveu, estava perdido e foi encontrado.&#8217;<\/p>\n<p><strong>Proposta<\/strong><\/p>\n<p>Deus, nosso Pai misericordioso, h\u00e1 muitas maneiras de nos afastarmos de Ti, do teu Amor, da tua casa, do teu lar. Ajuda-me a reconhec\u00ea-las, e a voltar a Ti. Que bom podermos, como este filho perdido longe de Ti, reconhecer sempre que, perto de Ti, nunca nos faltar\u00e1 nada, como o alimento e a seguran\u00e7a da tua casa e da Tua companhia. Que bom podermos seguir a hist\u00f3ria at\u00e9 ao fim, para receber o teu abra\u00e7o, os teus beijos, o teu perd\u00e3o. Ouvir chamar-me filho, e com festa recome\u00e7ar de novo.<\/p>\n","protected":false},"excerpt":{"rendered":"<p>Domingo IV da Quaresma, 30 de mar\u00e7o de 2025 &nbsp; Lc 15,11-32 20*\u2026 Quando ainda estava longe, o pai viu-o e, enchendo-se de compaix\u00e3o, correu a lan\u00e7ar-se-lhe ao pesco\u00e7o e<a href=\"https:\/\/verbumdei.org\/porto\/2025\/03\/30\/domingo-iv-da-quaresma-30-03-2025\/\" rel=\"bookmark\"><span class=\"screen-reader-text\">Domingo IV da Quaresma (30\/03\/2025)<\/span><\/a><\/p>\n","protected":false},"author":6,"featured_media":0,"comment_status":"closed","ping_status":"closed","sticky":false,"template":"","format":"standard","meta":{"rop_custom_images_group":[],"rop_custom_messages_group":[],"rop_publish_now":"initial","rop_publish_now_accounts":[],"rop_publish_now_history":[],"rop_publish_now_status":"pending","neve_meta_sidebar":"","neve_meta_container":"","neve_meta_enable_content_width":"","neve_meta_content_width":0,"neve_meta_title_alignment":"","neve_meta_author_avatar":"","neve_post_elements_order":"","neve_meta_disable_header":"","neve_meta_disable_footer":"","neve_meta_disable_title":"","_themeisle_gutenberg_block_has_review":false,"_jetpack_memberships_contains_paid_content":false,"footnotes":""},"categories":[88,63,60],"tags":[],"class_list":["post-9459","post","type-post","status-publish","format-standard","hentry","category-avisos","category-noticias","category-pistas-de-oracao"],"yoast_head":"<!-- This site is optimized with the Yoast SEO plugin v27.5 - https:\/\/yoast.com\/product\/yoast-seo-wordpress\/ -->\n<title>Domingo IV da Quaresma (30\/03\/2025) - Verbum Dei Norte<\/title>\n<meta name=\"robots\" content=\"index, follow, max-snippet:-1, max-image-preview:large, max-video-preview:-1\" \/>\n<link rel=\"canonical\" href=\"https:\/\/verbumdei.org\/porto\/2025\/03\/30\/domingo-iv-da-quaresma-30-03-2025\/\" \/>\n<meta property=\"og:locale\" content=\"pt_PT\" \/>\n<meta property=\"og:type\" content=\"article\" \/>\n<meta property=\"og:title\" content=\"Domingo IV da Quaresma (30\/03\/2025) - Verbum Dei Norte\" \/>\n<meta property=\"og:description\" content=\"Domingo IV da Quaresma, 30 de mar\u00e7o de 2025 &nbsp; Lc 15,11-32 20*\u2026 Quando ainda estava longe, o pai viu-o e, enchendo-se de compaix\u00e3o, correu a lan\u00e7ar-se-lhe ao pesco\u00e7o eDomingo IV da Quaresma (30\/03\/2025)\" \/>\n<meta property=\"og:url\" content=\"https:\/\/verbumdei.org\/porto\/2025\/03\/30\/domingo-iv-da-quaresma-30-03-2025\/\" \/>\n<meta property=\"og:site_name\" content=\"Verbum Dei Norte\" \/>\n<meta property=\"article:publisher\" content=\"https:\/\/www.facebook.com\/vdportoaveiro\/\" \/>\n<meta property=\"article:published_time\" content=\"2025-03-30T05:00:49+00:00\" \/>\n<meta property=\"og:image\" content=\"http:\/\/verbumdei.org\/porto\/wp-content\/uploads\/2025\/03\/Dom-IV-Quaresma-30-3-25-Inst-250x300.png\" \/>\n<meta name=\"author\" content=\"Jos\u00e9 Figueiredo\" \/>\n<meta name=\"twitter:card\" content=\"summary_large_image\" \/>\n<meta name=\"twitter:label1\" content=\"Escrito por\" \/>\n\t<meta name=\"twitter:data1\" content=\"Jos\u00e9 Figueiredo\" \/>\n\t<meta name=\"twitter:label2\" content=\"Tempo estimado de leitura\" \/>\n\t<meta name=\"twitter:data2\" content=\"2 minutos\" \/>\n<script type=\"application\/ld+json\" class=\"yoast-schema-graph\">{\"@context\":\"https:\\\/\\\/schema.org\",\"@graph\":[{\"@type\":\"Article\",\"@id\":\"https:\\\/\\\/verbumdei.org\\\/porto\\\/2025\\\/03\\\/30\\\/domingo-iv-da-quaresma-30-03-2025\\\/#article\",\"isPartOf\":{\"@id\":\"https:\\\/\\\/verbumdei.org\\\/porto\\\/2025\\\/03\\\/30\\\/domingo-iv-da-quaresma-30-03-2025\\\/\"},\"author\":{\"name\":\"Jos\u00e9 Figueiredo\",\"@id\":\"https:\\\/\\\/verbumdei.org\\\/porto\\\/#\\\/schema\\\/person\\\/fd582e6e68322821b57359627af58974\"},\"headline\":\"Domingo IV da Quaresma (30\\\/03\\\/2025)\",\"datePublished\":\"2025-03-30T05:00:49+00:00\",\"mainEntityOfPage\":{\"@id\":\"https:\\\/\\\/verbumdei.org\\\/porto\\\/2025\\\/03\\\/30\\\/domingo-iv-da-quaresma-30-03-2025\\\/\"},\"wordCount\":212,\"publisher\":{\"@id\":\"https:\\\/\\\/verbumdei.org\\\/porto\\\/#organization\"},\"image\":{\"@id\":\"https:\\\/\\\/verbumdei.org\\\/porto\\\/2025\\\/03\\\/30\\\/domingo-iv-da-quaresma-30-03-2025\\\/#primaryimage\"},\"thumbnailUrl\":\"http:\\\/\\\/verbumdei.org\\\/porto\\\/wp-content\\\/uploads\\\/2025\\\/03\\\/Dom-IV-Quaresma-30-3-25-Inst-250x300.png\",\"articleSection\":[\"Avisos\",\"Not\u00edcias\",\"Pistas de Ora\u00e7\u00e3o\"],\"inLanguage\":\"pt-PT\"},{\"@type\":\"WebPage\",\"@id\":\"https:\\\/\\\/verbumdei.org\\\/porto\\\/2025\\\/03\\\/30\\\/domingo-iv-da-quaresma-30-03-2025\\\/\",\"url\":\"https:\\\/\\\/verbumdei.org\\\/porto\\\/2025\\\/03\\\/30\\\/domingo-iv-da-quaresma-30-03-2025\\\/\",\"name\":\"Domingo IV da Quaresma (30\\\/03\\\/2025) - Verbum Dei Norte\",\"isPartOf\":{\"@id\":\"https:\\\/\\\/verbumdei.org\\\/porto\\\/#website\"},\"primaryImageOfPage\":{\"@id\":\"https:\\\/\\\/verbumdei.org\\\/porto\\\/2025\\\/03\\\/30\\\/domingo-iv-da-quaresma-30-03-2025\\\/#primaryimage\"},\"image\":{\"@id\":\"https:\\\/\\\/verbumdei.org\\\/porto\\\/2025\\\/03\\\/30\\\/domingo-iv-da-quaresma-30-03-2025\\\/#primaryimage\"},\"thumbnailUrl\":\"http:\\\/\\\/verbumdei.org\\\/porto\\\/wp-content\\\/uploads\\\/2025\\\/03\\\/Dom-IV-Quaresma-30-3-25-Inst-250x300.png\",\"datePublished\":\"2025-03-30T05:00:49+00:00\",\"breadcrumb\":{\"@id\":\"https:\\\/\\\/verbumdei.org\\\/porto\\\/2025\\\/03\\\/30\\\/domingo-iv-da-quaresma-30-03-2025\\\/#breadcrumb\"},\"inLanguage\":\"pt-PT\",\"potentialAction\":[{\"@type\":\"ReadAction\",\"target\":[\"https:\\\/\\\/verbumdei.org\\\/porto\\\/2025\\\/03\\\/30\\\/domingo-iv-da-quaresma-30-03-2025\\\/\"]}]},{\"@type\":\"ImageObject\",\"inLanguage\":\"pt-PT\",\"@id\":\"https:\\\/\\\/verbumdei.org\\\/porto\\\/2025\\\/03\\\/30\\\/domingo-iv-da-quaresma-30-03-2025\\\/#primaryimage\",\"url\":\"http:\\\/\\\/verbumdei.org\\\/porto\\\/wp-content\\\/uploads\\\/2025\\\/03\\\/Dom-IV-Quaresma-30-3-25-Inst-250x300.png\",\"contentUrl\":\"http:\\\/\\\/verbumdei.org\\\/porto\\\/wp-content\\\/uploads\\\/2025\\\/03\\\/Dom-IV-Quaresma-30-3-25-Inst-250x300.png\"},{\"@type\":\"BreadcrumbList\",\"@id\":\"https:\\\/\\\/verbumdei.org\\\/porto\\\/2025\\\/03\\\/30\\\/domingo-iv-da-quaresma-30-03-2025\\\/#breadcrumb\",\"itemListElement\":[{\"@type\":\"ListItem\",\"position\":1,\"name\":\"In\u00edcio\",\"item\":\"https:\\\/\\\/verbumdei.org\\\/porto\\\/\"},{\"@type\":\"ListItem\",\"position\":2,\"name\":\"Domingo IV da Quaresma (30\\\/03\\\/2025)\"}]},{\"@type\":\"WebSite\",\"@id\":\"https:\\\/\\\/verbumdei.org\\\/porto\\\/#website\",\"url\":\"https:\\\/\\\/verbumdei.org\\\/porto\\\/\",\"name\":\"Verbum Dei Portugal Norte\",\"description\":\"Mission\u00e1rios Verbum Dei no Porto e Aveiro: ora\u00e7\u00e3o, retiro espiritual, forma\u00e7\u00e3o crist\u00e3 e evangeliza\u00e7\u00e3o\",\"publisher\":{\"@id\":\"https:\\\/\\\/verbumdei.org\\\/porto\\\/#organization\"},\"potentialAction\":[{\"@type\":\"SearchAction\",\"target\":{\"@type\":\"EntryPoint\",\"urlTemplate\":\"https:\\\/\\\/verbumdei.org\\\/porto\\\/?s={search_term_string}\"},\"query-input\":{\"@type\":\"PropertyValueSpecification\",\"valueRequired\":true,\"valueName\":\"search_term_string\"}}],\"inLanguage\":\"pt-PT\"},{\"@type\":\"Organization\",\"@id\":\"https:\\\/\\\/verbumdei.org\\\/porto\\\/#organization\",\"name\":\"Verbum Dei Portugal Norte\",\"url\":\"https:\\\/\\\/verbumdei.org\\\/porto\\\/\",\"logo\":{\"@type\":\"ImageObject\",\"inLanguage\":\"pt-PT\",\"@id\":\"https:\\\/\\\/verbumdei.org\\\/porto\\\/#\\\/schema\\\/logo\\\/image\\\/\",\"url\":\"https:\\\/\\\/verbumdei.org\\\/porto\\\/wp-content\\\/uploads\\\/2018\\\/07\\\/Logo2.jpg\",\"contentUrl\":\"https:\\\/\\\/verbumdei.org\\\/porto\\\/wp-content\\\/uploads\\\/2018\\\/07\\\/Logo2.jpg\",\"width\":123,\"height\":120,\"caption\":\"Verbum Dei Portugal Norte\"},\"image\":{\"@id\":\"https:\\\/\\\/verbumdei.org\\\/porto\\\/#\\\/schema\\\/logo\\\/image\\\/\"},\"sameAs\":[\"https:\\\/\\\/www.facebook.com\\\/vdportoaveiro\\\/\",\"https:\\\/\\\/instagram.com\\\/verbumdei.portugal.norte\\\/\"]},{\"@type\":\"Person\",\"@id\":\"https:\\\/\\\/verbumdei.org\\\/porto\\\/#\\\/schema\\\/person\\\/fd582e6e68322821b57359627af58974\",\"name\":\"Jos\u00e9 Figueiredo\",\"url\":\"https:\\\/\\\/verbumdei.org\\\/porto\\\/author\\\/zecarlos\\\/\"}]}<\/script>\n<!-- \/ Yoast SEO plugin. -->","yoast_head_json":{"title":"Domingo IV da Quaresma (30\/03\/2025) - Verbum Dei Norte","robots":{"index":"index","follow":"follow","max-snippet":"max-snippet:-1","max-image-preview":"max-image-preview:large","max-video-preview":"max-video-preview:-1"},"canonical":"https:\/\/verbumdei.org\/porto\/2025\/03\/30\/domingo-iv-da-quaresma-30-03-2025\/","og_locale":"pt_PT","og_type":"article","og_title":"Domingo IV da Quaresma (30\/03\/2025) - Verbum Dei Norte","og_description":"Domingo IV da Quaresma, 30 de mar\u00e7o de 2025 &nbsp; Lc 15,11-32 20*\u2026 Quando ainda estava longe, o pai viu-o e, enchendo-se de compaix\u00e3o, correu a lan\u00e7ar-se-lhe ao pesco\u00e7o eDomingo IV da Quaresma (30\/03\/2025)","og_url":"https:\/\/verbumdei.org\/porto\/2025\/03\/30\/domingo-iv-da-quaresma-30-03-2025\/","og_site_name":"Verbum Dei Norte","article_publisher":"https:\/\/www.facebook.com\/vdportoaveiro\/","article_published_time":"2025-03-30T05:00:49+00:00","og_image":[{"url":"http:\/\/verbumdei.org\/porto\/wp-content\/uploads\/2025\/03\/Dom-IV-Quaresma-30-3-25-Inst-250x300.png","type":"","width":"","height":""}],"author":"Jos\u00e9 Figueiredo","twitter_card":"summary_large_image","twitter_misc":{"Escrito por":"Jos\u00e9 Figueiredo","Tempo estimado de leitura":"2 minutos"},"schema":{"@context":"https:\/\/schema.org","@graph":[{"@type":"Article","@id":"https:\/\/verbumdei.org\/porto\/2025\/03\/30\/domingo-iv-da-quaresma-30-03-2025\/#article","isPartOf":{"@id":"https:\/\/verbumdei.org\/porto\/2025\/03\/30\/domingo-iv-da-quaresma-30-03-2025\/"},"author":{"name":"Jos\u00e9 Figueiredo","@id":"https:\/\/verbumdei.org\/porto\/#\/schema\/person\/fd582e6e68322821b57359627af58974"},"headline":"Domingo IV da Quaresma (30\/03\/2025)","datePublished":"2025-03-30T05:00:49+00:00","mainEntityOfPage":{"@id":"https:\/\/verbumdei.org\/porto\/2025\/03\/30\/domingo-iv-da-quaresma-30-03-2025\/"},"wordCount":212,"publisher":{"@id":"https:\/\/verbumdei.org\/porto\/#organization"},"image":{"@id":"https:\/\/verbumdei.org\/porto\/2025\/03\/30\/domingo-iv-da-quaresma-30-03-2025\/#primaryimage"},"thumbnailUrl":"http:\/\/verbumdei.org\/porto\/wp-content\/uploads\/2025\/03\/Dom-IV-Quaresma-30-3-25-Inst-250x300.png","articleSection":["Avisos","Not\u00edcias","Pistas de Ora\u00e7\u00e3o"],"inLanguage":"pt-PT"},{"@type":"WebPage","@id":"https:\/\/verbumdei.org\/porto\/2025\/03\/30\/domingo-iv-da-quaresma-30-03-2025\/","url":"https:\/\/verbumdei.org\/porto\/2025\/03\/30\/domingo-iv-da-quaresma-30-03-2025\/","name":"Domingo IV da Quaresma (30\/03\/2025) - Verbum Dei Norte","isPartOf":{"@id":"https:\/\/verbumdei.org\/porto\/#website"},"primaryImageOfPage":{"@id":"https:\/\/verbumdei.org\/porto\/2025\/03\/30\/domingo-iv-da-quaresma-30-03-2025\/#primaryimage"},"image":{"@id":"https:\/\/verbumdei.org\/porto\/2025\/03\/30\/domingo-iv-da-quaresma-30-03-2025\/#primaryimage"},"thumbnailUrl":"http:\/\/verbumdei.org\/porto\/wp-content\/uploads\/2025\/03\/Dom-IV-Quaresma-30-3-25-Inst-250x300.png","datePublished":"2025-03-30T05:00:49+00:00","breadcrumb":{"@id":"https:\/\/verbumdei.org\/porto\/2025\/03\/30\/domingo-iv-da-quaresma-30-03-2025\/#breadcrumb"},"inLanguage":"pt-PT","potentialAction":[{"@type":"ReadAction","target":["https:\/\/verbumdei.org\/porto\/2025\/03\/30\/domingo-iv-da-quaresma-30-03-2025\/"]}]},{"@type":"ImageObject","inLanguage":"pt-PT","@id":"https:\/\/verbumdei.org\/porto\/2025\/03\/30\/domingo-iv-da-quaresma-30-03-2025\/#primaryimage","url":"http:\/\/verbumdei.org\/porto\/wp-content\/uploads\/2025\/03\/Dom-IV-Quaresma-30-3-25-Inst-250x300.png","contentUrl":"http:\/\/verbumdei.org\/porto\/wp-content\/uploads\/2025\/03\/Dom-IV-Quaresma-30-3-25-Inst-250x300.png"},{"@type":"BreadcrumbList","@id":"https:\/\/verbumdei.org\/porto\/2025\/03\/30\/domingo-iv-da-quaresma-30-03-2025\/#breadcrumb","itemListElement":[{"@type":"ListItem","position":1,"name":"In\u00edcio","item":"https:\/\/verbumdei.org\/porto\/"},{"@type":"ListItem","position":2,"name":"Domingo IV da Quaresma (30\/03\/2025)"}]},{"@type":"WebSite","@id":"https:\/\/verbumdei.org\/porto\/#website","url":"https:\/\/verbumdei.org\/porto\/","name":"Verbum Dei Portugal Norte","description":"Mission\u00e1rios Verbum Dei no Porto e Aveiro: ora\u00e7\u00e3o, retiro espiritual, forma\u00e7\u00e3o crist\u00e3 e evangeliza\u00e7\u00e3o","publisher":{"@id":"https:\/\/verbumdei.org\/porto\/#organization"},"potentialAction":[{"@type":"SearchAction","target":{"@type":"EntryPoint","urlTemplate":"https:\/\/verbumdei.org\/porto\/?s={search_term_string}"},"query-input":{"@type":"PropertyValueSpecification","valueRequired":true,"valueName":"search_term_string"}}],"inLanguage":"pt-PT"},{"@type":"Organization","@id":"https:\/\/verbumdei.org\/porto\/#organization","name":"Verbum Dei Portugal Norte","url":"https:\/\/verbumdei.org\/porto\/","logo":{"@type":"ImageObject","inLanguage":"pt-PT","@id":"https:\/\/verbumdei.org\/porto\/#\/schema\/logo\/image\/","url":"https:\/\/verbumdei.org\/porto\/wp-content\/uploads\/2018\/07\/Logo2.jpg","contentUrl":"https:\/\/verbumdei.org\/porto\/wp-content\/uploads\/2018\/07\/Logo2.jpg","width":123,"height":120,"caption":"Verbum Dei Portugal Norte"},"image":{"@id":"https:\/\/verbumdei.org\/porto\/#\/schema\/logo\/image\/"},"sameAs":["https:\/\/www.facebook.com\/vdportoaveiro\/","https:\/\/instagram.com\/verbumdei.portugal.norte\/"]},{"@type":"Person","@id":"https:\/\/verbumdei.org\/porto\/#\/schema\/person\/fd582e6e68322821b57359627af58974","name":"Jos\u00e9 Figueiredo","url":"https:\/\/verbumdei.org\/porto\/author\/zecarlos\/"}]}},"jetpack_featured_media_url":"","jetpack_sharing_enabled":true,"_links":{"self":[{"href":"https:\/\/verbumdei.org\/porto\/wp-json\/wp\/v2\/posts\/9459","targetHints":{"allow":["GET"]}}],"collection":[{"href":"https:\/\/verbumdei.org\/porto\/wp-json\/wp\/v2\/posts"}],"about":[{"href":"https:\/\/verbumdei.org\/porto\/wp-json\/wp\/v2\/types\/post"}],"author":[{"embeddable":true,"href":"https:\/\/verbumdei.org\/porto\/wp-json\/wp\/v2\/users\/6"}],"replies":[{"embeddable":true,"href":"https:\/\/verbumdei.org\/porto\/wp-json\/wp\/v2\/comments?post=9459"}],"version-history":[{"count":1,"href":"https:\/\/verbumdei.org\/porto\/wp-json\/wp\/v2\/posts\/9459\/revisions"}],"predecessor-version":[{"id":9461,"href":"https:\/\/verbumdei.org\/porto\/wp-json\/wp\/v2\/posts\/9459\/revisions\/9461"}],"wp:attachment":[{"href":"https:\/\/verbumdei.org\/porto\/wp-json\/wp\/v2\/media?parent=9459"}],"wp:term":[{"taxonomy":"category","embeddable":true,"href":"https:\/\/verbumdei.org\/porto\/wp-json\/wp\/v2\/categories?post=9459"},{"taxonomy":"post_tag","embeddable":true,"href":"https:\/\/verbumdei.org\/porto\/wp-json\/wp\/v2\/tags?post=9459"}],"curies":[{"name":"wp","href":"https:\/\/api.w.org\/{rel}","templated":true}]}}