{"id":9457,"date":"2025-03-29T07:00:31","date_gmt":"2025-03-29T06:00:31","guid":{"rendered":"https:\/\/verbumdei.org\/porto\/?p=9457"},"modified":"2025-03-29T00:01:41","modified_gmt":"2025-03-28T23:01:41","slug":"sabado-iii-da-quaresma-29-03-2025-2","status":"publish","type":"post","link":"https:\/\/verbumdei.org\/porto\/2025\/03\/29\/sabado-iii-da-quaresma-29-03-2025-2\/","title":{"rendered":"S\u00e1bado III da Quaresma (29\/03\/2025)"},"content":{"rendered":"<p><img fetchpriority=\"high\" decoding=\"async\" class=\"wp-image-9454 aligncenter\" src=\"http:\/\/verbumdei.org\/porto\/wp-content\/uploads\/2025\/03\/Sab-III-Quaresma-29-3-25-Inst-241x300.png\" alt=\"\" width=\"511\" height=\"636\" srcset=\"https:\/\/verbumdei.org\/porto\/wp-content\/uploads\/2025\/03\/Sab-III-Quaresma-29-3-25-Inst-241x300.png 241w, https:\/\/verbumdei.org\/porto\/wp-content\/uploads\/2025\/03\/Sab-III-Quaresma-29-3-25-Inst-580x723.png 580w, https:\/\/verbumdei.org\/porto\/wp-content\/uploads\/2025\/03\/Sab-III-Quaresma-29-3-25-Inst.png 616w\" sizes=\"(max-width: 511px) 100vw, 511px\" \/><\/p>\n<p><strong>S\u00e1bado III da Quaresma, 29 de mar\u00e7o de 2025<\/strong><\/p>\n<p><strong>Lc 18,9-14:<\/strong><\/p>\n<p>\u00abDois homens subiram ao templo para orar; um era fariseu e o outro publicano. O fariseu, de p\u00e9, orava assim: &#8216;Meu Deus, dou-Vos gra\u00e7as por n\u00e3o ser como os outros homens, que s\u00e3o ladr\u00f5es, injustos e ad\u00falteros, nem como este publicano. Jejuo duas vezes por semana e pago o d\u00edzimo de tudo quanto possuo&#8217;. O publicano ficou a dist\u00e2ncia e nem sequer se atrevia a erguer os olhos ao C\u00e9u; mas batia no peito e dizia: &#8216;Meu Deus, tende compaix\u00e3o de mim, que sou pecador&#8217;. Eu vos digo que este desceu justificado para sua casa e o outro n\u00e3o. todo aquele que se exalta ser\u00e1 humilhado e quem se humilha ser\u00e1 exaltado\u00bb.<\/p>\n<p>Ao ler o evangelho de hoje, fiquei muito feliz, porque acredito que esta mensagem \u00e9 capaz de mudar de forma concreta a minha vida e a tua, uma vez que passamos a compreender o sentido real e concreto do ato de ser humilde, e n\u00e3o apenas do conceito de humildade; podemos ser transformados interiormente, e executar gestos no nosso cotidiano que nos ir\u00e3o proporcionar sentimentos bons e alegres. Nesta par\u00e1bola do publicano vemos o grande encontro da mis\u00e9ria com a miseric\u00f3rdia; mas, se n\u00f3s n\u00e3o nos dermos conta da nossa mis\u00e9ria, jamais iremos encontrar a miseric\u00f3rdia divina. D\u00e1-me Senhor um cora\u00e7\u00e3o puro e humilde, e assim como aquele cobrador de impostos clamou a ti, tamb\u00e9m eu te pe\u00e7o agora: tem piedade de mim, que sou pecador.<\/p>\n","protected":false},"excerpt":{"rendered":"<p>S\u00e1bado III da Quaresma, 29 de mar\u00e7o de 2025 Lc 18,9-14: \u00abDois homens subiram ao templo para orar; um era fariseu e o outro publicano. O fariseu, de p\u00e9, orava<a href=\"https:\/\/verbumdei.org\/porto\/2025\/03\/29\/sabado-iii-da-quaresma-29-03-2025-2\/\" rel=\"bookmark\"><span class=\"screen-reader-text\">S\u00e1bado III da Quaresma (29\/03\/2025)<\/span><\/a><\/p>\n","protected":false},"author":6,"featured_media":0,"comment_status":"closed","ping_status":"closed","sticky":false,"template":"","format":"standard","meta":{"rop_custom_images_group":[],"rop_custom_messages_group":[],"rop_publish_now":"initial","rop_publish_now_accounts":[],"rop_publish_now_history":[],"rop_publish_now_status":"pending","neve_meta_sidebar":"","neve_meta_container":"","neve_meta_enable_content_width":"","neve_meta_content_width":0,"neve_meta_title_alignment":"","neve_meta_author_avatar":"","neve_post_elements_order":"","neve_meta_disable_header":"","neve_meta_disable_footer":"","neve_meta_disable_title":"","_themeisle_gutenberg_block_has_review":false,"_jetpack_memberships_contains_paid_content":false,"footnotes":""},"categories":[88,63,60],"tags":[],"class_list":["post-9457","post","type-post","status-publish","format-standard","hentry","category-avisos","category-noticias","category-pistas-de-oracao"],"yoast_head":"<!-- This site is optimized with the Yoast SEO plugin v27.5 - https:\/\/yoast.com\/product\/yoast-seo-wordpress\/ -->\n<title>S\u00e1bado III da Quaresma (29\/03\/2025) - Verbum Dei Norte<\/title>\n<meta name=\"robots\" content=\"index, follow, max-snippet:-1, max-image-preview:large, max-video-preview:-1\" \/>\n<link rel=\"canonical\" href=\"https:\/\/verbumdei.org\/porto\/2025\/03\/29\/sabado-iii-da-quaresma-29-03-2025-2\/\" \/>\n<meta property=\"og:locale\" content=\"pt_PT\" \/>\n<meta property=\"og:type\" content=\"article\" \/>\n<meta property=\"og:title\" content=\"S\u00e1bado III da Quaresma (29\/03\/2025) - Verbum Dei Norte\" \/>\n<meta property=\"og:description\" content=\"S\u00e1bado III da Quaresma, 29 de mar\u00e7o de 2025 Lc 18,9-14: \u00abDois homens subiram ao templo para orar; um era fariseu e o outro publicano. O fariseu, de p\u00e9, oravaS\u00e1bado III da Quaresma (29\/03\/2025)\" \/>\n<meta property=\"og:url\" content=\"https:\/\/verbumdei.org\/porto\/2025\/03\/29\/sabado-iii-da-quaresma-29-03-2025-2\/\" \/>\n<meta property=\"og:site_name\" content=\"Verbum Dei Norte\" \/>\n<meta property=\"article:publisher\" content=\"https:\/\/www.facebook.com\/vdportoaveiro\/\" \/>\n<meta property=\"article:published_time\" content=\"2025-03-29T06:00:31+00:00\" \/>\n<meta property=\"og:image\" content=\"http:\/\/verbumdei.org\/porto\/wp-content\/uploads\/2025\/03\/Sab-III-Quaresma-29-3-25-Inst-241x300.png\" \/>\n<meta name=\"author\" content=\"Jos\u00e9 Figueiredo\" \/>\n<meta name=\"twitter:card\" content=\"summary_large_image\" \/>\n<meta name=\"twitter:label1\" content=\"Escrito por\" \/>\n\t<meta name=\"twitter:data1\" content=\"Jos\u00e9 Figueiredo\" \/>\n\t<meta name=\"twitter:label2\" content=\"Tempo estimado de leitura\" \/>\n\t<meta name=\"twitter:data2\" content=\"2 minutos\" \/>\n<script type=\"application\/ld+json\" class=\"yoast-schema-graph\">{\"@context\":\"https:\\\/\\\/schema.org\",\"@graph\":[{\"@type\":\"Article\",\"@id\":\"https:\\\/\\\/verbumdei.org\\\/porto\\\/2025\\\/03\\\/29\\\/sabado-iii-da-quaresma-29-03-2025-2\\\/#article\",\"isPartOf\":{\"@id\":\"https:\\\/\\\/verbumdei.org\\\/porto\\\/2025\\\/03\\\/29\\\/sabado-iii-da-quaresma-29-03-2025-2\\\/\"},\"author\":{\"name\":\"Jos\u00e9 Figueiredo\",\"@id\":\"https:\\\/\\\/verbumdei.org\\\/porto\\\/#\\\/schema\\\/person\\\/fd582e6e68322821b57359627af58974\"},\"headline\":\"S\u00e1bado III da Quaresma (29\\\/03\\\/2025)\",\"datePublished\":\"2025-03-29T06:00:31+00:00\",\"mainEntityOfPage\":{\"@id\":\"https:\\\/\\\/verbumdei.org\\\/porto\\\/2025\\\/03\\\/29\\\/sabado-iii-da-quaresma-29-03-2025-2\\\/\"},\"wordCount\":276,\"publisher\":{\"@id\":\"https:\\\/\\\/verbumdei.org\\\/porto\\\/#organization\"},\"image\":{\"@id\":\"https:\\\/\\\/verbumdei.org\\\/porto\\\/2025\\\/03\\\/29\\\/sabado-iii-da-quaresma-29-03-2025-2\\\/#primaryimage\"},\"thumbnailUrl\":\"http:\\\/\\\/verbumdei.org\\\/porto\\\/wp-content\\\/uploads\\\/2025\\\/03\\\/Sab-III-Quaresma-29-3-25-Inst-241x300.png\",\"articleSection\":[\"Avisos\",\"Not\u00edcias\",\"Pistas de Ora\u00e7\u00e3o\"],\"inLanguage\":\"pt-PT\"},{\"@type\":\"WebPage\",\"@id\":\"https:\\\/\\\/verbumdei.org\\\/porto\\\/2025\\\/03\\\/29\\\/sabado-iii-da-quaresma-29-03-2025-2\\\/\",\"url\":\"https:\\\/\\\/verbumdei.org\\\/porto\\\/2025\\\/03\\\/29\\\/sabado-iii-da-quaresma-29-03-2025-2\\\/\",\"name\":\"S\u00e1bado III da Quaresma (29\\\/03\\\/2025) - Verbum Dei Norte\",\"isPartOf\":{\"@id\":\"https:\\\/\\\/verbumdei.org\\\/porto\\\/#website\"},\"primaryImageOfPage\":{\"@id\":\"https:\\\/\\\/verbumdei.org\\\/porto\\\/2025\\\/03\\\/29\\\/sabado-iii-da-quaresma-29-03-2025-2\\\/#primaryimage\"},\"image\":{\"@id\":\"https:\\\/\\\/verbumdei.org\\\/porto\\\/2025\\\/03\\\/29\\\/sabado-iii-da-quaresma-29-03-2025-2\\\/#primaryimage\"},\"thumbnailUrl\":\"http:\\\/\\\/verbumdei.org\\\/porto\\\/wp-content\\\/uploads\\\/2025\\\/03\\\/Sab-III-Quaresma-29-3-25-Inst-241x300.png\",\"datePublished\":\"2025-03-29T06:00:31+00:00\",\"breadcrumb\":{\"@id\":\"https:\\\/\\\/verbumdei.org\\\/porto\\\/2025\\\/03\\\/29\\\/sabado-iii-da-quaresma-29-03-2025-2\\\/#breadcrumb\"},\"inLanguage\":\"pt-PT\",\"potentialAction\":[{\"@type\":\"ReadAction\",\"target\":[\"https:\\\/\\\/verbumdei.org\\\/porto\\\/2025\\\/03\\\/29\\\/sabado-iii-da-quaresma-29-03-2025-2\\\/\"]}]},{\"@type\":\"ImageObject\",\"inLanguage\":\"pt-PT\",\"@id\":\"https:\\\/\\\/verbumdei.org\\\/porto\\\/2025\\\/03\\\/29\\\/sabado-iii-da-quaresma-29-03-2025-2\\\/#primaryimage\",\"url\":\"http:\\\/\\\/verbumdei.org\\\/porto\\\/wp-content\\\/uploads\\\/2025\\\/03\\\/Sab-III-Quaresma-29-3-25-Inst-241x300.png\",\"contentUrl\":\"http:\\\/\\\/verbumdei.org\\\/porto\\\/wp-content\\\/uploads\\\/2025\\\/03\\\/Sab-III-Quaresma-29-3-25-Inst-241x300.png\"},{\"@type\":\"BreadcrumbList\",\"@id\":\"https:\\\/\\\/verbumdei.org\\\/porto\\\/2025\\\/03\\\/29\\\/sabado-iii-da-quaresma-29-03-2025-2\\\/#breadcrumb\",\"itemListElement\":[{\"@type\":\"ListItem\",\"position\":1,\"name\":\"In\u00edcio\",\"item\":\"https:\\\/\\\/verbumdei.org\\\/porto\\\/\"},{\"@type\":\"ListItem\",\"position\":2,\"name\":\"S\u00e1bado III da Quaresma (29\\\/03\\\/2025)\"}]},{\"@type\":\"WebSite\",\"@id\":\"https:\\\/\\\/verbumdei.org\\\/porto\\\/#website\",\"url\":\"https:\\\/\\\/verbumdei.org\\\/porto\\\/\",\"name\":\"Verbum Dei Portugal Norte\",\"description\":\"Mission\u00e1rios Verbum Dei no Porto e Aveiro: ora\u00e7\u00e3o, retiro espiritual, forma\u00e7\u00e3o crist\u00e3 e evangeliza\u00e7\u00e3o\",\"publisher\":{\"@id\":\"https:\\\/\\\/verbumdei.org\\\/porto\\\/#organization\"},\"potentialAction\":[{\"@type\":\"SearchAction\",\"target\":{\"@type\":\"EntryPoint\",\"urlTemplate\":\"https:\\\/\\\/verbumdei.org\\\/porto\\\/?s={search_term_string}\"},\"query-input\":{\"@type\":\"PropertyValueSpecification\",\"valueRequired\":true,\"valueName\":\"search_term_string\"}}],\"inLanguage\":\"pt-PT\"},{\"@type\":\"Organization\",\"@id\":\"https:\\\/\\\/verbumdei.org\\\/porto\\\/#organization\",\"name\":\"Verbum Dei Portugal Norte\",\"url\":\"https:\\\/\\\/verbumdei.org\\\/porto\\\/\",\"logo\":{\"@type\":\"ImageObject\",\"inLanguage\":\"pt-PT\",\"@id\":\"https:\\\/\\\/verbumdei.org\\\/porto\\\/#\\\/schema\\\/logo\\\/image\\\/\",\"url\":\"https:\\\/\\\/verbumdei.org\\\/porto\\\/wp-content\\\/uploads\\\/2018\\\/07\\\/Logo2.jpg\",\"contentUrl\":\"https:\\\/\\\/verbumdei.org\\\/porto\\\/wp-content\\\/uploads\\\/2018\\\/07\\\/Logo2.jpg\",\"width\":123,\"height\":120,\"caption\":\"Verbum Dei Portugal Norte\"},\"image\":{\"@id\":\"https:\\\/\\\/verbumdei.org\\\/porto\\\/#\\\/schema\\\/logo\\\/image\\\/\"},\"sameAs\":[\"https:\\\/\\\/www.facebook.com\\\/vdportoaveiro\\\/\",\"https:\\\/\\\/instagram.com\\\/verbumdei.portugal.norte\\\/\"]},{\"@type\":\"Person\",\"@id\":\"https:\\\/\\\/verbumdei.org\\\/porto\\\/#\\\/schema\\\/person\\\/fd582e6e68322821b57359627af58974\",\"name\":\"Jos\u00e9 Figueiredo\",\"url\":\"https:\\\/\\\/verbumdei.org\\\/porto\\\/author\\\/zecarlos\\\/\"}]}<\/script>\n<!-- \/ Yoast SEO plugin. -->","yoast_head_json":{"title":"S\u00e1bado III da Quaresma (29\/03\/2025) - Verbum Dei Norte","robots":{"index":"index","follow":"follow","max-snippet":"max-snippet:-1","max-image-preview":"max-image-preview:large","max-video-preview":"max-video-preview:-1"},"canonical":"https:\/\/verbumdei.org\/porto\/2025\/03\/29\/sabado-iii-da-quaresma-29-03-2025-2\/","og_locale":"pt_PT","og_type":"article","og_title":"S\u00e1bado III da Quaresma (29\/03\/2025) - Verbum Dei Norte","og_description":"S\u00e1bado III da Quaresma, 29 de mar\u00e7o de 2025 Lc 18,9-14: \u00abDois homens subiram ao templo para orar; um era fariseu e o outro publicano. O fariseu, de p\u00e9, oravaS\u00e1bado III da Quaresma (29\/03\/2025)","og_url":"https:\/\/verbumdei.org\/porto\/2025\/03\/29\/sabado-iii-da-quaresma-29-03-2025-2\/","og_site_name":"Verbum Dei Norte","article_publisher":"https:\/\/www.facebook.com\/vdportoaveiro\/","article_published_time":"2025-03-29T06:00:31+00:00","og_image":[{"url":"http:\/\/verbumdei.org\/porto\/wp-content\/uploads\/2025\/03\/Sab-III-Quaresma-29-3-25-Inst-241x300.png","type":"","width":"","height":""}],"author":"Jos\u00e9 Figueiredo","twitter_card":"summary_large_image","twitter_misc":{"Escrito por":"Jos\u00e9 Figueiredo","Tempo estimado de leitura":"2 minutos"},"schema":{"@context":"https:\/\/schema.org","@graph":[{"@type":"Article","@id":"https:\/\/verbumdei.org\/porto\/2025\/03\/29\/sabado-iii-da-quaresma-29-03-2025-2\/#article","isPartOf":{"@id":"https:\/\/verbumdei.org\/porto\/2025\/03\/29\/sabado-iii-da-quaresma-29-03-2025-2\/"},"author":{"name":"Jos\u00e9 Figueiredo","@id":"https:\/\/verbumdei.org\/porto\/#\/schema\/person\/fd582e6e68322821b57359627af58974"},"headline":"S\u00e1bado III da Quaresma (29\/03\/2025)","datePublished":"2025-03-29T06:00:31+00:00","mainEntityOfPage":{"@id":"https:\/\/verbumdei.org\/porto\/2025\/03\/29\/sabado-iii-da-quaresma-29-03-2025-2\/"},"wordCount":276,"publisher":{"@id":"https:\/\/verbumdei.org\/porto\/#organization"},"image":{"@id":"https:\/\/verbumdei.org\/porto\/2025\/03\/29\/sabado-iii-da-quaresma-29-03-2025-2\/#primaryimage"},"thumbnailUrl":"http:\/\/verbumdei.org\/porto\/wp-content\/uploads\/2025\/03\/Sab-III-Quaresma-29-3-25-Inst-241x300.png","articleSection":["Avisos","Not\u00edcias","Pistas de Ora\u00e7\u00e3o"],"inLanguage":"pt-PT"},{"@type":"WebPage","@id":"https:\/\/verbumdei.org\/porto\/2025\/03\/29\/sabado-iii-da-quaresma-29-03-2025-2\/","url":"https:\/\/verbumdei.org\/porto\/2025\/03\/29\/sabado-iii-da-quaresma-29-03-2025-2\/","name":"S\u00e1bado III da Quaresma (29\/03\/2025) - Verbum Dei Norte","isPartOf":{"@id":"https:\/\/verbumdei.org\/porto\/#website"},"primaryImageOfPage":{"@id":"https:\/\/verbumdei.org\/porto\/2025\/03\/29\/sabado-iii-da-quaresma-29-03-2025-2\/#primaryimage"},"image":{"@id":"https:\/\/verbumdei.org\/porto\/2025\/03\/29\/sabado-iii-da-quaresma-29-03-2025-2\/#primaryimage"},"thumbnailUrl":"http:\/\/verbumdei.org\/porto\/wp-content\/uploads\/2025\/03\/Sab-III-Quaresma-29-3-25-Inst-241x300.png","datePublished":"2025-03-29T06:00:31+00:00","breadcrumb":{"@id":"https:\/\/verbumdei.org\/porto\/2025\/03\/29\/sabado-iii-da-quaresma-29-03-2025-2\/#breadcrumb"},"inLanguage":"pt-PT","potentialAction":[{"@type":"ReadAction","target":["https:\/\/verbumdei.org\/porto\/2025\/03\/29\/sabado-iii-da-quaresma-29-03-2025-2\/"]}]},{"@type":"ImageObject","inLanguage":"pt-PT","@id":"https:\/\/verbumdei.org\/porto\/2025\/03\/29\/sabado-iii-da-quaresma-29-03-2025-2\/#primaryimage","url":"http:\/\/verbumdei.org\/porto\/wp-content\/uploads\/2025\/03\/Sab-III-Quaresma-29-3-25-Inst-241x300.png","contentUrl":"http:\/\/verbumdei.org\/porto\/wp-content\/uploads\/2025\/03\/Sab-III-Quaresma-29-3-25-Inst-241x300.png"},{"@type":"BreadcrumbList","@id":"https:\/\/verbumdei.org\/porto\/2025\/03\/29\/sabado-iii-da-quaresma-29-03-2025-2\/#breadcrumb","itemListElement":[{"@type":"ListItem","position":1,"name":"In\u00edcio","item":"https:\/\/verbumdei.org\/porto\/"},{"@type":"ListItem","position":2,"name":"S\u00e1bado III da Quaresma (29\/03\/2025)"}]},{"@type":"WebSite","@id":"https:\/\/verbumdei.org\/porto\/#website","url":"https:\/\/verbumdei.org\/porto\/","name":"Verbum Dei Portugal Norte","description":"Mission\u00e1rios Verbum Dei no Porto e Aveiro: ora\u00e7\u00e3o, retiro espiritual, forma\u00e7\u00e3o crist\u00e3 e evangeliza\u00e7\u00e3o","publisher":{"@id":"https:\/\/verbumdei.org\/porto\/#organization"},"potentialAction":[{"@type":"SearchAction","target":{"@type":"EntryPoint","urlTemplate":"https:\/\/verbumdei.org\/porto\/?s={search_term_string}"},"query-input":{"@type":"PropertyValueSpecification","valueRequired":true,"valueName":"search_term_string"}}],"inLanguage":"pt-PT"},{"@type":"Organization","@id":"https:\/\/verbumdei.org\/porto\/#organization","name":"Verbum Dei Portugal Norte","url":"https:\/\/verbumdei.org\/porto\/","logo":{"@type":"ImageObject","inLanguage":"pt-PT","@id":"https:\/\/verbumdei.org\/porto\/#\/schema\/logo\/image\/","url":"https:\/\/verbumdei.org\/porto\/wp-content\/uploads\/2018\/07\/Logo2.jpg","contentUrl":"https:\/\/verbumdei.org\/porto\/wp-content\/uploads\/2018\/07\/Logo2.jpg","width":123,"height":120,"caption":"Verbum Dei Portugal Norte"},"image":{"@id":"https:\/\/verbumdei.org\/porto\/#\/schema\/logo\/image\/"},"sameAs":["https:\/\/www.facebook.com\/vdportoaveiro\/","https:\/\/instagram.com\/verbumdei.portugal.norte\/"]},{"@type":"Person","@id":"https:\/\/verbumdei.org\/porto\/#\/schema\/person\/fd582e6e68322821b57359627af58974","name":"Jos\u00e9 Figueiredo","url":"https:\/\/verbumdei.org\/porto\/author\/zecarlos\/"}]}},"jetpack_featured_media_url":"","jetpack_sharing_enabled":true,"_links":{"self":[{"href":"https:\/\/verbumdei.org\/porto\/wp-json\/wp\/v2\/posts\/9457","targetHints":{"allow":["GET"]}}],"collection":[{"href":"https:\/\/verbumdei.org\/porto\/wp-json\/wp\/v2\/posts"}],"about":[{"href":"https:\/\/verbumdei.org\/porto\/wp-json\/wp\/v2\/types\/post"}],"author":[{"embeddable":true,"href":"https:\/\/verbumdei.org\/porto\/wp-json\/wp\/v2\/users\/6"}],"replies":[{"embeddable":true,"href":"https:\/\/verbumdei.org\/porto\/wp-json\/wp\/v2\/comments?post=9457"}],"version-history":[{"count":2,"href":"https:\/\/verbumdei.org\/porto\/wp-json\/wp\/v2\/posts\/9457\/revisions"}],"predecessor-version":[{"id":9484,"href":"https:\/\/verbumdei.org\/porto\/wp-json\/wp\/v2\/posts\/9457\/revisions\/9484"}],"wp:attachment":[{"href":"https:\/\/verbumdei.org\/porto\/wp-json\/wp\/v2\/media?parent=9457"}],"wp:term":[{"taxonomy":"category","embeddable":true,"href":"https:\/\/verbumdei.org\/porto\/wp-json\/wp\/v2\/categories?post=9457"},{"taxonomy":"post_tag","embeddable":true,"href":"https:\/\/verbumdei.org\/porto\/wp-json\/wp\/v2\/tags?post=9457"}],"curies":[{"name":"wp","href":"https:\/\/api.w.org\/{rel}","templated":true}]}}