{"id":9366,"date":"2025-03-15T21:34:58","date_gmt":"2025-03-15T20:34:58","guid":{"rendered":"https:\/\/verbumdei.org\/porto\/?p=9366"},"modified":"2025-03-15T21:34:58","modified_gmt":"2025-03-15T20:34:58","slug":"segunda-feira-i-da-quaresma-10-03-2025","status":"publish","type":"post","link":"https:\/\/verbumdei.org\/porto\/2025\/03\/15\/segunda-feira-i-da-quaresma-10-03-2025\/","title":{"rendered":"Segunda feira I da Quaresma (10\/03\/2025)"},"content":{"rendered":"<p><img fetchpriority=\"high\" decoding=\"async\" class=\" wp-image-9367 aligncenter\" src=\"http:\/\/verbumdei.org\/porto\/wp-content\/uploads\/2025\/03\/Seg-I-Quaresma-10-3-25-Inst-248x300.png\" alt=\"\" width=\"514\" height=\"622\" srcset=\"https:\/\/verbumdei.org\/porto\/wp-content\/uploads\/2025\/03\/Seg-I-Quaresma-10-3-25-Inst-248x300.png 248w, https:\/\/verbumdei.org\/porto\/wp-content\/uploads\/2025\/03\/Seg-I-Quaresma-10-3-25-Inst-580x701.png 580w, https:\/\/verbumdei.org\/porto\/wp-content\/uploads\/2025\/03\/Seg-I-Quaresma-10-3-25-Inst.png 616w\" sizes=\"(max-width: 514px) 100vw, 514px\" \/><\/p>\n<p><strong>Segunda-feira I da Quaresma, 10 de mar\u00e7o de 2025<\/strong><\/p>\n<p><strong>Mt 25, 31-46<\/strong><\/p>\n<p>[\u2026] Os justos dir-Lhe-\u00e3o: &#8220;Senhor, quando \u00e9 que Te vimos com fome e Te demos de comer, ou com sede e Te demos de beber? Quando \u00e9 que Te vimos peregrino e Te recolhemos, ou sem roupa e Te vestimos? Quando \u00e9 que Te vimos doente ou na pris\u00e3o e Te fomos ver?&#8221;. E o Rei responder-lhes-\u00e1: &#8220;Em verdade vos digo, quantas vezes o fizestes a um dos meus irm\u00e3os mais pequeninos, a Mim o fizestes&#8221;. [\u2026]<\/p>\n<p><strong>Proposta<\/strong><\/p>\n<p>Quantas vezes, ao Te procurar, ao tentar fazer a Tua vontade, acabo por me centrar em mim pr\u00f3prio? Ou mesmo a desistir de p\u00f4r em pr\u00e1tica a\u00e7\u00f5es e projetos que me aproximam de Ti, porque \u00e0s vezes me pareces inalcan\u00e7\u00e1vel?<\/p>\n<p>Mas hoje, Jesus, vens recordar-me que est\u00e1s presente em mim, nos que me rodeiam, em todos, todos, todos! At\u00e9 nos mais pequeninos, mais fr\u00e1geis e mais pobres. E que fazer a Tua vontade, seguir os Teus ensinamentos, posso faz\u00ea-lo desde j\u00e1, a partir de como me encontro hoje, se em cada gesto colocar o Teu amor, a tua paci\u00eancia e sabedoria.<\/p>\n<p>Que o Teu Esp\u00edrito me acompanhe nesta caminhada.<\/p>\n","protected":false},"excerpt":{"rendered":"<p>Segunda-feira I da Quaresma, 10 de mar\u00e7o de 2025 Mt 25, 31-46 [\u2026] Os justos dir-Lhe-\u00e3o: &#8220;Senhor, quando \u00e9 que Te vimos com fome e Te demos de comer, ou<a href=\"https:\/\/verbumdei.org\/porto\/2025\/03\/15\/segunda-feira-i-da-quaresma-10-03-2025\/\" rel=\"bookmark\"><span class=\"screen-reader-text\">Segunda feira I da Quaresma (10\/03\/2025)<\/span><\/a><\/p>\n","protected":false},"author":6,"featured_media":0,"comment_status":"closed","ping_status":"closed","sticky":false,"template":"","format":"standard","meta":{"rop_custom_images_group":[],"rop_custom_messages_group":[],"rop_publish_now":"initial","rop_publish_now_accounts":[],"rop_publish_now_history":[],"rop_publish_now_status":"pending","neve_meta_sidebar":"","neve_meta_container":"","neve_meta_enable_content_width":"","neve_meta_content_width":0,"neve_meta_title_alignment":"","neve_meta_author_avatar":"","neve_post_elements_order":"","neve_meta_disable_header":"","neve_meta_disable_footer":"","neve_meta_disable_title":"","_themeisle_gutenberg_block_has_review":false,"_jetpack_memberships_contains_paid_content":false,"footnotes":""},"categories":[1],"tags":[],"class_list":["post-9366","post","type-post","status-publish","format-standard","hentry","category-sem-categoria"],"yoast_head":"<!-- This site is optimized with the Yoast SEO plugin v27.5 - https:\/\/yoast.com\/product\/yoast-seo-wordpress\/ -->\n<title>Segunda feira I da Quaresma (10\/03\/2025) - Verbum Dei Norte<\/title>\n<meta name=\"robots\" content=\"index, follow, max-snippet:-1, max-image-preview:large, max-video-preview:-1\" \/>\n<link rel=\"canonical\" href=\"https:\/\/verbumdei.org\/porto\/2025\/03\/15\/segunda-feira-i-da-quaresma-10-03-2025\/\" \/>\n<meta property=\"og:locale\" content=\"pt_PT\" \/>\n<meta property=\"og:type\" content=\"article\" \/>\n<meta property=\"og:title\" content=\"Segunda feira I da Quaresma (10\/03\/2025) - Verbum Dei Norte\" \/>\n<meta property=\"og:description\" content=\"Segunda-feira I da Quaresma, 10 de mar\u00e7o de 2025 Mt 25, 31-46 [\u2026] Os justos dir-Lhe-\u00e3o: &#8220;Senhor, quando \u00e9 que Te vimos com fome e Te demos de comer, ouSegunda feira I da Quaresma (10\/03\/2025)\" \/>\n<meta property=\"og:url\" content=\"https:\/\/verbumdei.org\/porto\/2025\/03\/15\/segunda-feira-i-da-quaresma-10-03-2025\/\" \/>\n<meta property=\"og:site_name\" content=\"Verbum Dei Norte\" \/>\n<meta property=\"article:publisher\" content=\"https:\/\/www.facebook.com\/vdportoaveiro\/\" \/>\n<meta property=\"article:published_time\" content=\"2025-03-15T20:34:58+00:00\" \/>\n<meta property=\"og:image\" content=\"http:\/\/verbumdei.org\/porto\/wp-content\/uploads\/2025\/03\/Seg-I-Quaresma-10-3-25-Inst-248x300.png\" \/>\n<meta name=\"author\" content=\"Jos\u00e9 Figueiredo\" \/>\n<meta name=\"twitter:card\" content=\"summary_large_image\" \/>\n<meta name=\"twitter:label1\" content=\"Escrito por\" \/>\n\t<meta name=\"twitter:data1\" content=\"Jos\u00e9 Figueiredo\" \/>\n\t<meta name=\"twitter:label2\" content=\"Tempo estimado de leitura\" \/>\n\t<meta name=\"twitter:data2\" content=\"2 minutos\" \/>\n<script type=\"application\/ld+json\" class=\"yoast-schema-graph\">{\"@context\":\"https:\\\/\\\/schema.org\",\"@graph\":[{\"@type\":\"Article\",\"@id\":\"https:\\\/\\\/verbumdei.org\\\/porto\\\/2025\\\/03\\\/15\\\/segunda-feira-i-da-quaresma-10-03-2025\\\/#article\",\"isPartOf\":{\"@id\":\"https:\\\/\\\/verbumdei.org\\\/porto\\\/2025\\\/03\\\/15\\\/segunda-feira-i-da-quaresma-10-03-2025\\\/\"},\"author\":{\"name\":\"Jos\u00e9 Figueiredo\",\"@id\":\"https:\\\/\\\/verbumdei.org\\\/porto\\\/#\\\/schema\\\/person\\\/fd582e6e68322821b57359627af58974\"},\"headline\":\"Segunda feira I da Quaresma (10\\\/03\\\/2025)\",\"datePublished\":\"2025-03-15T20:34:58+00:00\",\"mainEntityOfPage\":{\"@id\":\"https:\\\/\\\/verbumdei.org\\\/porto\\\/2025\\\/03\\\/15\\\/segunda-feira-i-da-quaresma-10-03-2025\\\/\"},\"wordCount\":210,\"publisher\":{\"@id\":\"https:\\\/\\\/verbumdei.org\\\/porto\\\/#organization\"},\"image\":{\"@id\":\"https:\\\/\\\/verbumdei.org\\\/porto\\\/2025\\\/03\\\/15\\\/segunda-feira-i-da-quaresma-10-03-2025\\\/#primaryimage\"},\"thumbnailUrl\":\"http:\\\/\\\/verbumdei.org\\\/porto\\\/wp-content\\\/uploads\\\/2025\\\/03\\\/Seg-I-Quaresma-10-3-25-Inst-248x300.png\",\"inLanguage\":\"pt-PT\"},{\"@type\":\"WebPage\",\"@id\":\"https:\\\/\\\/verbumdei.org\\\/porto\\\/2025\\\/03\\\/15\\\/segunda-feira-i-da-quaresma-10-03-2025\\\/\",\"url\":\"https:\\\/\\\/verbumdei.org\\\/porto\\\/2025\\\/03\\\/15\\\/segunda-feira-i-da-quaresma-10-03-2025\\\/\",\"name\":\"Segunda feira I da Quaresma (10\\\/03\\\/2025) - Verbum Dei Norte\",\"isPartOf\":{\"@id\":\"https:\\\/\\\/verbumdei.org\\\/porto\\\/#website\"},\"primaryImageOfPage\":{\"@id\":\"https:\\\/\\\/verbumdei.org\\\/porto\\\/2025\\\/03\\\/15\\\/segunda-feira-i-da-quaresma-10-03-2025\\\/#primaryimage\"},\"image\":{\"@id\":\"https:\\\/\\\/verbumdei.org\\\/porto\\\/2025\\\/03\\\/15\\\/segunda-feira-i-da-quaresma-10-03-2025\\\/#primaryimage\"},\"thumbnailUrl\":\"http:\\\/\\\/verbumdei.org\\\/porto\\\/wp-content\\\/uploads\\\/2025\\\/03\\\/Seg-I-Quaresma-10-3-25-Inst-248x300.png\",\"datePublished\":\"2025-03-15T20:34:58+00:00\",\"breadcrumb\":{\"@id\":\"https:\\\/\\\/verbumdei.org\\\/porto\\\/2025\\\/03\\\/15\\\/segunda-feira-i-da-quaresma-10-03-2025\\\/#breadcrumb\"},\"inLanguage\":\"pt-PT\",\"potentialAction\":[{\"@type\":\"ReadAction\",\"target\":[\"https:\\\/\\\/verbumdei.org\\\/porto\\\/2025\\\/03\\\/15\\\/segunda-feira-i-da-quaresma-10-03-2025\\\/\"]}]},{\"@type\":\"ImageObject\",\"inLanguage\":\"pt-PT\",\"@id\":\"https:\\\/\\\/verbumdei.org\\\/porto\\\/2025\\\/03\\\/15\\\/segunda-feira-i-da-quaresma-10-03-2025\\\/#primaryimage\",\"url\":\"http:\\\/\\\/verbumdei.org\\\/porto\\\/wp-content\\\/uploads\\\/2025\\\/03\\\/Seg-I-Quaresma-10-3-25-Inst-248x300.png\",\"contentUrl\":\"http:\\\/\\\/verbumdei.org\\\/porto\\\/wp-content\\\/uploads\\\/2025\\\/03\\\/Seg-I-Quaresma-10-3-25-Inst-248x300.png\"},{\"@type\":\"BreadcrumbList\",\"@id\":\"https:\\\/\\\/verbumdei.org\\\/porto\\\/2025\\\/03\\\/15\\\/segunda-feira-i-da-quaresma-10-03-2025\\\/#breadcrumb\",\"itemListElement\":[{\"@type\":\"ListItem\",\"position\":1,\"name\":\"In\u00edcio\",\"item\":\"https:\\\/\\\/verbumdei.org\\\/porto\\\/\"},{\"@type\":\"ListItem\",\"position\":2,\"name\":\"Segunda feira I da Quaresma (10\\\/03\\\/2025)\"}]},{\"@type\":\"WebSite\",\"@id\":\"https:\\\/\\\/verbumdei.org\\\/porto\\\/#website\",\"url\":\"https:\\\/\\\/verbumdei.org\\\/porto\\\/\",\"name\":\"Verbum Dei Portugal Norte\",\"description\":\"Mission\u00e1rios Verbum Dei no Porto e Aveiro: ora\u00e7\u00e3o, retiro espiritual, forma\u00e7\u00e3o crist\u00e3 e evangeliza\u00e7\u00e3o\",\"publisher\":{\"@id\":\"https:\\\/\\\/verbumdei.org\\\/porto\\\/#organization\"},\"potentialAction\":[{\"@type\":\"SearchAction\",\"target\":{\"@type\":\"EntryPoint\",\"urlTemplate\":\"https:\\\/\\\/verbumdei.org\\\/porto\\\/?s={search_term_string}\"},\"query-input\":{\"@type\":\"PropertyValueSpecification\",\"valueRequired\":true,\"valueName\":\"search_term_string\"}}],\"inLanguage\":\"pt-PT\"},{\"@type\":\"Organization\",\"@id\":\"https:\\\/\\\/verbumdei.org\\\/porto\\\/#organization\",\"name\":\"Verbum Dei Portugal Norte\",\"url\":\"https:\\\/\\\/verbumdei.org\\\/porto\\\/\",\"logo\":{\"@type\":\"ImageObject\",\"inLanguage\":\"pt-PT\",\"@id\":\"https:\\\/\\\/verbumdei.org\\\/porto\\\/#\\\/schema\\\/logo\\\/image\\\/\",\"url\":\"https:\\\/\\\/verbumdei.org\\\/porto\\\/wp-content\\\/uploads\\\/2018\\\/07\\\/Logo2.jpg\",\"contentUrl\":\"https:\\\/\\\/verbumdei.org\\\/porto\\\/wp-content\\\/uploads\\\/2018\\\/07\\\/Logo2.jpg\",\"width\":123,\"height\":120,\"caption\":\"Verbum Dei Portugal Norte\"},\"image\":{\"@id\":\"https:\\\/\\\/verbumdei.org\\\/porto\\\/#\\\/schema\\\/logo\\\/image\\\/\"},\"sameAs\":[\"https:\\\/\\\/www.facebook.com\\\/vdportoaveiro\\\/\",\"https:\\\/\\\/instagram.com\\\/verbumdei.portugal.norte\\\/\"]},{\"@type\":\"Person\",\"@id\":\"https:\\\/\\\/verbumdei.org\\\/porto\\\/#\\\/schema\\\/person\\\/fd582e6e68322821b57359627af58974\",\"name\":\"Jos\u00e9 Figueiredo\",\"url\":\"https:\\\/\\\/verbumdei.org\\\/porto\\\/author\\\/zecarlos\\\/\"}]}<\/script>\n<!-- \/ Yoast SEO plugin. -->","yoast_head_json":{"title":"Segunda feira I da Quaresma (10\/03\/2025) - Verbum Dei Norte","robots":{"index":"index","follow":"follow","max-snippet":"max-snippet:-1","max-image-preview":"max-image-preview:large","max-video-preview":"max-video-preview:-1"},"canonical":"https:\/\/verbumdei.org\/porto\/2025\/03\/15\/segunda-feira-i-da-quaresma-10-03-2025\/","og_locale":"pt_PT","og_type":"article","og_title":"Segunda feira I da Quaresma (10\/03\/2025) - Verbum Dei Norte","og_description":"Segunda-feira I da Quaresma, 10 de mar\u00e7o de 2025 Mt 25, 31-46 [\u2026] Os justos dir-Lhe-\u00e3o: &#8220;Senhor, quando \u00e9 que Te vimos com fome e Te demos de comer, ouSegunda feira I da Quaresma (10\/03\/2025)","og_url":"https:\/\/verbumdei.org\/porto\/2025\/03\/15\/segunda-feira-i-da-quaresma-10-03-2025\/","og_site_name":"Verbum Dei Norte","article_publisher":"https:\/\/www.facebook.com\/vdportoaveiro\/","article_published_time":"2025-03-15T20:34:58+00:00","og_image":[{"url":"http:\/\/verbumdei.org\/porto\/wp-content\/uploads\/2025\/03\/Seg-I-Quaresma-10-3-25-Inst-248x300.png","type":"","width":"","height":""}],"author":"Jos\u00e9 Figueiredo","twitter_card":"summary_large_image","twitter_misc":{"Escrito por":"Jos\u00e9 Figueiredo","Tempo estimado de leitura":"2 minutos"},"schema":{"@context":"https:\/\/schema.org","@graph":[{"@type":"Article","@id":"https:\/\/verbumdei.org\/porto\/2025\/03\/15\/segunda-feira-i-da-quaresma-10-03-2025\/#article","isPartOf":{"@id":"https:\/\/verbumdei.org\/porto\/2025\/03\/15\/segunda-feira-i-da-quaresma-10-03-2025\/"},"author":{"name":"Jos\u00e9 Figueiredo","@id":"https:\/\/verbumdei.org\/porto\/#\/schema\/person\/fd582e6e68322821b57359627af58974"},"headline":"Segunda feira I da Quaresma (10\/03\/2025)","datePublished":"2025-03-15T20:34:58+00:00","mainEntityOfPage":{"@id":"https:\/\/verbumdei.org\/porto\/2025\/03\/15\/segunda-feira-i-da-quaresma-10-03-2025\/"},"wordCount":210,"publisher":{"@id":"https:\/\/verbumdei.org\/porto\/#organization"},"image":{"@id":"https:\/\/verbumdei.org\/porto\/2025\/03\/15\/segunda-feira-i-da-quaresma-10-03-2025\/#primaryimage"},"thumbnailUrl":"http:\/\/verbumdei.org\/porto\/wp-content\/uploads\/2025\/03\/Seg-I-Quaresma-10-3-25-Inst-248x300.png","inLanguage":"pt-PT"},{"@type":"WebPage","@id":"https:\/\/verbumdei.org\/porto\/2025\/03\/15\/segunda-feira-i-da-quaresma-10-03-2025\/","url":"https:\/\/verbumdei.org\/porto\/2025\/03\/15\/segunda-feira-i-da-quaresma-10-03-2025\/","name":"Segunda feira I da Quaresma (10\/03\/2025) - Verbum Dei Norte","isPartOf":{"@id":"https:\/\/verbumdei.org\/porto\/#website"},"primaryImageOfPage":{"@id":"https:\/\/verbumdei.org\/porto\/2025\/03\/15\/segunda-feira-i-da-quaresma-10-03-2025\/#primaryimage"},"image":{"@id":"https:\/\/verbumdei.org\/porto\/2025\/03\/15\/segunda-feira-i-da-quaresma-10-03-2025\/#primaryimage"},"thumbnailUrl":"http:\/\/verbumdei.org\/porto\/wp-content\/uploads\/2025\/03\/Seg-I-Quaresma-10-3-25-Inst-248x300.png","datePublished":"2025-03-15T20:34:58+00:00","breadcrumb":{"@id":"https:\/\/verbumdei.org\/porto\/2025\/03\/15\/segunda-feira-i-da-quaresma-10-03-2025\/#breadcrumb"},"inLanguage":"pt-PT","potentialAction":[{"@type":"ReadAction","target":["https:\/\/verbumdei.org\/porto\/2025\/03\/15\/segunda-feira-i-da-quaresma-10-03-2025\/"]}]},{"@type":"ImageObject","inLanguage":"pt-PT","@id":"https:\/\/verbumdei.org\/porto\/2025\/03\/15\/segunda-feira-i-da-quaresma-10-03-2025\/#primaryimage","url":"http:\/\/verbumdei.org\/porto\/wp-content\/uploads\/2025\/03\/Seg-I-Quaresma-10-3-25-Inst-248x300.png","contentUrl":"http:\/\/verbumdei.org\/porto\/wp-content\/uploads\/2025\/03\/Seg-I-Quaresma-10-3-25-Inst-248x300.png"},{"@type":"BreadcrumbList","@id":"https:\/\/verbumdei.org\/porto\/2025\/03\/15\/segunda-feira-i-da-quaresma-10-03-2025\/#breadcrumb","itemListElement":[{"@type":"ListItem","position":1,"name":"In\u00edcio","item":"https:\/\/verbumdei.org\/porto\/"},{"@type":"ListItem","position":2,"name":"Segunda feira I da Quaresma (10\/03\/2025)"}]},{"@type":"WebSite","@id":"https:\/\/verbumdei.org\/porto\/#website","url":"https:\/\/verbumdei.org\/porto\/","name":"Verbum Dei Portugal Norte","description":"Mission\u00e1rios Verbum Dei no Porto e Aveiro: ora\u00e7\u00e3o, retiro espiritual, forma\u00e7\u00e3o crist\u00e3 e evangeliza\u00e7\u00e3o","publisher":{"@id":"https:\/\/verbumdei.org\/porto\/#organization"},"potentialAction":[{"@type":"SearchAction","target":{"@type":"EntryPoint","urlTemplate":"https:\/\/verbumdei.org\/porto\/?s={search_term_string}"},"query-input":{"@type":"PropertyValueSpecification","valueRequired":true,"valueName":"search_term_string"}}],"inLanguage":"pt-PT"},{"@type":"Organization","@id":"https:\/\/verbumdei.org\/porto\/#organization","name":"Verbum Dei Portugal Norte","url":"https:\/\/verbumdei.org\/porto\/","logo":{"@type":"ImageObject","inLanguage":"pt-PT","@id":"https:\/\/verbumdei.org\/porto\/#\/schema\/logo\/image\/","url":"https:\/\/verbumdei.org\/porto\/wp-content\/uploads\/2018\/07\/Logo2.jpg","contentUrl":"https:\/\/verbumdei.org\/porto\/wp-content\/uploads\/2018\/07\/Logo2.jpg","width":123,"height":120,"caption":"Verbum Dei Portugal Norte"},"image":{"@id":"https:\/\/verbumdei.org\/porto\/#\/schema\/logo\/image\/"},"sameAs":["https:\/\/www.facebook.com\/vdportoaveiro\/","https:\/\/instagram.com\/verbumdei.portugal.norte\/"]},{"@type":"Person","@id":"https:\/\/verbumdei.org\/porto\/#\/schema\/person\/fd582e6e68322821b57359627af58974","name":"Jos\u00e9 Figueiredo","url":"https:\/\/verbumdei.org\/porto\/author\/zecarlos\/"}]}},"jetpack_featured_media_url":"","jetpack_sharing_enabled":true,"_links":{"self":[{"href":"https:\/\/verbumdei.org\/porto\/wp-json\/wp\/v2\/posts\/9366","targetHints":{"allow":["GET"]}}],"collection":[{"href":"https:\/\/verbumdei.org\/porto\/wp-json\/wp\/v2\/posts"}],"about":[{"href":"https:\/\/verbumdei.org\/porto\/wp-json\/wp\/v2\/types\/post"}],"author":[{"embeddable":true,"href":"https:\/\/verbumdei.org\/porto\/wp-json\/wp\/v2\/users\/6"}],"replies":[{"embeddable":true,"href":"https:\/\/verbumdei.org\/porto\/wp-json\/wp\/v2\/comments?post=9366"}],"version-history":[{"count":1,"href":"https:\/\/verbumdei.org\/porto\/wp-json\/wp\/v2\/posts\/9366\/revisions"}],"predecessor-version":[{"id":9368,"href":"https:\/\/verbumdei.org\/porto\/wp-json\/wp\/v2\/posts\/9366\/revisions\/9368"}],"wp:attachment":[{"href":"https:\/\/verbumdei.org\/porto\/wp-json\/wp\/v2\/media?parent=9366"}],"wp:term":[{"taxonomy":"category","embeddable":true,"href":"https:\/\/verbumdei.org\/porto\/wp-json\/wp\/v2\/categories?post=9366"},{"taxonomy":"post_tag","embeddable":true,"href":"https:\/\/verbumdei.org\/porto\/wp-json\/wp\/v2\/tags?post=9366"}],"curies":[{"name":"wp","href":"https:\/\/api.w.org\/{rel}","templated":true}]}}