{"id":9265,"date":"2024-12-25T06:00:01","date_gmt":"2024-12-25T05:00:01","guid":{"rendered":"https:\/\/verbumdei.org\/porto\/?p=9265"},"modified":"2024-12-25T05:49:31","modified_gmt":"2024-12-25T04:49:31","slug":"feliz-natal","status":"publish","type":"post","link":"https:\/\/verbumdei.org\/porto\/2024\/12\/25\/feliz-natal\/","title":{"rendered":"Feliz Natal"},"content":{"rendered":"<p><img fetchpriority=\"high\" decoding=\"async\" class=\" wp-image-9266 aligncenter\" src=\"https:\/\/verbumdei.org\/porto\/wp-content\/uploads\/2024\/12\/Advento24-25-203x300.jpg\" alt=\"\" width=\"401\" height=\"593\" srcset=\"https:\/\/verbumdei.org\/porto\/wp-content\/uploads\/2024\/12\/Advento24-25-203x300.jpg 203w, https:\/\/verbumdei.org\/porto\/wp-content\/uploads\/2024\/12\/Advento24-25-694x1024.jpg 694w, https:\/\/verbumdei.org\/porto\/wp-content\/uploads\/2024\/12\/Advento24-25-768x1133.jpg 768w, https:\/\/verbumdei.org\/porto\/wp-content\/uploads\/2024\/12\/Advento24-25-580x856.jpg 580w, https:\/\/verbumdei.org\/porto\/wp-content\/uploads\/2024\/12\/Advento24-25.jpg 806w\" sizes=\"(max-width: 401px) 100vw, 401px\" \/><\/p>\n<p style=\"text-align: justify;\">(Texto da imagem) Advento &#8211; Caminhada de dentro para Fora. Quarta, dia 25 de dezembro de 2024. Jo 1, 1-18. [&#8230;] O Verbo era a luz verdadeira, que, vindo ao mundo, ilumina todo o homem.<br \/>\nEstava no mundo e o mundo, que foi feito por Ele, n\u00e3o O conheceu. Veio para o que era seu e os seus n\u00e3o O receberam. Mas \u00e0queles que O receberam e acreditaram no seu nome, deu-lhes o poder de se tornarem filhos de Deus. Estes n\u00e3o nasceram do sangue, nem da vontade da carne, nem da vontade do homem, mas de Deus. E o Verbo fez-Se carne e habitou entre n\u00f3s. N\u00f3s vimos a sua gl\u00f3ria, gl\u00f3ria que Lhe vem do Pai como Filho Unig\u00e9nito, cheio de gra\u00e7a e de verdade [&#8230;]. \u00c9 Natal! Dia em que celebramos a vinda do nosso Deus! \u00c9 verdade, Deus fez-se carne e habitou entre n\u00f3s! Porque Deus encarnou, temos um modelo a quem imitar, um caminho de felicidade que somos chamados a percorrer e um Esp\u00edrito que nos enche de sabedoria e de coragem para o conseguir. Que hoje seja um dia para vivermos como Deus nos convida a viver todos os dias: como irm\u00e3os. Que hoje, ao acordarem e lerem este desafio, se deixem interpelar por este convite, viver o dia como irm\u00e3os de todos aqueles com quem estiver, mas primeiro\u2026pondo-nos nas m\u00e3os do menino que acaba de nascer! Porque s\u00f3 Nele e com Ele podemos aspirar a viver como irm\u00e3os!\u00a0Feliz\u00a0Natal!<\/p>\n<p style=\"text-align: justify;\">Em nome da equipa coordenadora da VD Porto e dos Mission\u00e1rios, desejamos a toda a FaMVD Norte e a todos aqueles que nos acompanham um Santo e Feliz Natal, desejando que o Deus Menino habite j\u00e1 o cora\u00e7\u00e3o\u00a0de\u00a0cada\u00a0um.<\/p>\n","protected":false},"excerpt":{"rendered":"<p>(Texto da imagem) Advento &#8211; Caminhada de dentro para Fora. Quarta, dia 25 de dezembro de 2024. Jo 1, 1-18. [&#8230;] O Verbo era a luz verdadeira, que, vindo ao<a href=\"https:\/\/verbumdei.org\/porto\/2024\/12\/25\/feliz-natal\/\" rel=\"bookmark\"><span class=\"screen-reader-text\">Feliz Natal<\/span><\/a><\/p>\n","protected":false},"author":6,"featured_media":0,"comment_status":"closed","ping_status":"closed","sticky":false,"template":"","format":"standard","meta":{"rop_custom_images_group":[],"rop_custom_messages_group":[],"rop_publish_now":"initial","rop_publish_now_accounts":[],"rop_publish_now_history":[],"rop_publish_now_status":"pending","neve_meta_sidebar":"","neve_meta_container":"","neve_meta_enable_content_width":"","neve_meta_content_width":0,"neve_meta_title_alignment":"","neve_meta_author_avatar":"","neve_post_elements_order":"","neve_meta_disable_header":"","neve_meta_disable_footer":"","neve_meta_disable_title":"","_themeisle_gutenberg_block_has_review":false,"_jetpack_memberships_contains_paid_content":false,"footnotes":""},"categories":[88,63,60],"tags":[],"class_list":["post-9265","post","type-post","status-publish","format-standard","hentry","category-avisos","category-noticias","category-pistas-de-oracao"],"yoast_head":"<!-- This site is optimized with the Yoast SEO plugin v27.5 - https:\/\/yoast.com\/product\/yoast-seo-wordpress\/ -->\n<title>Feliz Natal - Verbum Dei Norte<\/title>\n<meta name=\"robots\" content=\"index, follow, max-snippet:-1, max-image-preview:large, max-video-preview:-1\" \/>\n<link rel=\"canonical\" href=\"https:\/\/verbumdei.org\/porto\/2024\/12\/25\/feliz-natal\/\" \/>\n<meta property=\"og:locale\" content=\"pt_PT\" \/>\n<meta property=\"og:type\" content=\"article\" \/>\n<meta property=\"og:title\" content=\"Feliz Natal - Verbum Dei Norte\" \/>\n<meta property=\"og:description\" content=\"(Texto da imagem) Advento &#8211; Caminhada de dentro para Fora. Quarta, dia 25 de dezembro de 2024. Jo 1, 1-18. [&#8230;] O Verbo era a luz verdadeira, que, vindo aoFeliz Natal\" \/>\n<meta property=\"og:url\" content=\"https:\/\/verbumdei.org\/porto\/2024\/12\/25\/feliz-natal\/\" \/>\n<meta property=\"og:site_name\" content=\"Verbum Dei Norte\" \/>\n<meta property=\"article:publisher\" content=\"https:\/\/www.facebook.com\/vdportoaveiro\/\" \/>\n<meta property=\"article:published_time\" content=\"2024-12-25T05:00:01+00:00\" \/>\n<meta property=\"og:image\" content=\"https:\/\/verbumdei.org\/porto\/wp-content\/uploads\/2024\/12\/Advento24-25-203x300.jpg\" \/>\n<meta name=\"author\" content=\"Jos\u00e9 Figueiredo\" \/>\n<meta name=\"twitter:card\" content=\"summary_large_image\" \/>\n<meta name=\"twitter:label1\" content=\"Escrito por\" \/>\n\t<meta name=\"twitter:data1\" content=\"Jos\u00e9 Figueiredo\" \/>\n\t<meta name=\"twitter:label2\" content=\"Tempo estimado de leitura\" \/>\n\t<meta name=\"twitter:data2\" content=\"2 minutos\" \/>\n<script type=\"application\/ld+json\" class=\"yoast-schema-graph\">{\"@context\":\"https:\\\/\\\/schema.org\",\"@graph\":[{\"@type\":\"Article\",\"@id\":\"https:\\\/\\\/verbumdei.org\\\/porto\\\/2024\\\/12\\\/25\\\/feliz-natal\\\/#article\",\"isPartOf\":{\"@id\":\"https:\\\/\\\/verbumdei.org\\\/porto\\\/2024\\\/12\\\/25\\\/feliz-natal\\\/\"},\"author\":{\"name\":\"Jos\u00e9 Figueiredo\",\"@id\":\"https:\\\/\\\/verbumdei.org\\\/porto\\\/#\\\/schema\\\/person\\\/fd582e6e68322821b57359627af58974\"},\"headline\":\"Feliz Natal\",\"datePublished\":\"2024-12-25T05:00:01+00:00\",\"mainEntityOfPage\":{\"@id\":\"https:\\\/\\\/verbumdei.org\\\/porto\\\/2024\\\/12\\\/25\\\/feliz-natal\\\/\"},\"wordCount\":301,\"publisher\":{\"@id\":\"https:\\\/\\\/verbumdei.org\\\/porto\\\/#organization\"},\"image\":{\"@id\":\"https:\\\/\\\/verbumdei.org\\\/porto\\\/2024\\\/12\\\/25\\\/feliz-natal\\\/#primaryimage\"},\"thumbnailUrl\":\"https:\\\/\\\/verbumdei.org\\\/porto\\\/wp-content\\\/uploads\\\/2024\\\/12\\\/Advento24-25-203x300.jpg\",\"articleSection\":[\"Avisos\",\"Not\u00edcias\",\"Pistas de Ora\u00e7\u00e3o\"],\"inLanguage\":\"pt-PT\"},{\"@type\":\"WebPage\",\"@id\":\"https:\\\/\\\/verbumdei.org\\\/porto\\\/2024\\\/12\\\/25\\\/feliz-natal\\\/\",\"url\":\"https:\\\/\\\/verbumdei.org\\\/porto\\\/2024\\\/12\\\/25\\\/feliz-natal\\\/\",\"name\":\"Feliz Natal - Verbum Dei Norte\",\"isPartOf\":{\"@id\":\"https:\\\/\\\/verbumdei.org\\\/porto\\\/#website\"},\"primaryImageOfPage\":{\"@id\":\"https:\\\/\\\/verbumdei.org\\\/porto\\\/2024\\\/12\\\/25\\\/feliz-natal\\\/#primaryimage\"},\"image\":{\"@id\":\"https:\\\/\\\/verbumdei.org\\\/porto\\\/2024\\\/12\\\/25\\\/feliz-natal\\\/#primaryimage\"},\"thumbnailUrl\":\"https:\\\/\\\/verbumdei.org\\\/porto\\\/wp-content\\\/uploads\\\/2024\\\/12\\\/Advento24-25-203x300.jpg\",\"datePublished\":\"2024-12-25T05:00:01+00:00\",\"breadcrumb\":{\"@id\":\"https:\\\/\\\/verbumdei.org\\\/porto\\\/2024\\\/12\\\/25\\\/feliz-natal\\\/#breadcrumb\"},\"inLanguage\":\"pt-PT\",\"potentialAction\":[{\"@type\":\"ReadAction\",\"target\":[\"https:\\\/\\\/verbumdei.org\\\/porto\\\/2024\\\/12\\\/25\\\/feliz-natal\\\/\"]}]},{\"@type\":\"ImageObject\",\"inLanguage\":\"pt-PT\",\"@id\":\"https:\\\/\\\/verbumdei.org\\\/porto\\\/2024\\\/12\\\/25\\\/feliz-natal\\\/#primaryimage\",\"url\":\"https:\\\/\\\/verbumdei.org\\\/porto\\\/wp-content\\\/uploads\\\/2024\\\/12\\\/Advento24-25.jpg\",\"contentUrl\":\"https:\\\/\\\/verbumdei.org\\\/porto\\\/wp-content\\\/uploads\\\/2024\\\/12\\\/Advento24-25.jpg\",\"width\":806,\"height\":1189},{\"@type\":\"BreadcrumbList\",\"@id\":\"https:\\\/\\\/verbumdei.org\\\/porto\\\/2024\\\/12\\\/25\\\/feliz-natal\\\/#breadcrumb\",\"itemListElement\":[{\"@type\":\"ListItem\",\"position\":1,\"name\":\"In\u00edcio\",\"item\":\"https:\\\/\\\/verbumdei.org\\\/porto\\\/\"},{\"@type\":\"ListItem\",\"position\":2,\"name\":\"Feliz Natal\"}]},{\"@type\":\"WebSite\",\"@id\":\"https:\\\/\\\/verbumdei.org\\\/porto\\\/#website\",\"url\":\"https:\\\/\\\/verbumdei.org\\\/porto\\\/\",\"name\":\"Verbum Dei Portugal Norte\",\"description\":\"Mission\u00e1rios Verbum Dei no Porto e Aveiro: ora\u00e7\u00e3o, retiro espiritual, forma\u00e7\u00e3o crist\u00e3 e evangeliza\u00e7\u00e3o\",\"publisher\":{\"@id\":\"https:\\\/\\\/verbumdei.org\\\/porto\\\/#organization\"},\"potentialAction\":[{\"@type\":\"SearchAction\",\"target\":{\"@type\":\"EntryPoint\",\"urlTemplate\":\"https:\\\/\\\/verbumdei.org\\\/porto\\\/?s={search_term_string}\"},\"query-input\":{\"@type\":\"PropertyValueSpecification\",\"valueRequired\":true,\"valueName\":\"search_term_string\"}}],\"inLanguage\":\"pt-PT\"},{\"@type\":\"Organization\",\"@id\":\"https:\\\/\\\/verbumdei.org\\\/porto\\\/#organization\",\"name\":\"Verbum Dei Portugal Norte\",\"url\":\"https:\\\/\\\/verbumdei.org\\\/porto\\\/\",\"logo\":{\"@type\":\"ImageObject\",\"inLanguage\":\"pt-PT\",\"@id\":\"https:\\\/\\\/verbumdei.org\\\/porto\\\/#\\\/schema\\\/logo\\\/image\\\/\",\"url\":\"https:\\\/\\\/verbumdei.org\\\/porto\\\/wp-content\\\/uploads\\\/2018\\\/07\\\/Logo2.jpg\",\"contentUrl\":\"https:\\\/\\\/verbumdei.org\\\/porto\\\/wp-content\\\/uploads\\\/2018\\\/07\\\/Logo2.jpg\",\"width\":123,\"height\":120,\"caption\":\"Verbum Dei Portugal Norte\"},\"image\":{\"@id\":\"https:\\\/\\\/verbumdei.org\\\/porto\\\/#\\\/schema\\\/logo\\\/image\\\/\"},\"sameAs\":[\"https:\\\/\\\/www.facebook.com\\\/vdportoaveiro\\\/\",\"https:\\\/\\\/instagram.com\\\/verbumdei.portugal.norte\\\/\"]},{\"@type\":\"Person\",\"@id\":\"https:\\\/\\\/verbumdei.org\\\/porto\\\/#\\\/schema\\\/person\\\/fd582e6e68322821b57359627af58974\",\"name\":\"Jos\u00e9 Figueiredo\",\"url\":\"https:\\\/\\\/verbumdei.org\\\/porto\\\/author\\\/zecarlos\\\/\"}]}<\/script>\n<!-- \/ Yoast SEO plugin. -->","yoast_head_json":{"title":"Feliz Natal - Verbum Dei Norte","robots":{"index":"index","follow":"follow","max-snippet":"max-snippet:-1","max-image-preview":"max-image-preview:large","max-video-preview":"max-video-preview:-1"},"canonical":"https:\/\/verbumdei.org\/porto\/2024\/12\/25\/feliz-natal\/","og_locale":"pt_PT","og_type":"article","og_title":"Feliz Natal - Verbum Dei Norte","og_description":"(Texto da imagem) Advento &#8211; Caminhada de dentro para Fora. Quarta, dia 25 de dezembro de 2024. Jo 1, 1-18. [&#8230;] O Verbo era a luz verdadeira, que, vindo aoFeliz Natal","og_url":"https:\/\/verbumdei.org\/porto\/2024\/12\/25\/feliz-natal\/","og_site_name":"Verbum Dei Norte","article_publisher":"https:\/\/www.facebook.com\/vdportoaveiro\/","article_published_time":"2024-12-25T05:00:01+00:00","og_image":[{"url":"https:\/\/verbumdei.org\/porto\/wp-content\/uploads\/2024\/12\/Advento24-25-203x300.jpg","type":"","width":"","height":""}],"author":"Jos\u00e9 Figueiredo","twitter_card":"summary_large_image","twitter_misc":{"Escrito por":"Jos\u00e9 Figueiredo","Tempo estimado de leitura":"2 minutos"},"schema":{"@context":"https:\/\/schema.org","@graph":[{"@type":"Article","@id":"https:\/\/verbumdei.org\/porto\/2024\/12\/25\/feliz-natal\/#article","isPartOf":{"@id":"https:\/\/verbumdei.org\/porto\/2024\/12\/25\/feliz-natal\/"},"author":{"name":"Jos\u00e9 Figueiredo","@id":"https:\/\/verbumdei.org\/porto\/#\/schema\/person\/fd582e6e68322821b57359627af58974"},"headline":"Feliz Natal","datePublished":"2024-12-25T05:00:01+00:00","mainEntityOfPage":{"@id":"https:\/\/verbumdei.org\/porto\/2024\/12\/25\/feliz-natal\/"},"wordCount":301,"publisher":{"@id":"https:\/\/verbumdei.org\/porto\/#organization"},"image":{"@id":"https:\/\/verbumdei.org\/porto\/2024\/12\/25\/feliz-natal\/#primaryimage"},"thumbnailUrl":"https:\/\/verbumdei.org\/porto\/wp-content\/uploads\/2024\/12\/Advento24-25-203x300.jpg","articleSection":["Avisos","Not\u00edcias","Pistas de Ora\u00e7\u00e3o"],"inLanguage":"pt-PT"},{"@type":"WebPage","@id":"https:\/\/verbumdei.org\/porto\/2024\/12\/25\/feliz-natal\/","url":"https:\/\/verbumdei.org\/porto\/2024\/12\/25\/feliz-natal\/","name":"Feliz Natal - Verbum Dei Norte","isPartOf":{"@id":"https:\/\/verbumdei.org\/porto\/#website"},"primaryImageOfPage":{"@id":"https:\/\/verbumdei.org\/porto\/2024\/12\/25\/feliz-natal\/#primaryimage"},"image":{"@id":"https:\/\/verbumdei.org\/porto\/2024\/12\/25\/feliz-natal\/#primaryimage"},"thumbnailUrl":"https:\/\/verbumdei.org\/porto\/wp-content\/uploads\/2024\/12\/Advento24-25-203x300.jpg","datePublished":"2024-12-25T05:00:01+00:00","breadcrumb":{"@id":"https:\/\/verbumdei.org\/porto\/2024\/12\/25\/feliz-natal\/#breadcrumb"},"inLanguage":"pt-PT","potentialAction":[{"@type":"ReadAction","target":["https:\/\/verbumdei.org\/porto\/2024\/12\/25\/feliz-natal\/"]}]},{"@type":"ImageObject","inLanguage":"pt-PT","@id":"https:\/\/verbumdei.org\/porto\/2024\/12\/25\/feliz-natal\/#primaryimage","url":"https:\/\/verbumdei.org\/porto\/wp-content\/uploads\/2024\/12\/Advento24-25.jpg","contentUrl":"https:\/\/verbumdei.org\/porto\/wp-content\/uploads\/2024\/12\/Advento24-25.jpg","width":806,"height":1189},{"@type":"BreadcrumbList","@id":"https:\/\/verbumdei.org\/porto\/2024\/12\/25\/feliz-natal\/#breadcrumb","itemListElement":[{"@type":"ListItem","position":1,"name":"In\u00edcio","item":"https:\/\/verbumdei.org\/porto\/"},{"@type":"ListItem","position":2,"name":"Feliz Natal"}]},{"@type":"WebSite","@id":"https:\/\/verbumdei.org\/porto\/#website","url":"https:\/\/verbumdei.org\/porto\/","name":"Verbum Dei Portugal Norte","description":"Mission\u00e1rios Verbum Dei no Porto e Aveiro: ora\u00e7\u00e3o, retiro espiritual, forma\u00e7\u00e3o crist\u00e3 e evangeliza\u00e7\u00e3o","publisher":{"@id":"https:\/\/verbumdei.org\/porto\/#organization"},"potentialAction":[{"@type":"SearchAction","target":{"@type":"EntryPoint","urlTemplate":"https:\/\/verbumdei.org\/porto\/?s={search_term_string}"},"query-input":{"@type":"PropertyValueSpecification","valueRequired":true,"valueName":"search_term_string"}}],"inLanguage":"pt-PT"},{"@type":"Organization","@id":"https:\/\/verbumdei.org\/porto\/#organization","name":"Verbum Dei Portugal Norte","url":"https:\/\/verbumdei.org\/porto\/","logo":{"@type":"ImageObject","inLanguage":"pt-PT","@id":"https:\/\/verbumdei.org\/porto\/#\/schema\/logo\/image\/","url":"https:\/\/verbumdei.org\/porto\/wp-content\/uploads\/2018\/07\/Logo2.jpg","contentUrl":"https:\/\/verbumdei.org\/porto\/wp-content\/uploads\/2018\/07\/Logo2.jpg","width":123,"height":120,"caption":"Verbum Dei Portugal Norte"},"image":{"@id":"https:\/\/verbumdei.org\/porto\/#\/schema\/logo\/image\/"},"sameAs":["https:\/\/www.facebook.com\/vdportoaveiro\/","https:\/\/instagram.com\/verbumdei.portugal.norte\/"]},{"@type":"Person","@id":"https:\/\/verbumdei.org\/porto\/#\/schema\/person\/fd582e6e68322821b57359627af58974","name":"Jos\u00e9 Figueiredo","url":"https:\/\/verbumdei.org\/porto\/author\/zecarlos\/"}]}},"jetpack_featured_media_url":"","jetpack_sharing_enabled":true,"_links":{"self":[{"href":"https:\/\/verbumdei.org\/porto\/wp-json\/wp\/v2\/posts\/9265","targetHints":{"allow":["GET"]}}],"collection":[{"href":"https:\/\/verbumdei.org\/porto\/wp-json\/wp\/v2\/posts"}],"about":[{"href":"https:\/\/verbumdei.org\/porto\/wp-json\/wp\/v2\/types\/post"}],"author":[{"embeddable":true,"href":"https:\/\/verbumdei.org\/porto\/wp-json\/wp\/v2\/users\/6"}],"replies":[{"embeddable":true,"href":"https:\/\/verbumdei.org\/porto\/wp-json\/wp\/v2\/comments?post=9265"}],"version-history":[{"count":1,"href":"https:\/\/verbumdei.org\/porto\/wp-json\/wp\/v2\/posts\/9265\/revisions"}],"predecessor-version":[{"id":9267,"href":"https:\/\/verbumdei.org\/porto\/wp-json\/wp\/v2\/posts\/9265\/revisions\/9267"}],"wp:attachment":[{"href":"https:\/\/verbumdei.org\/porto\/wp-json\/wp\/v2\/media?parent=9265"}],"wp:term":[{"taxonomy":"category","embeddable":true,"href":"https:\/\/verbumdei.org\/porto\/wp-json\/wp\/v2\/categories?post=9265"},{"taxonomy":"post_tag","embeddable":true,"href":"https:\/\/verbumdei.org\/porto\/wp-json\/wp\/v2\/tags?post=9265"}],"curies":[{"name":"wp","href":"https:\/\/api.w.org\/{rel}","templated":true}]}}