{"id":9260,"date":"2024-12-24T07:00:53","date_gmt":"2024-12-24T06:00:53","guid":{"rendered":"https:\/\/verbumdei.org\/porto\/?p=9260"},"modified":"2024-12-23T23:40:27","modified_gmt":"2024-12-23T22:40:27","slug":"viver-o-advento-2024-famvd-dia-24-12","status":"publish","type":"post","link":"https:\/\/verbumdei.org\/porto\/2024\/12\/24\/viver-o-advento-2024-famvd-dia-24-12\/","title":{"rendered":"Viver o Advento 2024 &#8211; FaMVD &#8211; dia 24\/12"},"content":{"rendered":"<p><img fetchpriority=\"high\" decoding=\"async\" class=\" wp-image-9261 aligncenter\" src=\"https:\/\/verbumdei.org\/porto\/wp-content\/uploads\/2024\/12\/Advento24-24-211x300.jpg\" alt=\"\" width=\"444\" height=\"631\" srcset=\"https:\/\/verbumdei.org\/porto\/wp-content\/uploads\/2024\/12\/Advento24-24-211x300.jpg 211w, https:\/\/verbumdei.org\/porto\/wp-content\/uploads\/2024\/12\/Advento24-24-721x1024.jpg 721w, https:\/\/verbumdei.org\/porto\/wp-content\/uploads\/2024\/12\/Advento24-24-768x1091.jpg 768w, https:\/\/verbumdei.org\/porto\/wp-content\/uploads\/2024\/12\/Advento24-24-580x824.jpg 580w, https:\/\/verbumdei.org\/porto\/wp-content\/uploads\/2024\/12\/Advento24-24.jpg 845w\" sizes=\"(max-width: 444px) 100vw, 444px\" \/><\/p>\n<p style=\"text-align: justify;\">(Texto da imagem) Advento &#8211; Caminhada de dentro para Fora. Ter\u00e7a, dia 24 de dezembro de 2024. Lc 2, 1-14. Naqueles dias, saiu um decreto de C\u00e9sar Augusto, para ser recenseada toda a Terra. Este primeiro recenseamento efetuou-se quando Quirino era governador da S\u00edria. Todos se foram recensear, cada um \u00e0 sua cidade. Jos\u00e9 subiu tamb\u00e9m da Galileia, da cidade de Nazar\u00e9, \u00e0 Judeia, \u00e0 cidade de David, chamada Bel\u00e9m, por ser da casa e da descend\u00eancia de David, a fim de se recensear com Maria, sua esposa, que estava para ser m\u00e3e. Enquanto ali se encontravam, chegou o dia de ela dar \u00e0 luz e teve o seu Filho primog\u00e9nito. Envolveu-O em panos e deitou-O numa manjedoura, porque n\u00e3o havia lugar para eles na hospedaria [&#8230;]. V\u00e9spera de Natal! \u00daltimo dia do advento! Maria prestes a dar \u00e0 luz, o filho de Deus! Ia ser um momento \u00fanico, magn\u00edfico mas\u2026 o imprevisto aconteceu! Em pleno final de gesta\u00e7\u00e3o sai um edital e t\u00eam de se ir recensear. Uma viagem longa os espera de Nazar\u00e9 a Bel\u00e9m. Amigos! Hoje tamb\u00e9m n\u00f3s temos tudo preparado para a noite de Natal, ansiamos para que tudo corra bem, que seja um dia de muito amor e muita comunh\u00e3o! Mas os imprevistos acontecem! Tr\u00e2nsito, esquecimentos, familiares menos agrad\u00e1veis, um resfriado de \u00faltima hora\u2026 Hoje vou p\u00f4r o dia nas m\u00e3os do Senhor, porque Nele e com o Seu Esp\u00edrito em mim, tudo correr\u00e1 bem\u2026 ainda que para quem v\u00ea de fora possa n\u00e3o correr! Hoje pe\u00e7o a Deus a paz, a serenidade e a sabedoria para viver este dia muito, muito acompanhado pela Sua presen\u00e7a e com Ele irradiar bondade\u00a0e\u00a0alegria!<\/p>\n","protected":false},"excerpt":{"rendered":"<p>(Texto da imagem) Advento &#8211; Caminhada de dentro para Fora. Ter\u00e7a, dia 24 de dezembro de 2024. Lc 2, 1-14. Naqueles dias, saiu um decreto de C\u00e9sar Augusto, para ser<a href=\"https:\/\/verbumdei.org\/porto\/2024\/12\/24\/viver-o-advento-2024-famvd-dia-24-12\/\" rel=\"bookmark\"><span class=\"screen-reader-text\">Viver o Advento 2024 &#8211; FaMVD &#8211; dia 24\/12<\/span><\/a><\/p>\n","protected":false},"author":6,"featured_media":0,"comment_status":"closed","ping_status":"closed","sticky":false,"template":"","format":"standard","meta":{"rop_custom_images_group":[],"rop_custom_messages_group":[],"rop_publish_now":"initial","rop_publish_now_accounts":[],"rop_publish_now_history":[],"rop_publish_now_status":"pending","neve_meta_sidebar":"","neve_meta_container":"","neve_meta_enable_content_width":"","neve_meta_content_width":0,"neve_meta_title_alignment":"","neve_meta_author_avatar":"","neve_post_elements_order":"","neve_meta_disable_header":"","neve_meta_disable_footer":"","neve_meta_disable_title":"","_themeisle_gutenberg_block_has_review":false,"_jetpack_memberships_contains_paid_content":false,"footnotes":""},"categories":[88,63,60],"tags":[],"class_list":["post-9260","post","type-post","status-publish","format-standard","hentry","category-avisos","category-noticias","category-pistas-de-oracao"],"yoast_head":"<!-- This site is optimized with the Yoast SEO plugin v27.5 - https:\/\/yoast.com\/product\/yoast-seo-wordpress\/ -->\n<title>Viver o Advento 2024 - FaMVD - dia 24\/12 - Verbum Dei Norte<\/title>\n<meta name=\"robots\" content=\"index, follow, max-snippet:-1, max-image-preview:large, max-video-preview:-1\" \/>\n<link rel=\"canonical\" href=\"https:\/\/verbumdei.org\/porto\/2024\/12\/24\/viver-o-advento-2024-famvd-dia-24-12\/\" \/>\n<meta property=\"og:locale\" content=\"pt_PT\" \/>\n<meta property=\"og:type\" content=\"article\" \/>\n<meta property=\"og:title\" content=\"Viver o Advento 2024 - FaMVD - dia 24\/12 - Verbum Dei Norte\" \/>\n<meta property=\"og:description\" content=\"(Texto da imagem) Advento &#8211; Caminhada de dentro para Fora. Ter\u00e7a, dia 24 de dezembro de 2024. Lc 2, 1-14. Naqueles dias, saiu um decreto de C\u00e9sar Augusto, para serViver o Advento 2024 &#8211; FaMVD &#8211; dia 24\/12\" \/>\n<meta property=\"og:url\" content=\"https:\/\/verbumdei.org\/porto\/2024\/12\/24\/viver-o-advento-2024-famvd-dia-24-12\/\" \/>\n<meta property=\"og:site_name\" content=\"Verbum Dei Norte\" \/>\n<meta property=\"article:publisher\" content=\"https:\/\/www.facebook.com\/vdportoaveiro\/\" \/>\n<meta property=\"article:published_time\" content=\"2024-12-24T06:00:53+00:00\" \/>\n<meta property=\"og:image\" content=\"https:\/\/verbumdei.org\/porto\/wp-content\/uploads\/2024\/12\/Advento24-24-211x300.jpg\" \/>\n<meta name=\"author\" content=\"Jos\u00e9 Figueiredo\" \/>\n<meta name=\"twitter:card\" content=\"summary_large_image\" \/>\n<meta name=\"twitter:label1\" content=\"Escrito por\" \/>\n\t<meta name=\"twitter:data1\" content=\"Jos\u00e9 Figueiredo\" \/>\n\t<meta name=\"twitter:label2\" content=\"Tempo estimado de leitura\" \/>\n\t<meta name=\"twitter:data2\" content=\"2 minutos\" \/>\n<script type=\"application\/ld+json\" class=\"yoast-schema-graph\">{\"@context\":\"https:\\\/\\\/schema.org\",\"@graph\":[{\"@type\":\"Article\",\"@id\":\"https:\\\/\\\/verbumdei.org\\\/porto\\\/2024\\\/12\\\/24\\\/viver-o-advento-2024-famvd-dia-24-12\\\/#article\",\"isPartOf\":{\"@id\":\"https:\\\/\\\/verbumdei.org\\\/porto\\\/2024\\\/12\\\/24\\\/viver-o-advento-2024-famvd-dia-24-12\\\/\"},\"author\":{\"name\":\"Jos\u00e9 Figueiredo\",\"@id\":\"https:\\\/\\\/verbumdei.org\\\/porto\\\/#\\\/schema\\\/person\\\/fd582e6e68322821b57359627af58974\"},\"headline\":\"Viver o Advento 2024 &#8211; FaMVD &#8211; dia 24\\\/12\",\"datePublished\":\"2024-12-24T06:00:53+00:00\",\"mainEntityOfPage\":{\"@id\":\"https:\\\/\\\/verbumdei.org\\\/porto\\\/2024\\\/12\\\/24\\\/viver-o-advento-2024-famvd-dia-24-12\\\/\"},\"wordCount\":301,\"publisher\":{\"@id\":\"https:\\\/\\\/verbumdei.org\\\/porto\\\/#organization\"},\"image\":{\"@id\":\"https:\\\/\\\/verbumdei.org\\\/porto\\\/2024\\\/12\\\/24\\\/viver-o-advento-2024-famvd-dia-24-12\\\/#primaryimage\"},\"thumbnailUrl\":\"https:\\\/\\\/verbumdei.org\\\/porto\\\/wp-content\\\/uploads\\\/2024\\\/12\\\/Advento24-24-211x300.jpg\",\"articleSection\":[\"Avisos\",\"Not\u00edcias\",\"Pistas de Ora\u00e7\u00e3o\"],\"inLanguage\":\"pt-PT\"},{\"@type\":\"WebPage\",\"@id\":\"https:\\\/\\\/verbumdei.org\\\/porto\\\/2024\\\/12\\\/24\\\/viver-o-advento-2024-famvd-dia-24-12\\\/\",\"url\":\"https:\\\/\\\/verbumdei.org\\\/porto\\\/2024\\\/12\\\/24\\\/viver-o-advento-2024-famvd-dia-24-12\\\/\",\"name\":\"Viver o Advento 2024 - FaMVD - dia 24\\\/12 - Verbum Dei Norte\",\"isPartOf\":{\"@id\":\"https:\\\/\\\/verbumdei.org\\\/porto\\\/#website\"},\"primaryImageOfPage\":{\"@id\":\"https:\\\/\\\/verbumdei.org\\\/porto\\\/2024\\\/12\\\/24\\\/viver-o-advento-2024-famvd-dia-24-12\\\/#primaryimage\"},\"image\":{\"@id\":\"https:\\\/\\\/verbumdei.org\\\/porto\\\/2024\\\/12\\\/24\\\/viver-o-advento-2024-famvd-dia-24-12\\\/#primaryimage\"},\"thumbnailUrl\":\"https:\\\/\\\/verbumdei.org\\\/porto\\\/wp-content\\\/uploads\\\/2024\\\/12\\\/Advento24-24-211x300.jpg\",\"datePublished\":\"2024-12-24T06:00:53+00:00\",\"breadcrumb\":{\"@id\":\"https:\\\/\\\/verbumdei.org\\\/porto\\\/2024\\\/12\\\/24\\\/viver-o-advento-2024-famvd-dia-24-12\\\/#breadcrumb\"},\"inLanguage\":\"pt-PT\",\"potentialAction\":[{\"@type\":\"ReadAction\",\"target\":[\"https:\\\/\\\/verbumdei.org\\\/porto\\\/2024\\\/12\\\/24\\\/viver-o-advento-2024-famvd-dia-24-12\\\/\"]}]},{\"@type\":\"ImageObject\",\"inLanguage\":\"pt-PT\",\"@id\":\"https:\\\/\\\/verbumdei.org\\\/porto\\\/2024\\\/12\\\/24\\\/viver-o-advento-2024-famvd-dia-24-12\\\/#primaryimage\",\"url\":\"https:\\\/\\\/verbumdei.org\\\/porto\\\/wp-content\\\/uploads\\\/2024\\\/12\\\/Advento24-24.jpg\",\"contentUrl\":\"https:\\\/\\\/verbumdei.org\\\/porto\\\/wp-content\\\/uploads\\\/2024\\\/12\\\/Advento24-24.jpg\",\"width\":845,\"height\":1200},{\"@type\":\"BreadcrumbList\",\"@id\":\"https:\\\/\\\/verbumdei.org\\\/porto\\\/2024\\\/12\\\/24\\\/viver-o-advento-2024-famvd-dia-24-12\\\/#breadcrumb\",\"itemListElement\":[{\"@type\":\"ListItem\",\"position\":1,\"name\":\"In\u00edcio\",\"item\":\"https:\\\/\\\/verbumdei.org\\\/porto\\\/\"},{\"@type\":\"ListItem\",\"position\":2,\"name\":\"Viver o Advento 2024 &#8211; FaMVD &#8211; dia 24\\\/12\"}]},{\"@type\":\"WebSite\",\"@id\":\"https:\\\/\\\/verbumdei.org\\\/porto\\\/#website\",\"url\":\"https:\\\/\\\/verbumdei.org\\\/porto\\\/\",\"name\":\"Verbum Dei Portugal Norte\",\"description\":\"Mission\u00e1rios Verbum Dei no Porto e Aveiro: ora\u00e7\u00e3o, retiro espiritual, forma\u00e7\u00e3o crist\u00e3 e evangeliza\u00e7\u00e3o\",\"publisher\":{\"@id\":\"https:\\\/\\\/verbumdei.org\\\/porto\\\/#organization\"},\"potentialAction\":[{\"@type\":\"SearchAction\",\"target\":{\"@type\":\"EntryPoint\",\"urlTemplate\":\"https:\\\/\\\/verbumdei.org\\\/porto\\\/?s={search_term_string}\"},\"query-input\":{\"@type\":\"PropertyValueSpecification\",\"valueRequired\":true,\"valueName\":\"search_term_string\"}}],\"inLanguage\":\"pt-PT\"},{\"@type\":\"Organization\",\"@id\":\"https:\\\/\\\/verbumdei.org\\\/porto\\\/#organization\",\"name\":\"Verbum Dei Portugal Norte\",\"url\":\"https:\\\/\\\/verbumdei.org\\\/porto\\\/\",\"logo\":{\"@type\":\"ImageObject\",\"inLanguage\":\"pt-PT\",\"@id\":\"https:\\\/\\\/verbumdei.org\\\/porto\\\/#\\\/schema\\\/logo\\\/image\\\/\",\"url\":\"https:\\\/\\\/verbumdei.org\\\/porto\\\/wp-content\\\/uploads\\\/2018\\\/07\\\/Logo2.jpg\",\"contentUrl\":\"https:\\\/\\\/verbumdei.org\\\/porto\\\/wp-content\\\/uploads\\\/2018\\\/07\\\/Logo2.jpg\",\"width\":123,\"height\":120,\"caption\":\"Verbum Dei Portugal Norte\"},\"image\":{\"@id\":\"https:\\\/\\\/verbumdei.org\\\/porto\\\/#\\\/schema\\\/logo\\\/image\\\/\"},\"sameAs\":[\"https:\\\/\\\/www.facebook.com\\\/vdportoaveiro\\\/\",\"https:\\\/\\\/instagram.com\\\/verbumdei.portugal.norte\\\/\"]},{\"@type\":\"Person\",\"@id\":\"https:\\\/\\\/verbumdei.org\\\/porto\\\/#\\\/schema\\\/person\\\/fd582e6e68322821b57359627af58974\",\"name\":\"Jos\u00e9 Figueiredo\",\"url\":\"https:\\\/\\\/verbumdei.org\\\/porto\\\/author\\\/zecarlos\\\/\"}]}<\/script>\n<!-- \/ Yoast SEO plugin. -->","yoast_head_json":{"title":"Viver o Advento 2024 - FaMVD - dia 24\/12 - Verbum Dei Norte","robots":{"index":"index","follow":"follow","max-snippet":"max-snippet:-1","max-image-preview":"max-image-preview:large","max-video-preview":"max-video-preview:-1"},"canonical":"https:\/\/verbumdei.org\/porto\/2024\/12\/24\/viver-o-advento-2024-famvd-dia-24-12\/","og_locale":"pt_PT","og_type":"article","og_title":"Viver o Advento 2024 - FaMVD - dia 24\/12 - Verbum Dei Norte","og_description":"(Texto da imagem) Advento &#8211; Caminhada de dentro para Fora. Ter\u00e7a, dia 24 de dezembro de 2024. Lc 2, 1-14. Naqueles dias, saiu um decreto de C\u00e9sar Augusto, para serViver o Advento 2024 &#8211; FaMVD &#8211; dia 24\/12","og_url":"https:\/\/verbumdei.org\/porto\/2024\/12\/24\/viver-o-advento-2024-famvd-dia-24-12\/","og_site_name":"Verbum Dei Norte","article_publisher":"https:\/\/www.facebook.com\/vdportoaveiro\/","article_published_time":"2024-12-24T06:00:53+00:00","og_image":[{"url":"https:\/\/verbumdei.org\/porto\/wp-content\/uploads\/2024\/12\/Advento24-24-211x300.jpg","type":"","width":"","height":""}],"author":"Jos\u00e9 Figueiredo","twitter_card":"summary_large_image","twitter_misc":{"Escrito por":"Jos\u00e9 Figueiredo","Tempo estimado de leitura":"2 minutos"},"schema":{"@context":"https:\/\/schema.org","@graph":[{"@type":"Article","@id":"https:\/\/verbumdei.org\/porto\/2024\/12\/24\/viver-o-advento-2024-famvd-dia-24-12\/#article","isPartOf":{"@id":"https:\/\/verbumdei.org\/porto\/2024\/12\/24\/viver-o-advento-2024-famvd-dia-24-12\/"},"author":{"name":"Jos\u00e9 Figueiredo","@id":"https:\/\/verbumdei.org\/porto\/#\/schema\/person\/fd582e6e68322821b57359627af58974"},"headline":"Viver o Advento 2024 &#8211; FaMVD &#8211; dia 24\/12","datePublished":"2024-12-24T06:00:53+00:00","mainEntityOfPage":{"@id":"https:\/\/verbumdei.org\/porto\/2024\/12\/24\/viver-o-advento-2024-famvd-dia-24-12\/"},"wordCount":301,"publisher":{"@id":"https:\/\/verbumdei.org\/porto\/#organization"},"image":{"@id":"https:\/\/verbumdei.org\/porto\/2024\/12\/24\/viver-o-advento-2024-famvd-dia-24-12\/#primaryimage"},"thumbnailUrl":"https:\/\/verbumdei.org\/porto\/wp-content\/uploads\/2024\/12\/Advento24-24-211x300.jpg","articleSection":["Avisos","Not\u00edcias","Pistas de Ora\u00e7\u00e3o"],"inLanguage":"pt-PT"},{"@type":"WebPage","@id":"https:\/\/verbumdei.org\/porto\/2024\/12\/24\/viver-o-advento-2024-famvd-dia-24-12\/","url":"https:\/\/verbumdei.org\/porto\/2024\/12\/24\/viver-o-advento-2024-famvd-dia-24-12\/","name":"Viver o Advento 2024 - FaMVD - dia 24\/12 - Verbum Dei Norte","isPartOf":{"@id":"https:\/\/verbumdei.org\/porto\/#website"},"primaryImageOfPage":{"@id":"https:\/\/verbumdei.org\/porto\/2024\/12\/24\/viver-o-advento-2024-famvd-dia-24-12\/#primaryimage"},"image":{"@id":"https:\/\/verbumdei.org\/porto\/2024\/12\/24\/viver-o-advento-2024-famvd-dia-24-12\/#primaryimage"},"thumbnailUrl":"https:\/\/verbumdei.org\/porto\/wp-content\/uploads\/2024\/12\/Advento24-24-211x300.jpg","datePublished":"2024-12-24T06:00:53+00:00","breadcrumb":{"@id":"https:\/\/verbumdei.org\/porto\/2024\/12\/24\/viver-o-advento-2024-famvd-dia-24-12\/#breadcrumb"},"inLanguage":"pt-PT","potentialAction":[{"@type":"ReadAction","target":["https:\/\/verbumdei.org\/porto\/2024\/12\/24\/viver-o-advento-2024-famvd-dia-24-12\/"]}]},{"@type":"ImageObject","inLanguage":"pt-PT","@id":"https:\/\/verbumdei.org\/porto\/2024\/12\/24\/viver-o-advento-2024-famvd-dia-24-12\/#primaryimage","url":"https:\/\/verbumdei.org\/porto\/wp-content\/uploads\/2024\/12\/Advento24-24.jpg","contentUrl":"https:\/\/verbumdei.org\/porto\/wp-content\/uploads\/2024\/12\/Advento24-24.jpg","width":845,"height":1200},{"@type":"BreadcrumbList","@id":"https:\/\/verbumdei.org\/porto\/2024\/12\/24\/viver-o-advento-2024-famvd-dia-24-12\/#breadcrumb","itemListElement":[{"@type":"ListItem","position":1,"name":"In\u00edcio","item":"https:\/\/verbumdei.org\/porto\/"},{"@type":"ListItem","position":2,"name":"Viver o Advento 2024 &#8211; FaMVD &#8211; dia 24\/12"}]},{"@type":"WebSite","@id":"https:\/\/verbumdei.org\/porto\/#website","url":"https:\/\/verbumdei.org\/porto\/","name":"Verbum Dei Portugal Norte","description":"Mission\u00e1rios Verbum Dei no Porto e Aveiro: ora\u00e7\u00e3o, retiro espiritual, forma\u00e7\u00e3o crist\u00e3 e evangeliza\u00e7\u00e3o","publisher":{"@id":"https:\/\/verbumdei.org\/porto\/#organization"},"potentialAction":[{"@type":"SearchAction","target":{"@type":"EntryPoint","urlTemplate":"https:\/\/verbumdei.org\/porto\/?s={search_term_string}"},"query-input":{"@type":"PropertyValueSpecification","valueRequired":true,"valueName":"search_term_string"}}],"inLanguage":"pt-PT"},{"@type":"Organization","@id":"https:\/\/verbumdei.org\/porto\/#organization","name":"Verbum Dei Portugal Norte","url":"https:\/\/verbumdei.org\/porto\/","logo":{"@type":"ImageObject","inLanguage":"pt-PT","@id":"https:\/\/verbumdei.org\/porto\/#\/schema\/logo\/image\/","url":"https:\/\/verbumdei.org\/porto\/wp-content\/uploads\/2018\/07\/Logo2.jpg","contentUrl":"https:\/\/verbumdei.org\/porto\/wp-content\/uploads\/2018\/07\/Logo2.jpg","width":123,"height":120,"caption":"Verbum Dei Portugal Norte"},"image":{"@id":"https:\/\/verbumdei.org\/porto\/#\/schema\/logo\/image\/"},"sameAs":["https:\/\/www.facebook.com\/vdportoaveiro\/","https:\/\/instagram.com\/verbumdei.portugal.norte\/"]},{"@type":"Person","@id":"https:\/\/verbumdei.org\/porto\/#\/schema\/person\/fd582e6e68322821b57359627af58974","name":"Jos\u00e9 Figueiredo","url":"https:\/\/verbumdei.org\/porto\/author\/zecarlos\/"}]}},"jetpack_featured_media_url":"","jetpack_sharing_enabled":true,"_links":{"self":[{"href":"https:\/\/verbumdei.org\/porto\/wp-json\/wp\/v2\/posts\/9260","targetHints":{"allow":["GET"]}}],"collection":[{"href":"https:\/\/verbumdei.org\/porto\/wp-json\/wp\/v2\/posts"}],"about":[{"href":"https:\/\/verbumdei.org\/porto\/wp-json\/wp\/v2\/types\/post"}],"author":[{"embeddable":true,"href":"https:\/\/verbumdei.org\/porto\/wp-json\/wp\/v2\/users\/6"}],"replies":[{"embeddable":true,"href":"https:\/\/verbumdei.org\/porto\/wp-json\/wp\/v2\/comments?post=9260"}],"version-history":[{"count":2,"href":"https:\/\/verbumdei.org\/porto\/wp-json\/wp\/v2\/posts\/9260\/revisions"}],"predecessor-version":[{"id":9263,"href":"https:\/\/verbumdei.org\/porto\/wp-json\/wp\/v2\/posts\/9260\/revisions\/9263"}],"wp:attachment":[{"href":"https:\/\/verbumdei.org\/porto\/wp-json\/wp\/v2\/media?parent=9260"}],"wp:term":[{"taxonomy":"category","embeddable":true,"href":"https:\/\/verbumdei.org\/porto\/wp-json\/wp\/v2\/categories?post=9260"},{"taxonomy":"post_tag","embeddable":true,"href":"https:\/\/verbumdei.org\/porto\/wp-json\/wp\/v2\/tags?post=9260"}],"curies":[{"name":"wp","href":"https:\/\/api.w.org\/{rel}","templated":true}]}}