{"id":9230,"date":"2024-12-18T07:00:53","date_gmt":"2024-12-18T06:00:53","guid":{"rendered":"https:\/\/verbumdei.org\/porto\/?p=9230"},"modified":"2024-12-18T01:50:27","modified_gmt":"2024-12-18T00:50:27","slug":"viver-o-advento-2024-famvd-dia-18-12","status":"publish","type":"post","link":"https:\/\/verbumdei.org\/porto\/2024\/12\/18\/viver-o-advento-2024-famvd-dia-18-12\/","title":{"rendered":"Viver o Advento 2024 &#8211; FaMVD &#8211; dia 18\/12"},"content":{"rendered":"<p><img fetchpriority=\"high\" decoding=\"async\" class=\"wp-image-9231 aligncenter\" src=\"https:\/\/verbumdei.org\/porto\/wp-content\/uploads\/2024\/12\/Advento24-18-214x300.jpg\" alt=\"\" width=\"369\" height=\"517\" srcset=\"https:\/\/verbumdei.org\/porto\/wp-content\/uploads\/2024\/12\/Advento24-18-214x300.jpg 214w, https:\/\/verbumdei.org\/porto\/wp-content\/uploads\/2024\/12\/Advento24-18.jpg 593w\" sizes=\"(max-width: 369px) 100vw, 369px\" \/><\/p>\n<p style=\"text-align: justify;\">(Texto da imagem) Advento &#8211; Caminhada de dentro para Fora. Quarta, dia 18 de dezembro de 2024. Mt1, 18-21. O nascimento de Jesus deu-se do seguinte modo: Maria, sua M\u00e3e, noiva de Jos\u00e9, antes de terem vivido em comum, encontrara-se gr\u00e1vida por virtude do Esp\u00edrito Santo. Mas Jos\u00e9, seu esposo, que era justo e n\u00e3o queria difam\u00e1-la, resolveu repudi\u00e1-la em segredo. Tinha ele assim pensado, quando lhe apareceu num sonho o Anjo do Senhor, que lhe disse: \u00abJos\u00e9, filho de David, n\u00e3o temas receber Maria, tua esposa, pois o que nela se gerou \u00e9 fruto do Esp\u00edrito Santo. Ela dar\u00e1 \u00e0 luz um Filho e tu p\u00f4r-Lhe-\u00e1s o nome de Jesus, porque Ele salvar\u00e1 o povo dos seus pecados\u00bb. Desafio: Maria gr\u00e1vida \u2026Jos\u00e9 certamente a sofrer pela situa\u00e7\u00e3o t\u00e3o inesperada que n\u00e3o compreende e n\u00e3o aceita\u2026.Mas Pai Tu vens e porque nada Te escapa, nada Te \u00e9 desconhecido vens e manifestas-Te: \u201cN\u00e3o temas\u2026\u201d Nos planos que vejo alterados na minha vida, nas situa\u00e7\u00f5es inesperadas com que me deparo e que muitas vezes n\u00e3o as quero aceitar\u2026. como reajo eu? Pai\u2026 sou capaz de como Jos\u00e9 colocar a minha vida nas Tuas m\u00e3os e confiar? Sou consciente que os pequenos sins a Ti no dia a dia, podem permitir que a Tua Gra\u00e7a chegue a muitos?<\/p>\n","protected":false},"excerpt":{"rendered":"<p>(Texto da imagem) Advento &#8211; Caminhada de dentro para Fora. Quarta, dia 18 de dezembro de 2024. Mt1, 18-21. O nascimento de Jesus deu-se do seguinte modo: Maria, sua M\u00e3e,<a href=\"https:\/\/verbumdei.org\/porto\/2024\/12\/18\/viver-o-advento-2024-famvd-dia-18-12\/\" rel=\"bookmark\"><span class=\"screen-reader-text\">Viver o Advento 2024 &#8211; FaMVD &#8211; dia 18\/12<\/span><\/a><\/p>\n","protected":false},"author":6,"featured_media":0,"comment_status":"closed","ping_status":"closed","sticky":false,"template":"","format":"standard","meta":{"rop_custom_images_group":[],"rop_custom_messages_group":[],"rop_publish_now":"initial","rop_publish_now_accounts":[],"rop_publish_now_history":[],"rop_publish_now_status":"pending","neve_meta_sidebar":"","neve_meta_container":"","neve_meta_enable_content_width":"","neve_meta_content_width":0,"neve_meta_title_alignment":"","neve_meta_author_avatar":"","neve_post_elements_order":"","neve_meta_disable_header":"","neve_meta_disable_footer":"","neve_meta_disable_title":"","_themeisle_gutenberg_block_has_review":false,"_jetpack_memberships_contains_paid_content":false,"footnotes":""},"categories":[88,63,60],"tags":[],"class_list":["post-9230","post","type-post","status-publish","format-standard","hentry","category-avisos","category-noticias","category-pistas-de-oracao"],"yoast_head":"<!-- This site is optimized with the Yoast SEO plugin v27.5 - https:\/\/yoast.com\/product\/yoast-seo-wordpress\/ -->\n<title>Viver o Advento 2024 - FaMVD - dia 18\/12 - Verbum Dei Norte<\/title>\n<meta name=\"robots\" content=\"index, follow, max-snippet:-1, max-image-preview:large, max-video-preview:-1\" \/>\n<link rel=\"canonical\" href=\"https:\/\/verbumdei.org\/porto\/2024\/12\/18\/viver-o-advento-2024-famvd-dia-18-12\/\" \/>\n<meta property=\"og:locale\" content=\"pt_PT\" \/>\n<meta property=\"og:type\" content=\"article\" \/>\n<meta property=\"og:title\" content=\"Viver o Advento 2024 - FaMVD - dia 18\/12 - Verbum Dei Norte\" \/>\n<meta property=\"og:description\" content=\"(Texto da imagem) Advento &#8211; Caminhada de dentro para Fora. Quarta, dia 18 de dezembro de 2024. Mt1, 18-21. O nascimento de Jesus deu-se do seguinte modo: Maria, sua M\u00e3e,Viver o Advento 2024 &#8211; FaMVD &#8211; dia 18\/12\" \/>\n<meta property=\"og:url\" content=\"https:\/\/verbumdei.org\/porto\/2024\/12\/18\/viver-o-advento-2024-famvd-dia-18-12\/\" \/>\n<meta property=\"og:site_name\" content=\"Verbum Dei Norte\" \/>\n<meta property=\"article:publisher\" content=\"https:\/\/www.facebook.com\/vdportoaveiro\/\" \/>\n<meta property=\"article:published_time\" content=\"2024-12-18T06:00:53+00:00\" \/>\n<meta property=\"og:image\" content=\"https:\/\/verbumdei.org\/porto\/wp-content\/uploads\/2024\/12\/Advento24-18-214x300.jpg\" \/>\n<meta name=\"author\" content=\"Jos\u00e9 Figueiredo\" \/>\n<meta name=\"twitter:card\" content=\"summary_large_image\" \/>\n<meta name=\"twitter:label1\" content=\"Escrito por\" \/>\n\t<meta name=\"twitter:data1\" content=\"Jos\u00e9 Figueiredo\" \/>\n\t<meta name=\"twitter:label2\" content=\"Tempo estimado de leitura\" \/>\n\t<meta name=\"twitter:data2\" content=\"2 minutos\" \/>\n<script type=\"application\/ld+json\" class=\"yoast-schema-graph\">{\"@context\":\"https:\\\/\\\/schema.org\",\"@graph\":[{\"@type\":\"Article\",\"@id\":\"https:\\\/\\\/verbumdei.org\\\/porto\\\/2024\\\/12\\\/18\\\/viver-o-advento-2024-famvd-dia-18-12\\\/#article\",\"isPartOf\":{\"@id\":\"https:\\\/\\\/verbumdei.org\\\/porto\\\/2024\\\/12\\\/18\\\/viver-o-advento-2024-famvd-dia-18-12\\\/\"},\"author\":{\"name\":\"Jos\u00e9 Figueiredo\",\"@id\":\"https:\\\/\\\/verbumdei.org\\\/porto\\\/#\\\/schema\\\/person\\\/fd582e6e68322821b57359627af58974\"},\"headline\":\"Viver o Advento 2024 &#8211; FaMVD &#8211; dia 18\\\/12\",\"datePublished\":\"2024-12-18T06:00:53+00:00\",\"mainEntityOfPage\":{\"@id\":\"https:\\\/\\\/verbumdei.org\\\/porto\\\/2024\\\/12\\\/18\\\/viver-o-advento-2024-famvd-dia-18-12\\\/\"},\"wordCount\":238,\"publisher\":{\"@id\":\"https:\\\/\\\/verbumdei.org\\\/porto\\\/#organization\"},\"image\":{\"@id\":\"https:\\\/\\\/verbumdei.org\\\/porto\\\/2024\\\/12\\\/18\\\/viver-o-advento-2024-famvd-dia-18-12\\\/#primaryimage\"},\"thumbnailUrl\":\"https:\\\/\\\/verbumdei.org\\\/porto\\\/wp-content\\\/uploads\\\/2024\\\/12\\\/Advento24-18-214x300.jpg\",\"articleSection\":[\"Avisos\",\"Not\u00edcias\",\"Pistas de Ora\u00e7\u00e3o\"],\"inLanguage\":\"pt-PT\"},{\"@type\":\"WebPage\",\"@id\":\"https:\\\/\\\/verbumdei.org\\\/porto\\\/2024\\\/12\\\/18\\\/viver-o-advento-2024-famvd-dia-18-12\\\/\",\"url\":\"https:\\\/\\\/verbumdei.org\\\/porto\\\/2024\\\/12\\\/18\\\/viver-o-advento-2024-famvd-dia-18-12\\\/\",\"name\":\"Viver o Advento 2024 - FaMVD - dia 18\\\/12 - Verbum Dei Norte\",\"isPartOf\":{\"@id\":\"https:\\\/\\\/verbumdei.org\\\/porto\\\/#website\"},\"primaryImageOfPage\":{\"@id\":\"https:\\\/\\\/verbumdei.org\\\/porto\\\/2024\\\/12\\\/18\\\/viver-o-advento-2024-famvd-dia-18-12\\\/#primaryimage\"},\"image\":{\"@id\":\"https:\\\/\\\/verbumdei.org\\\/porto\\\/2024\\\/12\\\/18\\\/viver-o-advento-2024-famvd-dia-18-12\\\/#primaryimage\"},\"thumbnailUrl\":\"https:\\\/\\\/verbumdei.org\\\/porto\\\/wp-content\\\/uploads\\\/2024\\\/12\\\/Advento24-18-214x300.jpg\",\"datePublished\":\"2024-12-18T06:00:53+00:00\",\"breadcrumb\":{\"@id\":\"https:\\\/\\\/verbumdei.org\\\/porto\\\/2024\\\/12\\\/18\\\/viver-o-advento-2024-famvd-dia-18-12\\\/#breadcrumb\"},\"inLanguage\":\"pt-PT\",\"potentialAction\":[{\"@type\":\"ReadAction\",\"target\":[\"https:\\\/\\\/verbumdei.org\\\/porto\\\/2024\\\/12\\\/18\\\/viver-o-advento-2024-famvd-dia-18-12\\\/\"]}]},{\"@type\":\"ImageObject\",\"inLanguage\":\"pt-PT\",\"@id\":\"https:\\\/\\\/verbumdei.org\\\/porto\\\/2024\\\/12\\\/18\\\/viver-o-advento-2024-famvd-dia-18-12\\\/#primaryimage\",\"url\":\"https:\\\/\\\/verbumdei.org\\\/porto\\\/wp-content\\\/uploads\\\/2024\\\/12\\\/Advento24-18.jpg\",\"contentUrl\":\"https:\\\/\\\/verbumdei.org\\\/porto\\\/wp-content\\\/uploads\\\/2024\\\/12\\\/Advento24-18.jpg\",\"width\":593,\"height\":833},{\"@type\":\"BreadcrumbList\",\"@id\":\"https:\\\/\\\/verbumdei.org\\\/porto\\\/2024\\\/12\\\/18\\\/viver-o-advento-2024-famvd-dia-18-12\\\/#breadcrumb\",\"itemListElement\":[{\"@type\":\"ListItem\",\"position\":1,\"name\":\"In\u00edcio\",\"item\":\"https:\\\/\\\/verbumdei.org\\\/porto\\\/\"},{\"@type\":\"ListItem\",\"position\":2,\"name\":\"Viver o Advento 2024 &#8211; FaMVD &#8211; dia 18\\\/12\"}]},{\"@type\":\"WebSite\",\"@id\":\"https:\\\/\\\/verbumdei.org\\\/porto\\\/#website\",\"url\":\"https:\\\/\\\/verbumdei.org\\\/porto\\\/\",\"name\":\"Verbum Dei Portugal Norte\",\"description\":\"Mission\u00e1rios Verbum Dei no Porto e Aveiro: ora\u00e7\u00e3o, retiro espiritual, forma\u00e7\u00e3o crist\u00e3 e evangeliza\u00e7\u00e3o\",\"publisher\":{\"@id\":\"https:\\\/\\\/verbumdei.org\\\/porto\\\/#organization\"},\"potentialAction\":[{\"@type\":\"SearchAction\",\"target\":{\"@type\":\"EntryPoint\",\"urlTemplate\":\"https:\\\/\\\/verbumdei.org\\\/porto\\\/?s={search_term_string}\"},\"query-input\":{\"@type\":\"PropertyValueSpecification\",\"valueRequired\":true,\"valueName\":\"search_term_string\"}}],\"inLanguage\":\"pt-PT\"},{\"@type\":\"Organization\",\"@id\":\"https:\\\/\\\/verbumdei.org\\\/porto\\\/#organization\",\"name\":\"Verbum Dei Portugal Norte\",\"url\":\"https:\\\/\\\/verbumdei.org\\\/porto\\\/\",\"logo\":{\"@type\":\"ImageObject\",\"inLanguage\":\"pt-PT\",\"@id\":\"https:\\\/\\\/verbumdei.org\\\/porto\\\/#\\\/schema\\\/logo\\\/image\\\/\",\"url\":\"https:\\\/\\\/verbumdei.org\\\/porto\\\/wp-content\\\/uploads\\\/2018\\\/07\\\/Logo2.jpg\",\"contentUrl\":\"https:\\\/\\\/verbumdei.org\\\/porto\\\/wp-content\\\/uploads\\\/2018\\\/07\\\/Logo2.jpg\",\"width\":123,\"height\":120,\"caption\":\"Verbum Dei Portugal Norte\"},\"image\":{\"@id\":\"https:\\\/\\\/verbumdei.org\\\/porto\\\/#\\\/schema\\\/logo\\\/image\\\/\"},\"sameAs\":[\"https:\\\/\\\/www.facebook.com\\\/vdportoaveiro\\\/\",\"https:\\\/\\\/instagram.com\\\/verbumdei.portugal.norte\\\/\"]},{\"@type\":\"Person\",\"@id\":\"https:\\\/\\\/verbumdei.org\\\/porto\\\/#\\\/schema\\\/person\\\/fd582e6e68322821b57359627af58974\",\"name\":\"Jos\u00e9 Figueiredo\",\"url\":\"https:\\\/\\\/verbumdei.org\\\/porto\\\/author\\\/zecarlos\\\/\"}]}<\/script>\n<!-- \/ Yoast SEO plugin. -->","yoast_head_json":{"title":"Viver o Advento 2024 - FaMVD - dia 18\/12 - Verbum Dei Norte","robots":{"index":"index","follow":"follow","max-snippet":"max-snippet:-1","max-image-preview":"max-image-preview:large","max-video-preview":"max-video-preview:-1"},"canonical":"https:\/\/verbumdei.org\/porto\/2024\/12\/18\/viver-o-advento-2024-famvd-dia-18-12\/","og_locale":"pt_PT","og_type":"article","og_title":"Viver o Advento 2024 - FaMVD - dia 18\/12 - Verbum Dei Norte","og_description":"(Texto da imagem) Advento &#8211; Caminhada de dentro para Fora. Quarta, dia 18 de dezembro de 2024. Mt1, 18-21. O nascimento de Jesus deu-se do seguinte modo: Maria, sua M\u00e3e,Viver o Advento 2024 &#8211; FaMVD &#8211; dia 18\/12","og_url":"https:\/\/verbumdei.org\/porto\/2024\/12\/18\/viver-o-advento-2024-famvd-dia-18-12\/","og_site_name":"Verbum Dei Norte","article_publisher":"https:\/\/www.facebook.com\/vdportoaveiro\/","article_published_time":"2024-12-18T06:00:53+00:00","og_image":[{"url":"https:\/\/verbumdei.org\/porto\/wp-content\/uploads\/2024\/12\/Advento24-18-214x300.jpg","type":"","width":"","height":""}],"author":"Jos\u00e9 Figueiredo","twitter_card":"summary_large_image","twitter_misc":{"Escrito por":"Jos\u00e9 Figueiredo","Tempo estimado de leitura":"2 minutos"},"schema":{"@context":"https:\/\/schema.org","@graph":[{"@type":"Article","@id":"https:\/\/verbumdei.org\/porto\/2024\/12\/18\/viver-o-advento-2024-famvd-dia-18-12\/#article","isPartOf":{"@id":"https:\/\/verbumdei.org\/porto\/2024\/12\/18\/viver-o-advento-2024-famvd-dia-18-12\/"},"author":{"name":"Jos\u00e9 Figueiredo","@id":"https:\/\/verbumdei.org\/porto\/#\/schema\/person\/fd582e6e68322821b57359627af58974"},"headline":"Viver o Advento 2024 &#8211; FaMVD &#8211; dia 18\/12","datePublished":"2024-12-18T06:00:53+00:00","mainEntityOfPage":{"@id":"https:\/\/verbumdei.org\/porto\/2024\/12\/18\/viver-o-advento-2024-famvd-dia-18-12\/"},"wordCount":238,"publisher":{"@id":"https:\/\/verbumdei.org\/porto\/#organization"},"image":{"@id":"https:\/\/verbumdei.org\/porto\/2024\/12\/18\/viver-o-advento-2024-famvd-dia-18-12\/#primaryimage"},"thumbnailUrl":"https:\/\/verbumdei.org\/porto\/wp-content\/uploads\/2024\/12\/Advento24-18-214x300.jpg","articleSection":["Avisos","Not\u00edcias","Pistas de Ora\u00e7\u00e3o"],"inLanguage":"pt-PT"},{"@type":"WebPage","@id":"https:\/\/verbumdei.org\/porto\/2024\/12\/18\/viver-o-advento-2024-famvd-dia-18-12\/","url":"https:\/\/verbumdei.org\/porto\/2024\/12\/18\/viver-o-advento-2024-famvd-dia-18-12\/","name":"Viver o Advento 2024 - FaMVD - dia 18\/12 - Verbum Dei Norte","isPartOf":{"@id":"https:\/\/verbumdei.org\/porto\/#website"},"primaryImageOfPage":{"@id":"https:\/\/verbumdei.org\/porto\/2024\/12\/18\/viver-o-advento-2024-famvd-dia-18-12\/#primaryimage"},"image":{"@id":"https:\/\/verbumdei.org\/porto\/2024\/12\/18\/viver-o-advento-2024-famvd-dia-18-12\/#primaryimage"},"thumbnailUrl":"https:\/\/verbumdei.org\/porto\/wp-content\/uploads\/2024\/12\/Advento24-18-214x300.jpg","datePublished":"2024-12-18T06:00:53+00:00","breadcrumb":{"@id":"https:\/\/verbumdei.org\/porto\/2024\/12\/18\/viver-o-advento-2024-famvd-dia-18-12\/#breadcrumb"},"inLanguage":"pt-PT","potentialAction":[{"@type":"ReadAction","target":["https:\/\/verbumdei.org\/porto\/2024\/12\/18\/viver-o-advento-2024-famvd-dia-18-12\/"]}]},{"@type":"ImageObject","inLanguage":"pt-PT","@id":"https:\/\/verbumdei.org\/porto\/2024\/12\/18\/viver-o-advento-2024-famvd-dia-18-12\/#primaryimage","url":"https:\/\/verbumdei.org\/porto\/wp-content\/uploads\/2024\/12\/Advento24-18.jpg","contentUrl":"https:\/\/verbumdei.org\/porto\/wp-content\/uploads\/2024\/12\/Advento24-18.jpg","width":593,"height":833},{"@type":"BreadcrumbList","@id":"https:\/\/verbumdei.org\/porto\/2024\/12\/18\/viver-o-advento-2024-famvd-dia-18-12\/#breadcrumb","itemListElement":[{"@type":"ListItem","position":1,"name":"In\u00edcio","item":"https:\/\/verbumdei.org\/porto\/"},{"@type":"ListItem","position":2,"name":"Viver o Advento 2024 &#8211; FaMVD &#8211; dia 18\/12"}]},{"@type":"WebSite","@id":"https:\/\/verbumdei.org\/porto\/#website","url":"https:\/\/verbumdei.org\/porto\/","name":"Verbum Dei Portugal Norte","description":"Mission\u00e1rios Verbum Dei no Porto e Aveiro: ora\u00e7\u00e3o, retiro espiritual, forma\u00e7\u00e3o crist\u00e3 e evangeliza\u00e7\u00e3o","publisher":{"@id":"https:\/\/verbumdei.org\/porto\/#organization"},"potentialAction":[{"@type":"SearchAction","target":{"@type":"EntryPoint","urlTemplate":"https:\/\/verbumdei.org\/porto\/?s={search_term_string}"},"query-input":{"@type":"PropertyValueSpecification","valueRequired":true,"valueName":"search_term_string"}}],"inLanguage":"pt-PT"},{"@type":"Organization","@id":"https:\/\/verbumdei.org\/porto\/#organization","name":"Verbum Dei Portugal Norte","url":"https:\/\/verbumdei.org\/porto\/","logo":{"@type":"ImageObject","inLanguage":"pt-PT","@id":"https:\/\/verbumdei.org\/porto\/#\/schema\/logo\/image\/","url":"https:\/\/verbumdei.org\/porto\/wp-content\/uploads\/2018\/07\/Logo2.jpg","contentUrl":"https:\/\/verbumdei.org\/porto\/wp-content\/uploads\/2018\/07\/Logo2.jpg","width":123,"height":120,"caption":"Verbum Dei Portugal Norte"},"image":{"@id":"https:\/\/verbumdei.org\/porto\/#\/schema\/logo\/image\/"},"sameAs":["https:\/\/www.facebook.com\/vdportoaveiro\/","https:\/\/instagram.com\/verbumdei.portugal.norte\/"]},{"@type":"Person","@id":"https:\/\/verbumdei.org\/porto\/#\/schema\/person\/fd582e6e68322821b57359627af58974","name":"Jos\u00e9 Figueiredo","url":"https:\/\/verbumdei.org\/porto\/author\/zecarlos\/"}]}},"jetpack_featured_media_url":"","jetpack_sharing_enabled":true,"_links":{"self":[{"href":"https:\/\/verbumdei.org\/porto\/wp-json\/wp\/v2\/posts\/9230","targetHints":{"allow":["GET"]}}],"collection":[{"href":"https:\/\/verbumdei.org\/porto\/wp-json\/wp\/v2\/posts"}],"about":[{"href":"https:\/\/verbumdei.org\/porto\/wp-json\/wp\/v2\/types\/post"}],"author":[{"embeddable":true,"href":"https:\/\/verbumdei.org\/porto\/wp-json\/wp\/v2\/users\/6"}],"replies":[{"embeddable":true,"href":"https:\/\/verbumdei.org\/porto\/wp-json\/wp\/v2\/comments?post=9230"}],"version-history":[{"count":1,"href":"https:\/\/verbumdei.org\/porto\/wp-json\/wp\/v2\/posts\/9230\/revisions"}],"predecessor-version":[{"id":9232,"href":"https:\/\/verbumdei.org\/porto\/wp-json\/wp\/v2\/posts\/9230\/revisions\/9232"}],"wp:attachment":[{"href":"https:\/\/verbumdei.org\/porto\/wp-json\/wp\/v2\/media?parent=9230"}],"wp:term":[{"taxonomy":"category","embeddable":true,"href":"https:\/\/verbumdei.org\/porto\/wp-json\/wp\/v2\/categories?post=9230"},{"taxonomy":"post_tag","embeddable":true,"href":"https:\/\/verbumdei.org\/porto\/wp-json\/wp\/v2\/tags?post=9230"}],"curies":[{"name":"wp","href":"https:\/\/api.w.org\/{rel}","templated":true}]}}