{"id":9222,"date":"2024-12-17T07:00:33","date_gmt":"2024-12-17T06:00:33","guid":{"rendered":"https:\/\/verbumdei.org\/porto\/?p=9222"},"modified":"2024-12-17T00:21:43","modified_gmt":"2024-12-16T23:21:43","slug":"viver-o-advento-2024-famvd-dia-17-12","status":"publish","type":"post","link":"https:\/\/verbumdei.org\/porto\/2024\/12\/17\/viver-o-advento-2024-famvd-dia-17-12\/","title":{"rendered":"Viver o Advento 2024 &#8211; FaMVD &#8211; dia 17\/12"},"content":{"rendered":"<p><img fetchpriority=\"high\" decoding=\"async\" class=\" wp-image-9223 aligncenter\" src=\"https:\/\/verbumdei.org\/porto\/wp-content\/uploads\/2024\/12\/Advento24-17-224x300.jpg\" alt=\"\" width=\"414\" height=\"554\" srcset=\"https:\/\/verbumdei.org\/porto\/wp-content\/uploads\/2024\/12\/Advento24-17-224x300.jpg 224w, https:\/\/verbumdei.org\/porto\/wp-content\/uploads\/2024\/12\/Advento24-17-580x777.jpg 580w, https:\/\/verbumdei.org\/porto\/wp-content\/uploads\/2024\/12\/Advento24-17.jpg 591w\" sizes=\"(max-width: 414px) 100vw, 414px\" \/><\/p>\n<p style=\"text-align: justify;\">(Texto da imagem) Advento &#8211; Caminhada de dentro para Fora. Ter\u00e7a, dia 17 de dezembro de 2024. Mt 1, 1-17 . Genealogia de Jesus Cristo, Filho de David, Filho de Abra\u00e3o: Abra\u00e3o gerou Isaac; Isaac gerou Jacob; Jacob gerou Jud\u00e1 e seus irm\u00e3os [\u2026]. Salmon gerou, de Raab, Booz; Booz gerou, de Rute, Obed; Obed gerou Jess\u00e9; Jess\u00e9 gerou o rei David. David, da mulher de Urias, gerou Salom\u00e3o [&#8230;]; Jacob gerou Jos\u00e9 esposo de Maria, da qual nasceu Jesus, chamado Cristo. Desafio: O evangelho de hoje apresenta-nos uma longa lista de nomes da genealogia de Jesus. Tantas e tantas vidas, desde Abra\u00e3o, que saiu da sua terra, at\u00e9 Jos\u00e9, que casa com Maria, de quem nasce Jesus. Hoje o convite \u00e9 para olhar para a nossa vida, a nossa hist\u00f3ria: quantas pessoas, quantos nomes, quantos rostos contribu\u00edram para que Jesus \u201cnascesse\u201d na nossa vida? Quantos nos transmitiram e cuidaram da nossa f\u00e9? Podem ser fam\u00edlia, amigos, conhecidos, \u00e0s vezes at\u00e9 desconhecidos; podem estar vivos, ou j\u00e1 estarem junto do Pai\u2026. Que hoje possamos agradecer a todos esses que fizeram e fazem parte da\u00a0hist\u00f3ria de\u00a0Jesus na nossa hist\u00f3ria\u00a0pessoal.<\/p>\n","protected":false},"excerpt":{"rendered":"<p>(Texto da imagem) Advento &#8211; Caminhada de dentro para Fora. Ter\u00e7a, dia 17 de dezembro de 2024. Mt 1, 1-17 . Genealogia de Jesus Cristo, Filho de David, Filho de<a href=\"https:\/\/verbumdei.org\/porto\/2024\/12\/17\/viver-o-advento-2024-famvd-dia-17-12\/\" rel=\"bookmark\"><span class=\"screen-reader-text\">Viver o Advento 2024 &#8211; FaMVD &#8211; dia 17\/12<\/span><\/a><\/p>\n","protected":false},"author":6,"featured_media":0,"comment_status":"closed","ping_status":"closed","sticky":false,"template":"","format":"standard","meta":{"rop_custom_images_group":[],"rop_custom_messages_group":[],"rop_publish_now":"initial","rop_publish_now_accounts":[],"rop_publish_now_history":[],"rop_publish_now_status":"pending","neve_meta_sidebar":"","neve_meta_container":"","neve_meta_enable_content_width":"","neve_meta_content_width":0,"neve_meta_title_alignment":"","neve_meta_author_avatar":"","neve_post_elements_order":"","neve_meta_disable_header":"","neve_meta_disable_footer":"","neve_meta_disable_title":"","_themeisle_gutenberg_block_has_review":false,"_jetpack_memberships_contains_paid_content":false,"footnotes":""},"categories":[88,63,60],"tags":[],"class_list":["post-9222","post","type-post","status-publish","format-standard","hentry","category-avisos","category-noticias","category-pistas-de-oracao"],"yoast_head":"<!-- This site is optimized with the Yoast SEO plugin v27.5 - https:\/\/yoast.com\/product\/yoast-seo-wordpress\/ -->\n<title>Viver o Advento 2024 - FaMVD - dia 17\/12 - Verbum Dei Norte<\/title>\n<meta name=\"robots\" content=\"index, follow, max-snippet:-1, max-image-preview:large, max-video-preview:-1\" \/>\n<link rel=\"canonical\" href=\"https:\/\/verbumdei.org\/porto\/2024\/12\/17\/viver-o-advento-2024-famvd-dia-17-12\/\" \/>\n<meta property=\"og:locale\" content=\"pt_PT\" \/>\n<meta property=\"og:type\" content=\"article\" \/>\n<meta property=\"og:title\" content=\"Viver o Advento 2024 - FaMVD - dia 17\/12 - Verbum Dei Norte\" \/>\n<meta property=\"og:description\" content=\"(Texto da imagem) Advento &#8211; Caminhada de dentro para Fora. Ter\u00e7a, dia 17 de dezembro de 2024. Mt 1, 1-17 . Genealogia de Jesus Cristo, Filho de David, Filho deViver o Advento 2024 &#8211; FaMVD &#8211; dia 17\/12\" \/>\n<meta property=\"og:url\" content=\"https:\/\/verbumdei.org\/porto\/2024\/12\/17\/viver-o-advento-2024-famvd-dia-17-12\/\" \/>\n<meta property=\"og:site_name\" content=\"Verbum Dei Norte\" \/>\n<meta property=\"article:publisher\" content=\"https:\/\/www.facebook.com\/vdportoaveiro\/\" \/>\n<meta property=\"article:published_time\" content=\"2024-12-17T06:00:33+00:00\" \/>\n<meta property=\"og:image\" content=\"https:\/\/verbumdei.org\/porto\/wp-content\/uploads\/2024\/12\/Advento24-17-224x300.jpg\" \/>\n<meta name=\"author\" content=\"Jos\u00e9 Figueiredo\" \/>\n<meta name=\"twitter:card\" content=\"summary_large_image\" \/>\n<meta name=\"twitter:label1\" content=\"Escrito por\" \/>\n\t<meta name=\"twitter:data1\" content=\"Jos\u00e9 Figueiredo\" \/>\n\t<meta name=\"twitter:label2\" content=\"Tempo estimado de leitura\" \/>\n\t<meta name=\"twitter:data2\" content=\"2 minutos\" \/>\n<script type=\"application\/ld+json\" class=\"yoast-schema-graph\">{\"@context\":\"https:\\\/\\\/schema.org\",\"@graph\":[{\"@type\":\"Article\",\"@id\":\"https:\\\/\\\/verbumdei.org\\\/porto\\\/2024\\\/12\\\/17\\\/viver-o-advento-2024-famvd-dia-17-12\\\/#article\",\"isPartOf\":{\"@id\":\"https:\\\/\\\/verbumdei.org\\\/porto\\\/2024\\\/12\\\/17\\\/viver-o-advento-2024-famvd-dia-17-12\\\/\"},\"author\":{\"name\":\"Jos\u00e9 Figueiredo\",\"@id\":\"https:\\\/\\\/verbumdei.org\\\/porto\\\/#\\\/schema\\\/person\\\/fd582e6e68322821b57359627af58974\"},\"headline\":\"Viver o Advento 2024 &#8211; FaMVD &#8211; dia 17\\\/12\",\"datePublished\":\"2024-12-17T06:00:33+00:00\",\"mainEntityOfPage\":{\"@id\":\"https:\\\/\\\/verbumdei.org\\\/porto\\\/2024\\\/12\\\/17\\\/viver-o-advento-2024-famvd-dia-17-12\\\/\"},\"wordCount\":202,\"publisher\":{\"@id\":\"https:\\\/\\\/verbumdei.org\\\/porto\\\/#organization\"},\"image\":{\"@id\":\"https:\\\/\\\/verbumdei.org\\\/porto\\\/2024\\\/12\\\/17\\\/viver-o-advento-2024-famvd-dia-17-12\\\/#primaryimage\"},\"thumbnailUrl\":\"https:\\\/\\\/verbumdei.org\\\/porto\\\/wp-content\\\/uploads\\\/2024\\\/12\\\/Advento24-17-224x300.jpg\",\"articleSection\":[\"Avisos\",\"Not\u00edcias\",\"Pistas de Ora\u00e7\u00e3o\"],\"inLanguage\":\"pt-PT\"},{\"@type\":\"WebPage\",\"@id\":\"https:\\\/\\\/verbumdei.org\\\/porto\\\/2024\\\/12\\\/17\\\/viver-o-advento-2024-famvd-dia-17-12\\\/\",\"url\":\"https:\\\/\\\/verbumdei.org\\\/porto\\\/2024\\\/12\\\/17\\\/viver-o-advento-2024-famvd-dia-17-12\\\/\",\"name\":\"Viver o Advento 2024 - FaMVD - dia 17\\\/12 - Verbum Dei Norte\",\"isPartOf\":{\"@id\":\"https:\\\/\\\/verbumdei.org\\\/porto\\\/#website\"},\"primaryImageOfPage\":{\"@id\":\"https:\\\/\\\/verbumdei.org\\\/porto\\\/2024\\\/12\\\/17\\\/viver-o-advento-2024-famvd-dia-17-12\\\/#primaryimage\"},\"image\":{\"@id\":\"https:\\\/\\\/verbumdei.org\\\/porto\\\/2024\\\/12\\\/17\\\/viver-o-advento-2024-famvd-dia-17-12\\\/#primaryimage\"},\"thumbnailUrl\":\"https:\\\/\\\/verbumdei.org\\\/porto\\\/wp-content\\\/uploads\\\/2024\\\/12\\\/Advento24-17-224x300.jpg\",\"datePublished\":\"2024-12-17T06:00:33+00:00\",\"breadcrumb\":{\"@id\":\"https:\\\/\\\/verbumdei.org\\\/porto\\\/2024\\\/12\\\/17\\\/viver-o-advento-2024-famvd-dia-17-12\\\/#breadcrumb\"},\"inLanguage\":\"pt-PT\",\"potentialAction\":[{\"@type\":\"ReadAction\",\"target\":[\"https:\\\/\\\/verbumdei.org\\\/porto\\\/2024\\\/12\\\/17\\\/viver-o-advento-2024-famvd-dia-17-12\\\/\"]}]},{\"@type\":\"ImageObject\",\"inLanguage\":\"pt-PT\",\"@id\":\"https:\\\/\\\/verbumdei.org\\\/porto\\\/2024\\\/12\\\/17\\\/viver-o-advento-2024-famvd-dia-17-12\\\/#primaryimage\",\"url\":\"https:\\\/\\\/verbumdei.org\\\/porto\\\/wp-content\\\/uploads\\\/2024\\\/12\\\/Advento24-17.jpg\",\"contentUrl\":\"https:\\\/\\\/verbumdei.org\\\/porto\\\/wp-content\\\/uploads\\\/2024\\\/12\\\/Advento24-17.jpg\",\"width\":591,\"height\":792},{\"@type\":\"BreadcrumbList\",\"@id\":\"https:\\\/\\\/verbumdei.org\\\/porto\\\/2024\\\/12\\\/17\\\/viver-o-advento-2024-famvd-dia-17-12\\\/#breadcrumb\",\"itemListElement\":[{\"@type\":\"ListItem\",\"position\":1,\"name\":\"In\u00edcio\",\"item\":\"https:\\\/\\\/verbumdei.org\\\/porto\\\/\"},{\"@type\":\"ListItem\",\"position\":2,\"name\":\"Viver o Advento 2024 &#8211; FaMVD &#8211; dia 17\\\/12\"}]},{\"@type\":\"WebSite\",\"@id\":\"https:\\\/\\\/verbumdei.org\\\/porto\\\/#website\",\"url\":\"https:\\\/\\\/verbumdei.org\\\/porto\\\/\",\"name\":\"Verbum Dei Portugal Norte\",\"description\":\"Mission\u00e1rios Verbum Dei no Porto e Aveiro: ora\u00e7\u00e3o, retiro espiritual, forma\u00e7\u00e3o crist\u00e3 e evangeliza\u00e7\u00e3o\",\"publisher\":{\"@id\":\"https:\\\/\\\/verbumdei.org\\\/porto\\\/#organization\"},\"potentialAction\":[{\"@type\":\"SearchAction\",\"target\":{\"@type\":\"EntryPoint\",\"urlTemplate\":\"https:\\\/\\\/verbumdei.org\\\/porto\\\/?s={search_term_string}\"},\"query-input\":{\"@type\":\"PropertyValueSpecification\",\"valueRequired\":true,\"valueName\":\"search_term_string\"}}],\"inLanguage\":\"pt-PT\"},{\"@type\":\"Organization\",\"@id\":\"https:\\\/\\\/verbumdei.org\\\/porto\\\/#organization\",\"name\":\"Verbum Dei Portugal Norte\",\"url\":\"https:\\\/\\\/verbumdei.org\\\/porto\\\/\",\"logo\":{\"@type\":\"ImageObject\",\"inLanguage\":\"pt-PT\",\"@id\":\"https:\\\/\\\/verbumdei.org\\\/porto\\\/#\\\/schema\\\/logo\\\/image\\\/\",\"url\":\"https:\\\/\\\/verbumdei.org\\\/porto\\\/wp-content\\\/uploads\\\/2018\\\/07\\\/Logo2.jpg\",\"contentUrl\":\"https:\\\/\\\/verbumdei.org\\\/porto\\\/wp-content\\\/uploads\\\/2018\\\/07\\\/Logo2.jpg\",\"width\":123,\"height\":120,\"caption\":\"Verbum Dei Portugal Norte\"},\"image\":{\"@id\":\"https:\\\/\\\/verbumdei.org\\\/porto\\\/#\\\/schema\\\/logo\\\/image\\\/\"},\"sameAs\":[\"https:\\\/\\\/www.facebook.com\\\/vdportoaveiro\\\/\",\"https:\\\/\\\/instagram.com\\\/verbumdei.portugal.norte\\\/\"]},{\"@type\":\"Person\",\"@id\":\"https:\\\/\\\/verbumdei.org\\\/porto\\\/#\\\/schema\\\/person\\\/fd582e6e68322821b57359627af58974\",\"name\":\"Jos\u00e9 Figueiredo\",\"url\":\"https:\\\/\\\/verbumdei.org\\\/porto\\\/author\\\/zecarlos\\\/\"}]}<\/script>\n<!-- \/ Yoast SEO plugin. -->","yoast_head_json":{"title":"Viver o Advento 2024 - FaMVD - dia 17\/12 - Verbum Dei Norte","robots":{"index":"index","follow":"follow","max-snippet":"max-snippet:-1","max-image-preview":"max-image-preview:large","max-video-preview":"max-video-preview:-1"},"canonical":"https:\/\/verbumdei.org\/porto\/2024\/12\/17\/viver-o-advento-2024-famvd-dia-17-12\/","og_locale":"pt_PT","og_type":"article","og_title":"Viver o Advento 2024 - FaMVD - dia 17\/12 - Verbum Dei Norte","og_description":"(Texto da imagem) Advento &#8211; Caminhada de dentro para Fora. Ter\u00e7a, dia 17 de dezembro de 2024. Mt 1, 1-17 . Genealogia de Jesus Cristo, Filho de David, Filho deViver o Advento 2024 &#8211; FaMVD &#8211; dia 17\/12","og_url":"https:\/\/verbumdei.org\/porto\/2024\/12\/17\/viver-o-advento-2024-famvd-dia-17-12\/","og_site_name":"Verbum Dei Norte","article_publisher":"https:\/\/www.facebook.com\/vdportoaveiro\/","article_published_time":"2024-12-17T06:00:33+00:00","og_image":[{"url":"https:\/\/verbumdei.org\/porto\/wp-content\/uploads\/2024\/12\/Advento24-17-224x300.jpg","type":"","width":"","height":""}],"author":"Jos\u00e9 Figueiredo","twitter_card":"summary_large_image","twitter_misc":{"Escrito por":"Jos\u00e9 Figueiredo","Tempo estimado de leitura":"2 minutos"},"schema":{"@context":"https:\/\/schema.org","@graph":[{"@type":"Article","@id":"https:\/\/verbumdei.org\/porto\/2024\/12\/17\/viver-o-advento-2024-famvd-dia-17-12\/#article","isPartOf":{"@id":"https:\/\/verbumdei.org\/porto\/2024\/12\/17\/viver-o-advento-2024-famvd-dia-17-12\/"},"author":{"name":"Jos\u00e9 Figueiredo","@id":"https:\/\/verbumdei.org\/porto\/#\/schema\/person\/fd582e6e68322821b57359627af58974"},"headline":"Viver o Advento 2024 &#8211; FaMVD &#8211; dia 17\/12","datePublished":"2024-12-17T06:00:33+00:00","mainEntityOfPage":{"@id":"https:\/\/verbumdei.org\/porto\/2024\/12\/17\/viver-o-advento-2024-famvd-dia-17-12\/"},"wordCount":202,"publisher":{"@id":"https:\/\/verbumdei.org\/porto\/#organization"},"image":{"@id":"https:\/\/verbumdei.org\/porto\/2024\/12\/17\/viver-o-advento-2024-famvd-dia-17-12\/#primaryimage"},"thumbnailUrl":"https:\/\/verbumdei.org\/porto\/wp-content\/uploads\/2024\/12\/Advento24-17-224x300.jpg","articleSection":["Avisos","Not\u00edcias","Pistas de Ora\u00e7\u00e3o"],"inLanguage":"pt-PT"},{"@type":"WebPage","@id":"https:\/\/verbumdei.org\/porto\/2024\/12\/17\/viver-o-advento-2024-famvd-dia-17-12\/","url":"https:\/\/verbumdei.org\/porto\/2024\/12\/17\/viver-o-advento-2024-famvd-dia-17-12\/","name":"Viver o Advento 2024 - FaMVD - dia 17\/12 - Verbum Dei Norte","isPartOf":{"@id":"https:\/\/verbumdei.org\/porto\/#website"},"primaryImageOfPage":{"@id":"https:\/\/verbumdei.org\/porto\/2024\/12\/17\/viver-o-advento-2024-famvd-dia-17-12\/#primaryimage"},"image":{"@id":"https:\/\/verbumdei.org\/porto\/2024\/12\/17\/viver-o-advento-2024-famvd-dia-17-12\/#primaryimage"},"thumbnailUrl":"https:\/\/verbumdei.org\/porto\/wp-content\/uploads\/2024\/12\/Advento24-17-224x300.jpg","datePublished":"2024-12-17T06:00:33+00:00","breadcrumb":{"@id":"https:\/\/verbumdei.org\/porto\/2024\/12\/17\/viver-o-advento-2024-famvd-dia-17-12\/#breadcrumb"},"inLanguage":"pt-PT","potentialAction":[{"@type":"ReadAction","target":["https:\/\/verbumdei.org\/porto\/2024\/12\/17\/viver-o-advento-2024-famvd-dia-17-12\/"]}]},{"@type":"ImageObject","inLanguage":"pt-PT","@id":"https:\/\/verbumdei.org\/porto\/2024\/12\/17\/viver-o-advento-2024-famvd-dia-17-12\/#primaryimage","url":"https:\/\/verbumdei.org\/porto\/wp-content\/uploads\/2024\/12\/Advento24-17.jpg","contentUrl":"https:\/\/verbumdei.org\/porto\/wp-content\/uploads\/2024\/12\/Advento24-17.jpg","width":591,"height":792},{"@type":"BreadcrumbList","@id":"https:\/\/verbumdei.org\/porto\/2024\/12\/17\/viver-o-advento-2024-famvd-dia-17-12\/#breadcrumb","itemListElement":[{"@type":"ListItem","position":1,"name":"In\u00edcio","item":"https:\/\/verbumdei.org\/porto\/"},{"@type":"ListItem","position":2,"name":"Viver o Advento 2024 &#8211; FaMVD &#8211; dia 17\/12"}]},{"@type":"WebSite","@id":"https:\/\/verbumdei.org\/porto\/#website","url":"https:\/\/verbumdei.org\/porto\/","name":"Verbum Dei Portugal Norte","description":"Mission\u00e1rios Verbum Dei no Porto e Aveiro: ora\u00e7\u00e3o, retiro espiritual, forma\u00e7\u00e3o crist\u00e3 e evangeliza\u00e7\u00e3o","publisher":{"@id":"https:\/\/verbumdei.org\/porto\/#organization"},"potentialAction":[{"@type":"SearchAction","target":{"@type":"EntryPoint","urlTemplate":"https:\/\/verbumdei.org\/porto\/?s={search_term_string}"},"query-input":{"@type":"PropertyValueSpecification","valueRequired":true,"valueName":"search_term_string"}}],"inLanguage":"pt-PT"},{"@type":"Organization","@id":"https:\/\/verbumdei.org\/porto\/#organization","name":"Verbum Dei Portugal Norte","url":"https:\/\/verbumdei.org\/porto\/","logo":{"@type":"ImageObject","inLanguage":"pt-PT","@id":"https:\/\/verbumdei.org\/porto\/#\/schema\/logo\/image\/","url":"https:\/\/verbumdei.org\/porto\/wp-content\/uploads\/2018\/07\/Logo2.jpg","contentUrl":"https:\/\/verbumdei.org\/porto\/wp-content\/uploads\/2018\/07\/Logo2.jpg","width":123,"height":120,"caption":"Verbum Dei Portugal Norte"},"image":{"@id":"https:\/\/verbumdei.org\/porto\/#\/schema\/logo\/image\/"},"sameAs":["https:\/\/www.facebook.com\/vdportoaveiro\/","https:\/\/instagram.com\/verbumdei.portugal.norte\/"]},{"@type":"Person","@id":"https:\/\/verbumdei.org\/porto\/#\/schema\/person\/fd582e6e68322821b57359627af58974","name":"Jos\u00e9 Figueiredo","url":"https:\/\/verbumdei.org\/porto\/author\/zecarlos\/"}]}},"jetpack_featured_media_url":"","jetpack_sharing_enabled":true,"_links":{"self":[{"href":"https:\/\/verbumdei.org\/porto\/wp-json\/wp\/v2\/posts\/9222","targetHints":{"allow":["GET"]}}],"collection":[{"href":"https:\/\/verbumdei.org\/porto\/wp-json\/wp\/v2\/posts"}],"about":[{"href":"https:\/\/verbumdei.org\/porto\/wp-json\/wp\/v2\/types\/post"}],"author":[{"embeddable":true,"href":"https:\/\/verbumdei.org\/porto\/wp-json\/wp\/v2\/users\/6"}],"replies":[{"embeddable":true,"href":"https:\/\/verbumdei.org\/porto\/wp-json\/wp\/v2\/comments?post=9222"}],"version-history":[{"count":2,"href":"https:\/\/verbumdei.org\/porto\/wp-json\/wp\/v2\/posts\/9222\/revisions"}],"predecessor-version":[{"id":9225,"href":"https:\/\/verbumdei.org\/porto\/wp-json\/wp\/v2\/posts\/9222\/revisions\/9225"}],"wp:attachment":[{"href":"https:\/\/verbumdei.org\/porto\/wp-json\/wp\/v2\/media?parent=9222"}],"wp:term":[{"taxonomy":"category","embeddable":true,"href":"https:\/\/verbumdei.org\/porto\/wp-json\/wp\/v2\/categories?post=9222"},{"taxonomy":"post_tag","embeddable":true,"href":"https:\/\/verbumdei.org\/porto\/wp-json\/wp\/v2\/tags?post=9222"}],"curies":[{"name":"wp","href":"https:\/\/api.w.org\/{rel}","templated":true}]}}