{"id":9048,"date":"2023-07-26T06:00:12","date_gmt":"2023-07-26T05:00:12","guid":{"rendered":"https:\/\/verbumdei.org\/porto\/?p=9048"},"modified":"2023-07-26T00:13:37","modified_gmt":"2023-07-25T23:13:37","slug":"pistas-26-de-julho-de-2023","status":"publish","type":"post","link":"https:\/\/verbumdei.org\/porto\/2023\/07\/26\/pistas-26-de-julho-de-2023\/","title":{"rendered":"Pistas &#8211; 26 de julho de 2023"},"content":{"rendered":"<audio class=\"wp-audio-shortcode\" id=\"audio-9048-1\" preload=\"none\" style=\"width: 100%;\" controls=\"controls\"><source type=\"audio\/mpeg\" src=\"https:\/\/verbumdei.org\/porto\/wp-content\/uploads\/2023\/07\/perai-20.mp3?_=1\" \/><a href=\"https:\/\/verbumdei.org\/porto\/wp-content\/uploads\/2023\/07\/perai-20.mp3\">https:\/\/verbumdei.org\/porto\/wp-content\/uploads\/2023\/07\/perai-20.mp3<\/a><\/audio>\n<p>Pera a\u00ed \u2013 Pistas de Ora\u00e7\u00e3o Verbum Dei, 23.07.26.<br \/>\nBoa ora\u00e7\u00e3o!<\/p>\n<p>\u201cCa\u00edram em boa terra e deram fruto\u201d<\/p>\n<p>ORA\u00c7\u00c3O INICIAL<br \/>\nBom dia, Pai. Hoje t\u00eam in\u00edcio por todo o nosso Portugal os Dias na Diocese. Peregrinos de todo o mundo juntam-se para viverem esta semana nas v\u00e1rias Dioceses do nosso pa\u00eds. Que riqueza, que alegria! Que hoje, e durante os pr\u00f3ximos dias, possamos rezar pelos bons frutos destes dias.<\/p>\n<p>PALAVRA DE DEUS<br \/>\nHoje, falas-nos ao cora\u00e7\u00e3o atrav\u00e9s do Evangelho de Mateus, 13, 1-9, provocando-nos e abanando as nossas certezas:<br \/>\nNaquele dia, Jesus saiu de casa e foi sentar-Se \u00e0 beira-mar. Reuniu-se \u00e0 sua volta t\u00e3o grande multid\u00e3o que teve de subir para um barco e sentar-Se, enquanto a multid\u00e3o ficava na margem. Disse muitas coisas em par\u00e1bolas, nestes termos: \u00abSaiu o semeador a semear. Quando semeava, ca\u00edram algumas sementes ao longo do caminho: vieram as aves e comeram-nas. Outras ca\u00edram em s\u00edtios pedregosos, onde n\u00e3o havia muita terra, e logo nasceram porque a terra era pouco profunda; mas depois de nascer o sol, queimaram-se e secaram, por n\u00e3o terem raiz. Outras ca\u00edram entre espinhos e os espinhos cresceram e afogaram-nas. Outras ca\u00edram em boa terra e deram fruto: umas, cem; outras, sessenta; outras, trinta por um. Quem tem ouvidos, oi\u00e7a\u201d.<\/p>\n<p>PISTAS DE ORA\u00c7\u00c3O<br \/>\nEstas palavras impelem-nos a olhar para Ti, Jesus, como o semeador, que tem a Palavra de Deus como semente. E o nosso cora\u00e7\u00e3o, o nosso ser, \u00e9 o terreno onde Tu queres plantar essa semente, o terreno onde Tu queres dar fruto! Sem d\u00favida alguma que a verdadeira Vida est\u00e1 na semente, mas a mesma s\u00f3 pode dar fruto se prepararmos o terreno onde a mesma vai ser semeada!<br \/>\nSomos desafiados, Pai, principalmente nestes dias intensos que s\u00e3o os Dias na Diocese, a prepararmos o terreno, o nosso cora\u00e7\u00e3o, para as sementes que queres plantar em n\u00f3s, atrav\u00e9s da Jornada Mundial da Juventude, atrav\u00e9s de tantos e tantos jovens que nos visitam, e que s\u00e3o sinal da Tua palavra Viva, da Tua Semente que hoje est\u00e1 plantada e enraizada nos quatro cantos do mundo. E hoje, Tu relembras-nos que nesse caminho, por vezes duro da sementeira, do crescimento, da ceifa, Tu est\u00e1s sempre connosco.<br \/>\nHoje, tamb\u00e9m na leitura do livro do \u00caxodo, fala-nos do \u201cman\u00e1\u201d, do P\u00e3o que vem do C\u00e9u e que nos d\u00e1 vida! Do P\u00e3o do C\u00e9u que \u00e9 o fermento das nossas vidas.<br \/>\nE Maria \u00e9 um exemplo desses mesmos frutos. Maria \u00e9 aquela que parte apressadamente, que \u00e9 fermento para cada um de N\u00f3s! Maria \u00e9 aquela que deixa que a sua vida seja terreno f\u00e9rtil, onde a palavra de Deus cresce e d\u00e1 fruto. \u00c9 esse o desafio que hoje nos lan\u00e7as: procurar que a nossa Vida seja terreno f\u00e9rtil para os outros.<\/p>\n<p>ORA\u00c7\u00c3O FINAL<br \/>\nPai, hoje pedimos-te pelos bons frutos destes Dias na Diocese que hoje come\u00e7am e da Jornada Mundial da Juventude! Que estes dias sejam fermento para a Tua Igreja, para a Igreja de Portugal e, sobretudo, para todos e para cada jovem que ir\u00e1 viver intensamente estes dias! Nossa Senhora da Visita\u00e7\u00e3o,\u00a0roga\u00a0por\u00a0n\u00f3s!<\/p>\n","protected":false},"excerpt":{"rendered":"<p>Pera a\u00ed \u2013 Pistas de Ora\u00e7\u00e3o Verbum Dei, 23.07.26. Boa ora\u00e7\u00e3o! \u201cCa\u00edram em boa terra e deram fruto\u201d ORA\u00c7\u00c3O INICIAL Bom dia, Pai. Hoje t\u00eam in\u00edcio por todo o nosso<a href=\"https:\/\/verbumdei.org\/porto\/2023\/07\/26\/pistas-26-de-julho-de-2023\/\" rel=\"bookmark\"><span class=\"screen-reader-text\">Pistas &#8211; 26 de julho de 2023<\/span><\/a><\/p>\n","protected":false},"author":7,"featured_media":0,"comment_status":"closed","ping_status":"closed","sticky":false,"template":"","format":"standard","meta":{"rop_custom_images_group":[],"rop_custom_messages_group":[],"rop_publish_now":"initial","rop_publish_now_accounts":[],"rop_publish_now_history":[],"rop_publish_now_status":"pending","neve_meta_sidebar":"","neve_meta_container":"","neve_meta_enable_content_width":"","neve_meta_content_width":0,"neve_meta_title_alignment":"","neve_meta_author_avatar":"","neve_post_elements_order":"","neve_meta_disable_header":"","neve_meta_disable_footer":"","neve_meta_disable_title":"","_themeisle_gutenberg_block_has_review":false,"_jetpack_memberships_contains_paid_content":false,"footnotes":""},"categories":[60],"tags":[],"class_list":["post-9048","post","type-post","status-publish","format-standard","hentry","category-pistas-de-oracao"],"yoast_head":"<!-- This site is optimized with the Yoast SEO plugin v27.5 - https:\/\/yoast.com\/product\/yoast-seo-wordpress\/ -->\n<title>Pistas - 26 de julho de 2023 - Verbum Dei Norte<\/title>\n<meta name=\"robots\" content=\"index, follow, max-snippet:-1, max-image-preview:large, max-video-preview:-1\" \/>\n<link rel=\"canonical\" href=\"https:\/\/verbumdei.org\/porto\/2023\/07\/26\/pistas-26-de-julho-de-2023\/\" \/>\n<meta property=\"og:locale\" content=\"pt_PT\" \/>\n<meta property=\"og:type\" content=\"article\" \/>\n<meta property=\"og:title\" content=\"Pistas - 26 de julho de 2023 - Verbum Dei Norte\" \/>\n<meta property=\"og:description\" content=\"Pera a\u00ed \u2013 Pistas de Ora\u00e7\u00e3o Verbum Dei, 23.07.26. Boa ora\u00e7\u00e3o! \u201cCa\u00edram em boa terra e deram fruto\u201d ORA\u00c7\u00c3O INICIAL Bom dia, Pai. Hoje t\u00eam in\u00edcio por todo o nossoPistas &#8211; 26 de julho de 2023\" \/>\n<meta property=\"og:url\" content=\"https:\/\/verbumdei.org\/porto\/2023\/07\/26\/pistas-26-de-julho-de-2023\/\" \/>\n<meta property=\"og:site_name\" content=\"Verbum Dei Norte\" \/>\n<meta property=\"article:publisher\" content=\"https:\/\/www.facebook.com\/vdportoaveiro\/\" \/>\n<meta property=\"article:published_time\" content=\"2023-07-26T05:00:12+00:00\" \/>\n<meta name=\"author\" content=\"Verbum Dei Porto\" \/>\n<meta name=\"twitter:card\" content=\"summary_large_image\" \/>\n<meta name=\"twitter:label1\" content=\"Escrito por\" \/>\n\t<meta name=\"twitter:data1\" content=\"Verbum Dei Porto\" \/>\n\t<meta name=\"twitter:label2\" content=\"Tempo estimado de leitura\" \/>\n\t<meta name=\"twitter:data2\" content=\"3 minutos\" \/>\n<script type=\"application\/ld+json\" class=\"yoast-schema-graph\">{\"@context\":\"https:\\\/\\\/schema.org\",\"@graph\":[{\"@type\":\"Article\",\"@id\":\"https:\\\/\\\/verbumdei.org\\\/porto\\\/2023\\\/07\\\/26\\\/pistas-26-de-julho-de-2023\\\/#article\",\"isPartOf\":{\"@id\":\"https:\\\/\\\/verbumdei.org\\\/porto\\\/2023\\\/07\\\/26\\\/pistas-26-de-julho-de-2023\\\/\"},\"author\":{\"name\":\"Verbum Dei Porto\",\"@id\":\"https:\\\/\\\/verbumdei.org\\\/porto\\\/#\\\/schema\\\/person\\\/96069deba805c81dbe7e17ffc893d04b\"},\"headline\":\"Pistas &#8211; 26 de julho de 2023\",\"datePublished\":\"2023-07-26T05:00:12+00:00\",\"mainEntityOfPage\":{\"@id\":\"https:\\\/\\\/verbumdei.org\\\/porto\\\/2023\\\/07\\\/26\\\/pistas-26-de-julho-de-2023\\\/\"},\"wordCount\":568,\"publisher\":{\"@id\":\"https:\\\/\\\/verbumdei.org\\\/porto\\\/#organization\"},\"articleSection\":[\"Pistas de Ora\u00e7\u00e3o\"],\"inLanguage\":\"pt-PT\"},{\"@type\":\"WebPage\",\"@id\":\"https:\\\/\\\/verbumdei.org\\\/porto\\\/2023\\\/07\\\/26\\\/pistas-26-de-julho-de-2023\\\/\",\"url\":\"https:\\\/\\\/verbumdei.org\\\/porto\\\/2023\\\/07\\\/26\\\/pistas-26-de-julho-de-2023\\\/\",\"name\":\"Pistas - 26 de julho de 2023 - Verbum Dei Norte\",\"isPartOf\":{\"@id\":\"https:\\\/\\\/verbumdei.org\\\/porto\\\/#website\"},\"datePublished\":\"2023-07-26T05:00:12+00:00\",\"breadcrumb\":{\"@id\":\"https:\\\/\\\/verbumdei.org\\\/porto\\\/2023\\\/07\\\/26\\\/pistas-26-de-julho-de-2023\\\/#breadcrumb\"},\"inLanguage\":\"pt-PT\",\"potentialAction\":[{\"@type\":\"ReadAction\",\"target\":[\"https:\\\/\\\/verbumdei.org\\\/porto\\\/2023\\\/07\\\/26\\\/pistas-26-de-julho-de-2023\\\/\"]}]},{\"@type\":\"BreadcrumbList\",\"@id\":\"https:\\\/\\\/verbumdei.org\\\/porto\\\/2023\\\/07\\\/26\\\/pistas-26-de-julho-de-2023\\\/#breadcrumb\",\"itemListElement\":[{\"@type\":\"ListItem\",\"position\":1,\"name\":\"In\u00edcio\",\"item\":\"https:\\\/\\\/verbumdei.org\\\/porto\\\/\"},{\"@type\":\"ListItem\",\"position\":2,\"name\":\"Pistas &#8211; 26 de julho de 2023\"}]},{\"@type\":\"WebSite\",\"@id\":\"https:\\\/\\\/verbumdei.org\\\/porto\\\/#website\",\"url\":\"https:\\\/\\\/verbumdei.org\\\/porto\\\/\",\"name\":\"Verbum Dei Portugal Norte\",\"description\":\"Mission\u00e1rios Verbum Dei no Porto e Aveiro: ora\u00e7\u00e3o, retiro espiritual, forma\u00e7\u00e3o crist\u00e3 e evangeliza\u00e7\u00e3o\",\"publisher\":{\"@id\":\"https:\\\/\\\/verbumdei.org\\\/porto\\\/#organization\"},\"potentialAction\":[{\"@type\":\"SearchAction\",\"target\":{\"@type\":\"EntryPoint\",\"urlTemplate\":\"https:\\\/\\\/verbumdei.org\\\/porto\\\/?s={search_term_string}\"},\"query-input\":{\"@type\":\"PropertyValueSpecification\",\"valueRequired\":true,\"valueName\":\"search_term_string\"}}],\"inLanguage\":\"pt-PT\"},{\"@type\":\"Organization\",\"@id\":\"https:\\\/\\\/verbumdei.org\\\/porto\\\/#organization\",\"name\":\"Verbum Dei Portugal Norte\",\"url\":\"https:\\\/\\\/verbumdei.org\\\/porto\\\/\",\"logo\":{\"@type\":\"ImageObject\",\"inLanguage\":\"pt-PT\",\"@id\":\"https:\\\/\\\/verbumdei.org\\\/porto\\\/#\\\/schema\\\/logo\\\/image\\\/\",\"url\":\"https:\\\/\\\/verbumdei.org\\\/porto\\\/wp-content\\\/uploads\\\/2018\\\/07\\\/Logo2.jpg\",\"contentUrl\":\"https:\\\/\\\/verbumdei.org\\\/porto\\\/wp-content\\\/uploads\\\/2018\\\/07\\\/Logo2.jpg\",\"width\":123,\"height\":120,\"caption\":\"Verbum Dei Portugal Norte\"},\"image\":{\"@id\":\"https:\\\/\\\/verbumdei.org\\\/porto\\\/#\\\/schema\\\/logo\\\/image\\\/\"},\"sameAs\":[\"https:\\\/\\\/www.facebook.com\\\/vdportoaveiro\\\/\",\"https:\\\/\\\/instagram.com\\\/verbumdei.portugal.norte\\\/\"]},{\"@type\":\"Person\",\"@id\":\"https:\\\/\\\/verbumdei.org\\\/porto\\\/#\\\/schema\\\/person\\\/96069deba805c81dbe7e17ffc893d04b\",\"name\":\"Verbum Dei Porto\",\"url\":\"https:\\\/\\\/verbumdei.org\\\/porto\\\/author\\\/vdportod\\\/\"}]}<\/script>\n<!-- \/ Yoast SEO plugin. -->","yoast_head_json":{"title":"Pistas - 26 de julho de 2023 - Verbum Dei Norte","robots":{"index":"index","follow":"follow","max-snippet":"max-snippet:-1","max-image-preview":"max-image-preview:large","max-video-preview":"max-video-preview:-1"},"canonical":"https:\/\/verbumdei.org\/porto\/2023\/07\/26\/pistas-26-de-julho-de-2023\/","og_locale":"pt_PT","og_type":"article","og_title":"Pistas - 26 de julho de 2023 - Verbum Dei Norte","og_description":"Pera a\u00ed \u2013 Pistas de Ora\u00e7\u00e3o Verbum Dei, 23.07.26. Boa ora\u00e7\u00e3o! \u201cCa\u00edram em boa terra e deram fruto\u201d ORA\u00c7\u00c3O INICIAL Bom dia, Pai. Hoje t\u00eam in\u00edcio por todo o nossoPistas &#8211; 26 de julho de 2023","og_url":"https:\/\/verbumdei.org\/porto\/2023\/07\/26\/pistas-26-de-julho-de-2023\/","og_site_name":"Verbum Dei Norte","article_publisher":"https:\/\/www.facebook.com\/vdportoaveiro\/","article_published_time":"2023-07-26T05:00:12+00:00","author":"Verbum Dei Porto","twitter_card":"summary_large_image","twitter_misc":{"Escrito por":"Verbum Dei Porto","Tempo estimado de leitura":"3 minutos"},"schema":{"@context":"https:\/\/schema.org","@graph":[{"@type":"Article","@id":"https:\/\/verbumdei.org\/porto\/2023\/07\/26\/pistas-26-de-julho-de-2023\/#article","isPartOf":{"@id":"https:\/\/verbumdei.org\/porto\/2023\/07\/26\/pistas-26-de-julho-de-2023\/"},"author":{"name":"Verbum Dei Porto","@id":"https:\/\/verbumdei.org\/porto\/#\/schema\/person\/96069deba805c81dbe7e17ffc893d04b"},"headline":"Pistas &#8211; 26 de julho de 2023","datePublished":"2023-07-26T05:00:12+00:00","mainEntityOfPage":{"@id":"https:\/\/verbumdei.org\/porto\/2023\/07\/26\/pistas-26-de-julho-de-2023\/"},"wordCount":568,"publisher":{"@id":"https:\/\/verbumdei.org\/porto\/#organization"},"articleSection":["Pistas de Ora\u00e7\u00e3o"],"inLanguage":"pt-PT"},{"@type":"WebPage","@id":"https:\/\/verbumdei.org\/porto\/2023\/07\/26\/pistas-26-de-julho-de-2023\/","url":"https:\/\/verbumdei.org\/porto\/2023\/07\/26\/pistas-26-de-julho-de-2023\/","name":"Pistas - 26 de julho de 2023 - Verbum Dei Norte","isPartOf":{"@id":"https:\/\/verbumdei.org\/porto\/#website"},"datePublished":"2023-07-26T05:00:12+00:00","breadcrumb":{"@id":"https:\/\/verbumdei.org\/porto\/2023\/07\/26\/pistas-26-de-julho-de-2023\/#breadcrumb"},"inLanguage":"pt-PT","potentialAction":[{"@type":"ReadAction","target":["https:\/\/verbumdei.org\/porto\/2023\/07\/26\/pistas-26-de-julho-de-2023\/"]}]},{"@type":"BreadcrumbList","@id":"https:\/\/verbumdei.org\/porto\/2023\/07\/26\/pistas-26-de-julho-de-2023\/#breadcrumb","itemListElement":[{"@type":"ListItem","position":1,"name":"In\u00edcio","item":"https:\/\/verbumdei.org\/porto\/"},{"@type":"ListItem","position":2,"name":"Pistas &#8211; 26 de julho de 2023"}]},{"@type":"WebSite","@id":"https:\/\/verbumdei.org\/porto\/#website","url":"https:\/\/verbumdei.org\/porto\/","name":"Verbum Dei Portugal Norte","description":"Mission\u00e1rios Verbum Dei no Porto e Aveiro: ora\u00e7\u00e3o, retiro espiritual, forma\u00e7\u00e3o crist\u00e3 e evangeliza\u00e7\u00e3o","publisher":{"@id":"https:\/\/verbumdei.org\/porto\/#organization"},"potentialAction":[{"@type":"SearchAction","target":{"@type":"EntryPoint","urlTemplate":"https:\/\/verbumdei.org\/porto\/?s={search_term_string}"},"query-input":{"@type":"PropertyValueSpecification","valueRequired":true,"valueName":"search_term_string"}}],"inLanguage":"pt-PT"},{"@type":"Organization","@id":"https:\/\/verbumdei.org\/porto\/#organization","name":"Verbum Dei Portugal Norte","url":"https:\/\/verbumdei.org\/porto\/","logo":{"@type":"ImageObject","inLanguage":"pt-PT","@id":"https:\/\/verbumdei.org\/porto\/#\/schema\/logo\/image\/","url":"https:\/\/verbumdei.org\/porto\/wp-content\/uploads\/2018\/07\/Logo2.jpg","contentUrl":"https:\/\/verbumdei.org\/porto\/wp-content\/uploads\/2018\/07\/Logo2.jpg","width":123,"height":120,"caption":"Verbum Dei Portugal Norte"},"image":{"@id":"https:\/\/verbumdei.org\/porto\/#\/schema\/logo\/image\/"},"sameAs":["https:\/\/www.facebook.com\/vdportoaveiro\/","https:\/\/instagram.com\/verbumdei.portugal.norte\/"]},{"@type":"Person","@id":"https:\/\/verbumdei.org\/porto\/#\/schema\/person\/96069deba805c81dbe7e17ffc893d04b","name":"Verbum Dei Porto","url":"https:\/\/verbumdei.org\/porto\/author\/vdportod\/"}]}},"jetpack_featured_media_url":"","jetpack_sharing_enabled":true,"_links":{"self":[{"href":"https:\/\/verbumdei.org\/porto\/wp-json\/wp\/v2\/posts\/9048","targetHints":{"allow":["GET"]}}],"collection":[{"href":"https:\/\/verbumdei.org\/porto\/wp-json\/wp\/v2\/posts"}],"about":[{"href":"https:\/\/verbumdei.org\/porto\/wp-json\/wp\/v2\/types\/post"}],"author":[{"embeddable":true,"href":"https:\/\/verbumdei.org\/porto\/wp-json\/wp\/v2\/users\/7"}],"replies":[{"embeddable":true,"href":"https:\/\/verbumdei.org\/porto\/wp-json\/wp\/v2\/comments?post=9048"}],"version-history":[{"count":1,"href":"https:\/\/verbumdei.org\/porto\/wp-json\/wp\/v2\/posts\/9048\/revisions"}],"predecessor-version":[{"id":9050,"href":"https:\/\/verbumdei.org\/porto\/wp-json\/wp\/v2\/posts\/9048\/revisions\/9050"}],"wp:attachment":[{"href":"https:\/\/verbumdei.org\/porto\/wp-json\/wp\/v2\/media?parent=9048"}],"wp:term":[{"taxonomy":"category","embeddable":true,"href":"https:\/\/verbumdei.org\/porto\/wp-json\/wp\/v2\/categories?post=9048"},{"taxonomy":"post_tag","embeddable":true,"href":"https:\/\/verbumdei.org\/porto\/wp-json\/wp\/v2\/tags?post=9048"}],"curies":[{"name":"wp","href":"https:\/\/api.w.org\/{rel}","templated":true}]}}