{"id":9038,"date":"2023-07-23T15:35:16","date_gmt":"2023-07-23T14:35:16","guid":{"rendered":"https:\/\/verbumdei.org\/porto\/?p=9038"},"modified":"2023-07-23T15:35:16","modified_gmt":"2023-07-23T14:35:16","slug":"pistas-23-de-julho-de-2023","status":"publish","type":"post","link":"https:\/\/verbumdei.org\/porto\/2023\/07\/23\/pistas-23-de-julho-de-2023\/","title":{"rendered":"Pistas &#8211; 23 de julho de 2023"},"content":{"rendered":"<audio class=\"wp-audio-shortcode\" id=\"audio-9038-1\" preload=\"none\" style=\"width: 100%;\" controls=\"controls\"><source type=\"audio\/mpeg\" src=\"https:\/\/verbumdei.org\/porto\/wp-content\/uploads\/2023\/07\/perai-17.mp3?_=1\" \/><a href=\"https:\/\/verbumdei.org\/porto\/wp-content\/uploads\/2023\/07\/perai-17.mp3\">https:\/\/verbumdei.org\/porto\/wp-content\/uploads\/2023\/07\/perai-17.mp3<\/a><\/audio>\n<p>Pera a\u00ed \u2013 Pistas de Ora\u00e7\u00e3o Verbum Dei, 23.07.23.<br \/>\nBoa ora\u00e7\u00e3o!<\/p>\n<p>ORA\u00c7\u00c3O INICIAL<br \/>\nSenhor, nas duas leituras e no Evangelho de hoje, ensinas-nos como viver contigo. Ajuda-nos a acolher a tua Palavra e a fazer dela vida.<\/p>\n<p>PALAVRA DE DEUS<br \/>\nEscutamos o Evangelho de S\u00e3o Mateus 13, 24-30:<br \/>\nNaquele tempo, Jesus disse \u00e0s multid\u00f5es mais esta par\u00e1bola: \u00abO reino dos C\u00e9us pode comparar-se a um homem que semeou boa semente no seu campo. Enquanto todos dormiam, veio o inimigo, semeou joio no meio do trigo e foi-se embora. Quando o trigo cresceu e come\u00e7ou a espigar, apareceu tamb\u00e9m o joio. Os servos do dono da casa foram dizer-lhe: \u2018Senhor, n\u00e3o semeaste boa semente no teu campo? Donde vem ent\u00e3o o joio?\u2019. Ele respondeu-lhes: \u2018Foi um inimigo que fez isso\u2019. Disseram-lhe os servos: \u2018Queres que vamos arrancar o joio?\u2019. \u2018N\u00e3o! \u00ad\u00ad\u2013 disse ele \u2013 n\u00e3o suceda que, ao arrancardes o joio, arranqueis tamb\u00e9m o trigo. Deixai-os crescer ambos at\u00e9 \u00e0 ceifa e, na altura da ceifa, direi aos ceifeiros: Apanhai primeiro o joio e atai-o em molhos para queimar; e ao trigo, recolhei-o no meu celeiro\u2019\u00bb.<\/p>\n<p>PISTAS DE ORA\u00c7\u00c3O<br \/>\nAs leituras e o Evangelho de hoje falam-nos do mesmo: o mundo e a nossa vida s\u00e3o complicados, cheios de pessoas ou coisas, boas e m\u00e1s. Jesus tem a delicadeza de n\u00e3o nos atribuir a origem da maldade, mas ao inimigo que n\u00e3o merece muito mais explica\u00e7\u00f5es.<br \/>\nTal como os servos t\u00eam pressa de limpar o campo, eu anseio pelo dia em que a vida vai ser muito mais simples: os filhos v\u00e3o estar encaminhados, aquela pessoa que me atormenta desaparece ou deixa de ter poder sobre mim, todos v\u00e3o ter as mesmas cren\u00e7as que eu, a minha cabe\u00e7a e o meu cora\u00e7\u00e3o v\u00e3o estar arrumados, o dinheiro vai sobrar, vou ao gin\u00e1sio dia-sim-dia-n\u00e3o, a minha sa\u00fade melhora, os pol\u00edticos v\u00e3o ser mais respons\u00e1veis. Porque \u00e9 que Deus n\u00e3o limpa j\u00e1 a nossa vida? N\u00e3o \u00e9 isto que \u00e9 bom?<br \/>\nJesus n\u00e3o faz estes milagres. A vida \u00e9 o que \u00e9, o que eu entendo como bom e mau confundem-se e s\u00e3o o meu caminho de santidade.<br \/>\nJesus promete que no fim dos tempos tudo ser\u00e1 corrigido e mostra que, entretanto, est\u00e1 ao nosso lado, que o seu Esp\u00edrito pede ao Pai por n\u00f3s. Como diz esta frase que encontrei no Facebook: &#8220;O nosso pior inimigo vive dentro de n\u00f3s. A nossa sorte \u00e9 que o nosso melhor amigo tamb\u00e9m&#8221;.<\/p>\n<p>ORA\u00c7\u00c3O FINAL<br \/>\nSenhor, ajuda-nos a ver a vida como tu a v\u00eas, rica, variada e dif\u00edcil. Ajuda-nos a viv\u00ea-la em di\u00e1logo com o teu Esp\u00edrito e em ora\u00e7\u00e3o\u00a0com\u00a0o\u00a0Pai.<\/p>\n","protected":false},"excerpt":{"rendered":"<p>Pera a\u00ed \u2013 Pistas de Ora\u00e7\u00e3o Verbum Dei, 23.07.23. Boa ora\u00e7\u00e3o! ORA\u00c7\u00c3O INICIAL Senhor, nas duas leituras e no Evangelho de hoje, ensinas-nos como viver contigo. Ajuda-nos a acolher a<a href=\"https:\/\/verbumdei.org\/porto\/2023\/07\/23\/pistas-23-de-julho-de-2023\/\" rel=\"bookmark\"><span class=\"screen-reader-text\">Pistas &#8211; 23 de julho de 2023<\/span><\/a><\/p>\n","protected":false},"author":7,"featured_media":0,"comment_status":"closed","ping_status":"closed","sticky":false,"template":"","format":"standard","meta":{"rop_custom_images_group":[],"rop_custom_messages_group":[],"rop_publish_now":"initial","rop_publish_now_accounts":[],"rop_publish_now_history":[],"rop_publish_now_status":"pending","neve_meta_sidebar":"","neve_meta_container":"","neve_meta_enable_content_width":"","neve_meta_content_width":0,"neve_meta_title_alignment":"","neve_meta_author_avatar":"","neve_post_elements_order":"","neve_meta_disable_header":"","neve_meta_disable_footer":"","neve_meta_disable_title":"","_themeisle_gutenberg_block_has_review":false,"_jetpack_memberships_contains_paid_content":false,"footnotes":""},"categories":[60],"tags":[],"class_list":["post-9038","post","type-post","status-publish","format-standard","hentry","category-pistas-de-oracao"],"yoast_head":"<!-- This site is optimized with the Yoast SEO plugin v27.5 - https:\/\/yoast.com\/product\/yoast-seo-wordpress\/ -->\n<title>Pistas - 23 de julho de 2023 - Verbum Dei Norte<\/title>\n<meta name=\"robots\" content=\"index, follow, max-snippet:-1, max-image-preview:large, max-video-preview:-1\" \/>\n<link rel=\"canonical\" href=\"https:\/\/verbumdei.org\/porto\/2023\/07\/23\/pistas-23-de-julho-de-2023\/\" \/>\n<meta property=\"og:locale\" content=\"pt_PT\" \/>\n<meta property=\"og:type\" content=\"article\" \/>\n<meta property=\"og:title\" content=\"Pistas - 23 de julho de 2023 - Verbum Dei Norte\" \/>\n<meta property=\"og:description\" content=\"Pera a\u00ed \u2013 Pistas de Ora\u00e7\u00e3o Verbum Dei, 23.07.23. Boa ora\u00e7\u00e3o! ORA\u00c7\u00c3O INICIAL Senhor, nas duas leituras e no Evangelho de hoje, ensinas-nos como viver contigo. Ajuda-nos a acolher aPistas &#8211; 23 de julho de 2023\" \/>\n<meta property=\"og:url\" content=\"https:\/\/verbumdei.org\/porto\/2023\/07\/23\/pistas-23-de-julho-de-2023\/\" \/>\n<meta property=\"og:site_name\" content=\"Verbum Dei Norte\" \/>\n<meta property=\"article:publisher\" content=\"https:\/\/www.facebook.com\/vdportoaveiro\/\" \/>\n<meta property=\"article:published_time\" content=\"2023-07-23T14:35:16+00:00\" \/>\n<meta name=\"author\" content=\"Verbum Dei Porto\" \/>\n<meta name=\"twitter:card\" content=\"summary_large_image\" \/>\n<meta name=\"twitter:label1\" content=\"Escrito por\" \/>\n\t<meta name=\"twitter:data1\" content=\"Verbum Dei Porto\" \/>\n\t<meta name=\"twitter:label2\" content=\"Tempo estimado de leitura\" \/>\n\t<meta name=\"twitter:data2\" content=\"3 minutos\" \/>\n<script type=\"application\/ld+json\" class=\"yoast-schema-graph\">{\"@context\":\"https:\\\/\\\/schema.org\",\"@graph\":[{\"@type\":\"Article\",\"@id\":\"https:\\\/\\\/verbumdei.org\\\/porto\\\/2023\\\/07\\\/23\\\/pistas-23-de-julho-de-2023\\\/#article\",\"isPartOf\":{\"@id\":\"https:\\\/\\\/verbumdei.org\\\/porto\\\/2023\\\/07\\\/23\\\/pistas-23-de-julho-de-2023\\\/\"},\"author\":{\"name\":\"Verbum Dei Porto\",\"@id\":\"https:\\\/\\\/verbumdei.org\\\/porto\\\/#\\\/schema\\\/person\\\/96069deba805c81dbe7e17ffc893d04b\"},\"headline\":\"Pistas &#8211; 23 de julho de 2023\",\"datePublished\":\"2023-07-23T14:35:16+00:00\",\"mainEntityOfPage\":{\"@id\":\"https:\\\/\\\/verbumdei.org\\\/porto\\\/2023\\\/07\\\/23\\\/pistas-23-de-julho-de-2023\\\/\"},\"wordCount\":491,\"publisher\":{\"@id\":\"https:\\\/\\\/verbumdei.org\\\/porto\\\/#organization\"},\"articleSection\":[\"Pistas de Ora\u00e7\u00e3o\"],\"inLanguage\":\"pt-PT\"},{\"@type\":\"WebPage\",\"@id\":\"https:\\\/\\\/verbumdei.org\\\/porto\\\/2023\\\/07\\\/23\\\/pistas-23-de-julho-de-2023\\\/\",\"url\":\"https:\\\/\\\/verbumdei.org\\\/porto\\\/2023\\\/07\\\/23\\\/pistas-23-de-julho-de-2023\\\/\",\"name\":\"Pistas - 23 de julho de 2023 - Verbum Dei Norte\",\"isPartOf\":{\"@id\":\"https:\\\/\\\/verbumdei.org\\\/porto\\\/#website\"},\"datePublished\":\"2023-07-23T14:35:16+00:00\",\"breadcrumb\":{\"@id\":\"https:\\\/\\\/verbumdei.org\\\/porto\\\/2023\\\/07\\\/23\\\/pistas-23-de-julho-de-2023\\\/#breadcrumb\"},\"inLanguage\":\"pt-PT\",\"potentialAction\":[{\"@type\":\"ReadAction\",\"target\":[\"https:\\\/\\\/verbumdei.org\\\/porto\\\/2023\\\/07\\\/23\\\/pistas-23-de-julho-de-2023\\\/\"]}]},{\"@type\":\"BreadcrumbList\",\"@id\":\"https:\\\/\\\/verbumdei.org\\\/porto\\\/2023\\\/07\\\/23\\\/pistas-23-de-julho-de-2023\\\/#breadcrumb\",\"itemListElement\":[{\"@type\":\"ListItem\",\"position\":1,\"name\":\"In\u00edcio\",\"item\":\"https:\\\/\\\/verbumdei.org\\\/porto\\\/\"},{\"@type\":\"ListItem\",\"position\":2,\"name\":\"Pistas &#8211; 23 de julho de 2023\"}]},{\"@type\":\"WebSite\",\"@id\":\"https:\\\/\\\/verbumdei.org\\\/porto\\\/#website\",\"url\":\"https:\\\/\\\/verbumdei.org\\\/porto\\\/\",\"name\":\"Verbum Dei Portugal Norte\",\"description\":\"Mission\u00e1rios Verbum Dei no Porto e Aveiro: ora\u00e7\u00e3o, retiro espiritual, forma\u00e7\u00e3o crist\u00e3 e evangeliza\u00e7\u00e3o\",\"publisher\":{\"@id\":\"https:\\\/\\\/verbumdei.org\\\/porto\\\/#organization\"},\"potentialAction\":[{\"@type\":\"SearchAction\",\"target\":{\"@type\":\"EntryPoint\",\"urlTemplate\":\"https:\\\/\\\/verbumdei.org\\\/porto\\\/?s={search_term_string}\"},\"query-input\":{\"@type\":\"PropertyValueSpecification\",\"valueRequired\":true,\"valueName\":\"search_term_string\"}}],\"inLanguage\":\"pt-PT\"},{\"@type\":\"Organization\",\"@id\":\"https:\\\/\\\/verbumdei.org\\\/porto\\\/#organization\",\"name\":\"Verbum Dei Portugal Norte\",\"url\":\"https:\\\/\\\/verbumdei.org\\\/porto\\\/\",\"logo\":{\"@type\":\"ImageObject\",\"inLanguage\":\"pt-PT\",\"@id\":\"https:\\\/\\\/verbumdei.org\\\/porto\\\/#\\\/schema\\\/logo\\\/image\\\/\",\"url\":\"https:\\\/\\\/verbumdei.org\\\/porto\\\/wp-content\\\/uploads\\\/2018\\\/07\\\/Logo2.jpg\",\"contentUrl\":\"https:\\\/\\\/verbumdei.org\\\/porto\\\/wp-content\\\/uploads\\\/2018\\\/07\\\/Logo2.jpg\",\"width\":123,\"height\":120,\"caption\":\"Verbum Dei Portugal Norte\"},\"image\":{\"@id\":\"https:\\\/\\\/verbumdei.org\\\/porto\\\/#\\\/schema\\\/logo\\\/image\\\/\"},\"sameAs\":[\"https:\\\/\\\/www.facebook.com\\\/vdportoaveiro\\\/\",\"https:\\\/\\\/instagram.com\\\/verbumdei.portugal.norte\\\/\"]},{\"@type\":\"Person\",\"@id\":\"https:\\\/\\\/verbumdei.org\\\/porto\\\/#\\\/schema\\\/person\\\/96069deba805c81dbe7e17ffc893d04b\",\"name\":\"Verbum Dei Porto\",\"url\":\"https:\\\/\\\/verbumdei.org\\\/porto\\\/author\\\/vdportod\\\/\"}]}<\/script>\n<!-- \/ Yoast SEO plugin. -->","yoast_head_json":{"title":"Pistas - 23 de julho de 2023 - Verbum Dei Norte","robots":{"index":"index","follow":"follow","max-snippet":"max-snippet:-1","max-image-preview":"max-image-preview:large","max-video-preview":"max-video-preview:-1"},"canonical":"https:\/\/verbumdei.org\/porto\/2023\/07\/23\/pistas-23-de-julho-de-2023\/","og_locale":"pt_PT","og_type":"article","og_title":"Pistas - 23 de julho de 2023 - Verbum Dei Norte","og_description":"Pera a\u00ed \u2013 Pistas de Ora\u00e7\u00e3o Verbum Dei, 23.07.23. Boa ora\u00e7\u00e3o! ORA\u00c7\u00c3O INICIAL Senhor, nas duas leituras e no Evangelho de hoje, ensinas-nos como viver contigo. Ajuda-nos a acolher aPistas &#8211; 23 de julho de 2023","og_url":"https:\/\/verbumdei.org\/porto\/2023\/07\/23\/pistas-23-de-julho-de-2023\/","og_site_name":"Verbum Dei Norte","article_publisher":"https:\/\/www.facebook.com\/vdportoaveiro\/","article_published_time":"2023-07-23T14:35:16+00:00","author":"Verbum Dei Porto","twitter_card":"summary_large_image","twitter_misc":{"Escrito por":"Verbum Dei Porto","Tempo estimado de leitura":"3 minutos"},"schema":{"@context":"https:\/\/schema.org","@graph":[{"@type":"Article","@id":"https:\/\/verbumdei.org\/porto\/2023\/07\/23\/pistas-23-de-julho-de-2023\/#article","isPartOf":{"@id":"https:\/\/verbumdei.org\/porto\/2023\/07\/23\/pistas-23-de-julho-de-2023\/"},"author":{"name":"Verbum Dei Porto","@id":"https:\/\/verbumdei.org\/porto\/#\/schema\/person\/96069deba805c81dbe7e17ffc893d04b"},"headline":"Pistas &#8211; 23 de julho de 2023","datePublished":"2023-07-23T14:35:16+00:00","mainEntityOfPage":{"@id":"https:\/\/verbumdei.org\/porto\/2023\/07\/23\/pistas-23-de-julho-de-2023\/"},"wordCount":491,"publisher":{"@id":"https:\/\/verbumdei.org\/porto\/#organization"},"articleSection":["Pistas de Ora\u00e7\u00e3o"],"inLanguage":"pt-PT"},{"@type":"WebPage","@id":"https:\/\/verbumdei.org\/porto\/2023\/07\/23\/pistas-23-de-julho-de-2023\/","url":"https:\/\/verbumdei.org\/porto\/2023\/07\/23\/pistas-23-de-julho-de-2023\/","name":"Pistas - 23 de julho de 2023 - Verbum Dei Norte","isPartOf":{"@id":"https:\/\/verbumdei.org\/porto\/#website"},"datePublished":"2023-07-23T14:35:16+00:00","breadcrumb":{"@id":"https:\/\/verbumdei.org\/porto\/2023\/07\/23\/pistas-23-de-julho-de-2023\/#breadcrumb"},"inLanguage":"pt-PT","potentialAction":[{"@type":"ReadAction","target":["https:\/\/verbumdei.org\/porto\/2023\/07\/23\/pistas-23-de-julho-de-2023\/"]}]},{"@type":"BreadcrumbList","@id":"https:\/\/verbumdei.org\/porto\/2023\/07\/23\/pistas-23-de-julho-de-2023\/#breadcrumb","itemListElement":[{"@type":"ListItem","position":1,"name":"In\u00edcio","item":"https:\/\/verbumdei.org\/porto\/"},{"@type":"ListItem","position":2,"name":"Pistas &#8211; 23 de julho de 2023"}]},{"@type":"WebSite","@id":"https:\/\/verbumdei.org\/porto\/#website","url":"https:\/\/verbumdei.org\/porto\/","name":"Verbum Dei Portugal Norte","description":"Mission\u00e1rios Verbum Dei no Porto e Aveiro: ora\u00e7\u00e3o, retiro espiritual, forma\u00e7\u00e3o crist\u00e3 e evangeliza\u00e7\u00e3o","publisher":{"@id":"https:\/\/verbumdei.org\/porto\/#organization"},"potentialAction":[{"@type":"SearchAction","target":{"@type":"EntryPoint","urlTemplate":"https:\/\/verbumdei.org\/porto\/?s={search_term_string}"},"query-input":{"@type":"PropertyValueSpecification","valueRequired":true,"valueName":"search_term_string"}}],"inLanguage":"pt-PT"},{"@type":"Organization","@id":"https:\/\/verbumdei.org\/porto\/#organization","name":"Verbum Dei Portugal Norte","url":"https:\/\/verbumdei.org\/porto\/","logo":{"@type":"ImageObject","inLanguage":"pt-PT","@id":"https:\/\/verbumdei.org\/porto\/#\/schema\/logo\/image\/","url":"https:\/\/verbumdei.org\/porto\/wp-content\/uploads\/2018\/07\/Logo2.jpg","contentUrl":"https:\/\/verbumdei.org\/porto\/wp-content\/uploads\/2018\/07\/Logo2.jpg","width":123,"height":120,"caption":"Verbum Dei Portugal Norte"},"image":{"@id":"https:\/\/verbumdei.org\/porto\/#\/schema\/logo\/image\/"},"sameAs":["https:\/\/www.facebook.com\/vdportoaveiro\/","https:\/\/instagram.com\/verbumdei.portugal.norte\/"]},{"@type":"Person","@id":"https:\/\/verbumdei.org\/porto\/#\/schema\/person\/96069deba805c81dbe7e17ffc893d04b","name":"Verbum Dei Porto","url":"https:\/\/verbumdei.org\/porto\/author\/vdportod\/"}]}},"jetpack_featured_media_url":"","jetpack_sharing_enabled":true,"_links":{"self":[{"href":"https:\/\/verbumdei.org\/porto\/wp-json\/wp\/v2\/posts\/9038","targetHints":{"allow":["GET"]}}],"collection":[{"href":"https:\/\/verbumdei.org\/porto\/wp-json\/wp\/v2\/posts"}],"about":[{"href":"https:\/\/verbumdei.org\/porto\/wp-json\/wp\/v2\/types\/post"}],"author":[{"embeddable":true,"href":"https:\/\/verbumdei.org\/porto\/wp-json\/wp\/v2\/users\/7"}],"replies":[{"embeddable":true,"href":"https:\/\/verbumdei.org\/porto\/wp-json\/wp\/v2\/comments?post=9038"}],"version-history":[{"count":1,"href":"https:\/\/verbumdei.org\/porto\/wp-json\/wp\/v2\/posts\/9038\/revisions"}],"predecessor-version":[{"id":9040,"href":"https:\/\/verbumdei.org\/porto\/wp-json\/wp\/v2\/posts\/9038\/revisions\/9040"}],"wp:attachment":[{"href":"https:\/\/verbumdei.org\/porto\/wp-json\/wp\/v2\/media?parent=9038"}],"wp:term":[{"taxonomy":"category","embeddable":true,"href":"https:\/\/verbumdei.org\/porto\/wp-json\/wp\/v2\/categories?post=9038"},{"taxonomy":"post_tag","embeddable":true,"href":"https:\/\/verbumdei.org\/porto\/wp-json\/wp\/v2\/tags?post=9038"}],"curies":[{"name":"wp","href":"https:\/\/api.w.org\/{rel}","templated":true}]}}