{"id":9035,"date":"2023-07-22T12:17:43","date_gmt":"2023-07-22T11:17:43","guid":{"rendered":"https:\/\/verbumdei.org\/porto\/?p=9035"},"modified":"2023-07-22T12:17:43","modified_gmt":"2023-07-22T11:17:43","slug":"pistas-22-de-julho-de-2023","status":"publish","type":"post","link":"https:\/\/verbumdei.org\/porto\/2023\/07\/22\/pistas-22-de-julho-de-2023\/","title":{"rendered":"Pistas &#8211; 22 de julho de 2023"},"content":{"rendered":"<audio class=\"wp-audio-shortcode\" id=\"audio-9035-1\" preload=\"none\" style=\"width: 100%;\" controls=\"controls\"><source type=\"audio\/mpeg\" src=\"https:\/\/verbumdei.org\/porto\/wp-content\/uploads\/2023\/07\/perai-16.mp3?_=1\" \/><a href=\"https:\/\/verbumdei.org\/porto\/wp-content\/uploads\/2023\/07\/perai-16.mp3\">https:\/\/verbumdei.org\/porto\/wp-content\/uploads\/2023\/07\/perai-16.mp3<\/a><\/audio>\n<p>Pera a\u00ed \u2013 Pistas de Ora\u00e7\u00e3o Verbum Dei, 23.07.22.<br \/>\nBoa ora\u00e7\u00e3o!<\/p>\n<p>Festa de Maria Madalena<\/p>\n<p>ORA\u00c7\u00c3O INICIAL<br \/>\nBom dia, querida fam\u00edlia do C\u00e9u! Hoje convidam-nos a rezar com Maria Madalena. Esta mulher que vive tanto as suas emo\u00e7\u00f5es e os seus sentidos que pode ser para n\u00f3s uma inspira\u00e7\u00e3o para n\u00e3o termos receio de mostrar e de expressar os nossos sentidos e sentimentos.<\/p>\n<p>PALAVRA DE DEUS<br \/>\nHoje rezamos com a leitura de Jo 20, 1 e 11 ao 18:<br \/>\nNo primeiro dia da semana, Maria Madalena foi ao t\u00famulo logo de manh\u00e3, ainda escuro, e viu retirada a pedra que o tapava. Maria estava junto ao t\u00famulo, da parte de fora, a chorar. Sem parar de chorar, debru\u00e7ou-se para dentro do t\u00famulo, e contemplou dois anjos vestidos de branco, sentados onde tinha estado o corpo de Jesus, um \u00e0 cabeceira e o outro aos p\u00e9s. Perguntaram-lhe: \u00abMulher, porque choras?\u00bb E ela respondeu: \u00abPorque levaram o meu Senhor e n\u00e3o sei onde o puseram.\u00bb Dito isto, voltou-se para tr\u00e1s e viu Jesus, de p\u00e9, mas n\u00e3o se dava conta que era Ele. E Jesus disse-lhe: \u00abMulher, porque choras? Quem procuras?\u00bb Ela, pensando que era o encarregado do horto, disse-lhe: \u00abSenhor, se foste tu que o tiraste, diz-me onde o puseste, que eu vou busc\u00e1-lo.\u00bb Disse-lhe Jesus: \u00abMaria!\u00bb Ela, aproximando-se, exclamou em hebraico: \u00abRabbuni!\u00bb &#8211; que quer dizer: \u00abMestre!\u00bb Jesus disse-lhe: \u00abN\u00e3o me detenhas, pois ainda n\u00e3o subi para o Pai; mas vai ter com os meus irm\u00e3os e diz-lhes: \u2018Subo para o Meu Pai, que \u00e9 vosso Pai, para o Meu Deus, que \u00e9 vosso Deus.\u2019\u00bb Maria Madalena foi e anunciou aos disc\u00edpulos: \u00abVi o Senhor!\u00bb E contou o que Ele lhe tinha dito.<\/p>\n<p>PISTAS DE ORA\u00c7\u00c3O<br \/>\nMaria Madalena foi aquela a quem Jesus salvou, diz-se, de sete dem\u00f3nios. Hoje dir\u00edamos que era uma mulher perturbada a quem Jesus devolveu a vida, a dignidade, a auto confian\u00e7a. \u00c9 aquela mulher que aparece ao lado de Jesus, na cruz, sem medos; na leitura de hoje diz-se que ia logo de manh\u00e3, ainda escuro, ao sepulcro, a enfrentar os romanos se fosse necess\u00e1rio. Para mim, que sou uma pessoa que vive muito o medo, Maria Madalena \u00e9 um exemplo, porque a f\u00e9 em Jesus f\u00e1-la n\u00e3o ter medo.<br \/>\nEsta mulher \u00e9 sem d\u00favida uma personalidade complexa pela sua hist\u00f3ria, pois sabemos que uma vida conturbada e marcante como seria a dela n\u00e3o se muda por magia \u2013 mas o que sinto nesta leitura \u00e9 que Jesus nos desafia a aprender com ela, a integrar tamb\u00e9m a nossa complexidade, a permanecer, como ela nesta passagem, atentos, curiosos, crentes, e a procurar o encontro \u00edntimo e transformador com Ele. Maria, depois de descobrir o t\u00famulo revirado, voltou para tr\u00e1s para avisar os disc\u00edpulos, para procurar a comunidade e tentar entender com outros. Hoje n\u00e3o lemos essa parte, mas quando eles se foram embora, ainda sem acreditar, ela ficou, ainda a tentar entender, a querer ir ao fundo daquilo que n\u00e3o entendia. A chorar, porque n\u00e3o esconde os sentimentos que tem por dentro. V\u00ea os anjos, que podemos entender como uma reflex\u00e3o no seu interior, mas isso n\u00e3o a transforma e continua a sua procura interna. A manifesta\u00e7\u00e3o de Jesus j\u00e1 tem algo diferente, pois Maria logo Lhe pede explica\u00e7\u00f5es. E quando Ele a chama pelo seu nome logo O reconhece, tal era a experi\u00eancia de encontro que havia tido. N\u00f3s tamb\u00e9m podemos descobrir em n\u00f3s estes momentos e a diferen\u00e7a que tem estarmos sozinhos com o nosso interior ou reconhecer a voz de Jesus que nos d\u00e1 toda a dignidade e nos chama pelo nosso nome.<\/p>\n<p>ORA\u00c7\u00c3O FINAL<br \/>\nSenhor, obrigado por estar perto e acess\u00edvel esta experi\u00eancia de encontro transformador, de um encontro com Quem realmente nos conhece\u00a0e\u00a0nos\u00a0ama!<\/p>\n","protected":false},"excerpt":{"rendered":"<p>Pera a\u00ed \u2013 Pistas de Ora\u00e7\u00e3o Verbum Dei, 23.07.22. Boa ora\u00e7\u00e3o! Festa de Maria Madalena ORA\u00c7\u00c3O INICIAL Bom dia, querida fam\u00edlia do C\u00e9u! Hoje convidam-nos a rezar com Maria Madalena.<a href=\"https:\/\/verbumdei.org\/porto\/2023\/07\/22\/pistas-22-de-julho-de-2023\/\" rel=\"bookmark\"><span class=\"screen-reader-text\">Pistas &#8211; 22 de julho de 2023<\/span><\/a><\/p>\n","protected":false},"author":7,"featured_media":0,"comment_status":"closed","ping_status":"closed","sticky":false,"template":"","format":"standard","meta":{"rop_custom_images_group":[],"rop_custom_messages_group":[],"rop_publish_now":"initial","rop_publish_now_accounts":[],"rop_publish_now_history":[],"rop_publish_now_status":"pending","neve_meta_sidebar":"","neve_meta_container":"","neve_meta_enable_content_width":"","neve_meta_content_width":0,"neve_meta_title_alignment":"","neve_meta_author_avatar":"","neve_post_elements_order":"","neve_meta_disable_header":"","neve_meta_disable_footer":"","neve_meta_disable_title":"","_themeisle_gutenberg_block_has_review":false,"_jetpack_memberships_contains_paid_content":false,"footnotes":""},"categories":[60],"tags":[],"class_list":["post-9035","post","type-post","status-publish","format-standard","hentry","category-pistas-de-oracao"],"yoast_head":"<!-- This site is optimized with the Yoast SEO plugin v27.5 - https:\/\/yoast.com\/product\/yoast-seo-wordpress\/ -->\n<title>Pistas - 22 de julho de 2023 - Verbum Dei Norte<\/title>\n<meta name=\"robots\" content=\"index, follow, max-snippet:-1, max-image-preview:large, max-video-preview:-1\" \/>\n<link rel=\"canonical\" href=\"https:\/\/verbumdei.org\/porto\/2023\/07\/22\/pistas-22-de-julho-de-2023\/\" \/>\n<meta property=\"og:locale\" content=\"pt_PT\" \/>\n<meta property=\"og:type\" content=\"article\" \/>\n<meta property=\"og:title\" content=\"Pistas - 22 de julho de 2023 - Verbum Dei Norte\" \/>\n<meta property=\"og:description\" content=\"Pera a\u00ed \u2013 Pistas de Ora\u00e7\u00e3o Verbum Dei, 23.07.22. Boa ora\u00e7\u00e3o! Festa de Maria Madalena ORA\u00c7\u00c3O INICIAL Bom dia, querida fam\u00edlia do C\u00e9u! Hoje convidam-nos a rezar com Maria Madalena.Pistas &#8211; 22 de julho de 2023\" \/>\n<meta property=\"og:url\" content=\"https:\/\/verbumdei.org\/porto\/2023\/07\/22\/pistas-22-de-julho-de-2023\/\" \/>\n<meta property=\"og:site_name\" content=\"Verbum Dei Norte\" \/>\n<meta property=\"article:publisher\" content=\"https:\/\/www.facebook.com\/vdportoaveiro\/\" \/>\n<meta property=\"article:published_time\" content=\"2023-07-22T11:17:43+00:00\" \/>\n<meta name=\"author\" content=\"Verbum Dei Porto\" \/>\n<meta name=\"twitter:card\" content=\"summary_large_image\" \/>\n<meta name=\"twitter:label1\" content=\"Escrito por\" \/>\n\t<meta name=\"twitter:data1\" content=\"Verbum Dei Porto\" \/>\n\t<meta name=\"twitter:label2\" content=\"Tempo estimado de leitura\" \/>\n\t<meta name=\"twitter:data2\" content=\"4 minutos\" \/>\n<script type=\"application\/ld+json\" class=\"yoast-schema-graph\">{\"@context\":\"https:\\\/\\\/schema.org\",\"@graph\":[{\"@type\":\"Article\",\"@id\":\"https:\\\/\\\/verbumdei.org\\\/porto\\\/2023\\\/07\\\/22\\\/pistas-22-de-julho-de-2023\\\/#article\",\"isPartOf\":{\"@id\":\"https:\\\/\\\/verbumdei.org\\\/porto\\\/2023\\\/07\\\/22\\\/pistas-22-de-julho-de-2023\\\/\"},\"author\":{\"name\":\"Verbum Dei Porto\",\"@id\":\"https:\\\/\\\/verbumdei.org\\\/porto\\\/#\\\/schema\\\/person\\\/96069deba805c81dbe7e17ffc893d04b\"},\"headline\":\"Pistas &#8211; 22 de julho de 2023\",\"datePublished\":\"2023-07-22T11:17:43+00:00\",\"mainEntityOfPage\":{\"@id\":\"https:\\\/\\\/verbumdei.org\\\/porto\\\/2023\\\/07\\\/22\\\/pistas-22-de-julho-de-2023\\\/\"},\"wordCount\":679,\"publisher\":{\"@id\":\"https:\\\/\\\/verbumdei.org\\\/porto\\\/#organization\"},\"articleSection\":[\"Pistas de Ora\u00e7\u00e3o\"],\"inLanguage\":\"pt-PT\"},{\"@type\":\"WebPage\",\"@id\":\"https:\\\/\\\/verbumdei.org\\\/porto\\\/2023\\\/07\\\/22\\\/pistas-22-de-julho-de-2023\\\/\",\"url\":\"https:\\\/\\\/verbumdei.org\\\/porto\\\/2023\\\/07\\\/22\\\/pistas-22-de-julho-de-2023\\\/\",\"name\":\"Pistas - 22 de julho de 2023 - Verbum Dei Norte\",\"isPartOf\":{\"@id\":\"https:\\\/\\\/verbumdei.org\\\/porto\\\/#website\"},\"datePublished\":\"2023-07-22T11:17:43+00:00\",\"breadcrumb\":{\"@id\":\"https:\\\/\\\/verbumdei.org\\\/porto\\\/2023\\\/07\\\/22\\\/pistas-22-de-julho-de-2023\\\/#breadcrumb\"},\"inLanguage\":\"pt-PT\",\"potentialAction\":[{\"@type\":\"ReadAction\",\"target\":[\"https:\\\/\\\/verbumdei.org\\\/porto\\\/2023\\\/07\\\/22\\\/pistas-22-de-julho-de-2023\\\/\"]}]},{\"@type\":\"BreadcrumbList\",\"@id\":\"https:\\\/\\\/verbumdei.org\\\/porto\\\/2023\\\/07\\\/22\\\/pistas-22-de-julho-de-2023\\\/#breadcrumb\",\"itemListElement\":[{\"@type\":\"ListItem\",\"position\":1,\"name\":\"In\u00edcio\",\"item\":\"https:\\\/\\\/verbumdei.org\\\/porto\\\/\"},{\"@type\":\"ListItem\",\"position\":2,\"name\":\"Pistas &#8211; 22 de julho de 2023\"}]},{\"@type\":\"WebSite\",\"@id\":\"https:\\\/\\\/verbumdei.org\\\/porto\\\/#website\",\"url\":\"https:\\\/\\\/verbumdei.org\\\/porto\\\/\",\"name\":\"Verbum Dei Portugal Norte\",\"description\":\"Mission\u00e1rios Verbum Dei no Porto e Aveiro: ora\u00e7\u00e3o, retiro espiritual, forma\u00e7\u00e3o crist\u00e3 e evangeliza\u00e7\u00e3o\",\"publisher\":{\"@id\":\"https:\\\/\\\/verbumdei.org\\\/porto\\\/#organization\"},\"potentialAction\":[{\"@type\":\"SearchAction\",\"target\":{\"@type\":\"EntryPoint\",\"urlTemplate\":\"https:\\\/\\\/verbumdei.org\\\/porto\\\/?s={search_term_string}\"},\"query-input\":{\"@type\":\"PropertyValueSpecification\",\"valueRequired\":true,\"valueName\":\"search_term_string\"}}],\"inLanguage\":\"pt-PT\"},{\"@type\":\"Organization\",\"@id\":\"https:\\\/\\\/verbumdei.org\\\/porto\\\/#organization\",\"name\":\"Verbum Dei Portugal Norte\",\"url\":\"https:\\\/\\\/verbumdei.org\\\/porto\\\/\",\"logo\":{\"@type\":\"ImageObject\",\"inLanguage\":\"pt-PT\",\"@id\":\"https:\\\/\\\/verbumdei.org\\\/porto\\\/#\\\/schema\\\/logo\\\/image\\\/\",\"url\":\"https:\\\/\\\/verbumdei.org\\\/porto\\\/wp-content\\\/uploads\\\/2018\\\/07\\\/Logo2.jpg\",\"contentUrl\":\"https:\\\/\\\/verbumdei.org\\\/porto\\\/wp-content\\\/uploads\\\/2018\\\/07\\\/Logo2.jpg\",\"width\":123,\"height\":120,\"caption\":\"Verbum Dei Portugal Norte\"},\"image\":{\"@id\":\"https:\\\/\\\/verbumdei.org\\\/porto\\\/#\\\/schema\\\/logo\\\/image\\\/\"},\"sameAs\":[\"https:\\\/\\\/www.facebook.com\\\/vdportoaveiro\\\/\",\"https:\\\/\\\/instagram.com\\\/verbumdei.portugal.norte\\\/\"]},{\"@type\":\"Person\",\"@id\":\"https:\\\/\\\/verbumdei.org\\\/porto\\\/#\\\/schema\\\/person\\\/96069deba805c81dbe7e17ffc893d04b\",\"name\":\"Verbum Dei Porto\",\"url\":\"https:\\\/\\\/verbumdei.org\\\/porto\\\/author\\\/vdportod\\\/\"}]}<\/script>\n<!-- \/ Yoast SEO plugin. -->","yoast_head_json":{"title":"Pistas - 22 de julho de 2023 - Verbum Dei Norte","robots":{"index":"index","follow":"follow","max-snippet":"max-snippet:-1","max-image-preview":"max-image-preview:large","max-video-preview":"max-video-preview:-1"},"canonical":"https:\/\/verbumdei.org\/porto\/2023\/07\/22\/pistas-22-de-julho-de-2023\/","og_locale":"pt_PT","og_type":"article","og_title":"Pistas - 22 de julho de 2023 - Verbum Dei Norte","og_description":"Pera a\u00ed \u2013 Pistas de Ora\u00e7\u00e3o Verbum Dei, 23.07.22. Boa ora\u00e7\u00e3o! Festa de Maria Madalena ORA\u00c7\u00c3O INICIAL Bom dia, querida fam\u00edlia do C\u00e9u! Hoje convidam-nos a rezar com Maria Madalena.Pistas &#8211; 22 de julho de 2023","og_url":"https:\/\/verbumdei.org\/porto\/2023\/07\/22\/pistas-22-de-julho-de-2023\/","og_site_name":"Verbum Dei Norte","article_publisher":"https:\/\/www.facebook.com\/vdportoaveiro\/","article_published_time":"2023-07-22T11:17:43+00:00","author":"Verbum Dei Porto","twitter_card":"summary_large_image","twitter_misc":{"Escrito por":"Verbum Dei Porto","Tempo estimado de leitura":"4 minutos"},"schema":{"@context":"https:\/\/schema.org","@graph":[{"@type":"Article","@id":"https:\/\/verbumdei.org\/porto\/2023\/07\/22\/pistas-22-de-julho-de-2023\/#article","isPartOf":{"@id":"https:\/\/verbumdei.org\/porto\/2023\/07\/22\/pistas-22-de-julho-de-2023\/"},"author":{"name":"Verbum Dei Porto","@id":"https:\/\/verbumdei.org\/porto\/#\/schema\/person\/96069deba805c81dbe7e17ffc893d04b"},"headline":"Pistas &#8211; 22 de julho de 2023","datePublished":"2023-07-22T11:17:43+00:00","mainEntityOfPage":{"@id":"https:\/\/verbumdei.org\/porto\/2023\/07\/22\/pistas-22-de-julho-de-2023\/"},"wordCount":679,"publisher":{"@id":"https:\/\/verbumdei.org\/porto\/#organization"},"articleSection":["Pistas de Ora\u00e7\u00e3o"],"inLanguage":"pt-PT"},{"@type":"WebPage","@id":"https:\/\/verbumdei.org\/porto\/2023\/07\/22\/pistas-22-de-julho-de-2023\/","url":"https:\/\/verbumdei.org\/porto\/2023\/07\/22\/pistas-22-de-julho-de-2023\/","name":"Pistas - 22 de julho de 2023 - Verbum Dei Norte","isPartOf":{"@id":"https:\/\/verbumdei.org\/porto\/#website"},"datePublished":"2023-07-22T11:17:43+00:00","breadcrumb":{"@id":"https:\/\/verbumdei.org\/porto\/2023\/07\/22\/pistas-22-de-julho-de-2023\/#breadcrumb"},"inLanguage":"pt-PT","potentialAction":[{"@type":"ReadAction","target":["https:\/\/verbumdei.org\/porto\/2023\/07\/22\/pistas-22-de-julho-de-2023\/"]}]},{"@type":"BreadcrumbList","@id":"https:\/\/verbumdei.org\/porto\/2023\/07\/22\/pistas-22-de-julho-de-2023\/#breadcrumb","itemListElement":[{"@type":"ListItem","position":1,"name":"In\u00edcio","item":"https:\/\/verbumdei.org\/porto\/"},{"@type":"ListItem","position":2,"name":"Pistas &#8211; 22 de julho de 2023"}]},{"@type":"WebSite","@id":"https:\/\/verbumdei.org\/porto\/#website","url":"https:\/\/verbumdei.org\/porto\/","name":"Verbum Dei Portugal Norte","description":"Mission\u00e1rios Verbum Dei no Porto e Aveiro: ora\u00e7\u00e3o, retiro espiritual, forma\u00e7\u00e3o crist\u00e3 e evangeliza\u00e7\u00e3o","publisher":{"@id":"https:\/\/verbumdei.org\/porto\/#organization"},"potentialAction":[{"@type":"SearchAction","target":{"@type":"EntryPoint","urlTemplate":"https:\/\/verbumdei.org\/porto\/?s={search_term_string}"},"query-input":{"@type":"PropertyValueSpecification","valueRequired":true,"valueName":"search_term_string"}}],"inLanguage":"pt-PT"},{"@type":"Organization","@id":"https:\/\/verbumdei.org\/porto\/#organization","name":"Verbum Dei Portugal Norte","url":"https:\/\/verbumdei.org\/porto\/","logo":{"@type":"ImageObject","inLanguage":"pt-PT","@id":"https:\/\/verbumdei.org\/porto\/#\/schema\/logo\/image\/","url":"https:\/\/verbumdei.org\/porto\/wp-content\/uploads\/2018\/07\/Logo2.jpg","contentUrl":"https:\/\/verbumdei.org\/porto\/wp-content\/uploads\/2018\/07\/Logo2.jpg","width":123,"height":120,"caption":"Verbum Dei Portugal Norte"},"image":{"@id":"https:\/\/verbumdei.org\/porto\/#\/schema\/logo\/image\/"},"sameAs":["https:\/\/www.facebook.com\/vdportoaveiro\/","https:\/\/instagram.com\/verbumdei.portugal.norte\/"]},{"@type":"Person","@id":"https:\/\/verbumdei.org\/porto\/#\/schema\/person\/96069deba805c81dbe7e17ffc893d04b","name":"Verbum Dei Porto","url":"https:\/\/verbumdei.org\/porto\/author\/vdportod\/"}]}},"jetpack_featured_media_url":"","jetpack_sharing_enabled":true,"_links":{"self":[{"href":"https:\/\/verbumdei.org\/porto\/wp-json\/wp\/v2\/posts\/9035","targetHints":{"allow":["GET"]}}],"collection":[{"href":"https:\/\/verbumdei.org\/porto\/wp-json\/wp\/v2\/posts"}],"about":[{"href":"https:\/\/verbumdei.org\/porto\/wp-json\/wp\/v2\/types\/post"}],"author":[{"embeddable":true,"href":"https:\/\/verbumdei.org\/porto\/wp-json\/wp\/v2\/users\/7"}],"replies":[{"embeddable":true,"href":"https:\/\/verbumdei.org\/porto\/wp-json\/wp\/v2\/comments?post=9035"}],"version-history":[{"count":1,"href":"https:\/\/verbumdei.org\/porto\/wp-json\/wp\/v2\/posts\/9035\/revisions"}],"predecessor-version":[{"id":9037,"href":"https:\/\/verbumdei.org\/porto\/wp-json\/wp\/v2\/posts\/9035\/revisions\/9037"}],"wp:attachment":[{"href":"https:\/\/verbumdei.org\/porto\/wp-json\/wp\/v2\/media?parent=9035"}],"wp:term":[{"taxonomy":"category","embeddable":true,"href":"https:\/\/verbumdei.org\/porto\/wp-json\/wp\/v2\/categories?post=9035"},{"taxonomy":"post_tag","embeddable":true,"href":"https:\/\/verbumdei.org\/porto\/wp-json\/wp\/v2\/tags?post=9035"}],"curies":[{"name":"wp","href":"https:\/\/api.w.org\/{rel}","templated":true}]}}