{"id":9031,"date":"2023-07-21T06:00:15","date_gmt":"2023-07-21T05:00:15","guid":{"rendered":"https:\/\/verbumdei.org\/porto\/?p=9031"},"modified":"2023-07-21T00:08:20","modified_gmt":"2023-07-20T23:08:20","slug":"pistas-21-de-julho-de-2023","status":"publish","type":"post","link":"https:\/\/verbumdei.org\/porto\/2023\/07\/21\/pistas-21-de-julho-de-2023\/","title":{"rendered":"Pistas &#8211; 21 de julho de 2023"},"content":{"rendered":"<audio class=\"wp-audio-shortcode\" id=\"audio-9031-1\" preload=\"none\" style=\"width: 100%;\" controls=\"controls\"><source type=\"audio\/mpeg\" src=\"https:\/\/verbumdei.org\/porto\/wp-content\/uploads\/2023\/07\/perai-15.mp3?_=1\" \/><a href=\"https:\/\/verbumdei.org\/porto\/wp-content\/uploads\/2023\/07\/perai-15.mp3\">https:\/\/verbumdei.org\/porto\/wp-content\/uploads\/2023\/07\/perai-15.mp3<\/a><\/audio>\n<p>Pera a\u00ed \u2013 Pistas de Ora\u00e7\u00e3o Verbum Dei, 23.07.21.<br \/>\nBoa ora\u00e7\u00e3o!<\/p>\n<p>\u201cPrefiro a miseric\u00f3rdia ao sacrif\u00edcio.\u201d<\/p>\n<p>ORA\u00c7\u00c3O INICIAL<br \/>\nMuito obrigado, Senhor, por este dia; por poder estar na Tua presen\u00e7a<br \/>\ne sintonizar-me profundamente com o Teu cora\u00e7\u00e3o, os Teus desejos e os Teus sonhos.<br \/>\nQue hoje possamos entrar no dinamismo pr\u00f3prio do Teu amor, no Teu cora\u00e7\u00e3o misericordioso.<\/p>\n<p>PALAVRA DE DEUS<br \/>\nSomos convidados a orar com Mateus 12, 1-8.<br \/>\nJesus passou atrav\u00e9s das searas em dia de s\u00e1bado.<br \/>\nOs disc\u00edpulos, sentindo fome, come\u00e7aram a apanhar e a comer espigas.<br \/>\nOs fariseus viram e disseram a Jesus:<br \/>\n\u201cV\u00ea como os Teus disc\u00edpulos est\u00e3o a fazer o que n\u00e3o \u00e9 permitido ao s\u00e1bado\u201d.<br \/>\nJesus respondeu-lhes:<br \/>\n\u201cN\u00e3o lestes o que fez David, quando ele e os companheiros sentiram fome?<br \/>\nEntrou na casa de Deus e comeu dos p\u00e3es da proposi\u00e7\u00e3o, que n\u00e3o era permitido comer,<br \/>\nnem a ele nem aos companheiros, mas somente aos sacerdotes.<br \/>\nTamb\u00e9m n\u00e3o lestes na lei que, ao s\u00e1bado, no templo,<br \/>\nos sacerdotes violam o repouso sab\u00e1tico e ficam isentos de culpa?<br \/>\nEu vos digo que est\u00e1 aqui Algu\u00e9m que \u00e9 maior do que o templo.<br \/>\nSe soub\u00e9sseis o que significa: \u201cPrefiro a miseric\u00f3rdia ao sacrif\u00edcio\u201d,<br \/>\nn\u00e3o condenar\u00edeis os que n\u00e3o t\u00eam culpa.<br \/>\nO Filho do homem \u00e9 Senhor do s\u00e1bado\u201d.<\/p>\n<p>PISTAS DE ORA\u00c7\u00c3O<br \/>\nJesus mostra-nos o cora\u00e7\u00e3o de Deus, a verdadeira lei do reino do seu Pai, a verdadeira, \u00fanica e autentica lei inscrita no cora\u00e7\u00e3o de todos: a miseric\u00f3rdia.<br \/>\n\u201cPrefiro a miseric\u00f3rdia ao sacrif\u00edcio\u201d, diz, e fala no contexto de um desafio que lhe fazem os fariseus por os Seus disc\u00edpulos estarem a fazer algo proibido: trabalhar ao s\u00e1bado.<br \/>\nJesus convida-nos a olhar a lei de outra forma.<br \/>\nN\u00e3o \u00e9 que Jesus rejeite ou negue a lei, mas convida-nos a entrar no sentido mais profundo da mesma: o amor a Deus, ao pr\u00f3ximo e a mim mesmo.<br \/>\nOlhemos para a nossa realidade. Qual \u00e9 o sentido de uma lei, se n\u00e3o for para o bem comum, o respeito pela vida e pelo ser humano, o amor, a conc\u00f3rdia e a compaix\u00e3o entre povos?<br \/>\nJesus faz-nos hoje este desafio \u2013 olhar para os nossos \u201cs\u00e1bados\u201d, para as leis que temos, que aprendemos, que vivemos: no trabalho, nos estudos, na fam\u00edlia, nas responsabilidades, nas rela\u00e7\u00f5es interpessoais, na rela\u00e7\u00e3o comigo e com Deus.<br \/>\nQue \u201csabor\u201d tem?<br \/>\nA sacrif\u00edcio ou ao amor ao estilo do reino Deus? A liberdade ou escravid\u00e3o?<br \/>\nQue fruto te deixa?<br \/>\nAprendamos o que significa: \u201cPrefiro a miseric\u00f3rdia ao sacrif\u00edcio\u201d, em tantos \u201cs\u00e1bados\u201d que vivemos.<br \/>\nO que nos cabe \u00e9 saber transform\u00e1-los em amor, em dom, para mim, para os outros, para Deus.<\/p>\n<p>ORA\u00c7\u00c3O FINAL<br \/>\nObrigado, Senhor, por este momento Contigo. Tu \u00e9s o primeiro a querer que vivamos segundo a lei do reino do Teu Pai.<br \/>\nE a fazer presente no mundo de hoje a miseric\u00f3rdia.<br \/>\nObrigado, porque queres que viva em liberdade, no amor, e que o possa viver nas obriga\u00e7\u00f5es e responsabilidades, junto de cada pessoa,\u00a0no\u00a0dia-a-dia.<\/p>\n","protected":false},"excerpt":{"rendered":"<p>Pera a\u00ed \u2013 Pistas de Ora\u00e7\u00e3o Verbum Dei, 23.07.21. Boa ora\u00e7\u00e3o! \u201cPrefiro a miseric\u00f3rdia ao sacrif\u00edcio.\u201d ORA\u00c7\u00c3O INICIAL Muito obrigado, Senhor, por este dia; por poder estar na Tua presen\u00e7a<a href=\"https:\/\/verbumdei.org\/porto\/2023\/07\/21\/pistas-21-de-julho-de-2023\/\" rel=\"bookmark\"><span class=\"screen-reader-text\">Pistas &#8211; 21 de julho de 2023<\/span><\/a><\/p>\n","protected":false},"author":7,"featured_media":0,"comment_status":"closed","ping_status":"closed","sticky":false,"template":"","format":"standard","meta":{"rop_custom_images_group":[],"rop_custom_messages_group":[],"rop_publish_now":"initial","rop_publish_now_accounts":[],"rop_publish_now_history":[],"rop_publish_now_status":"pending","neve_meta_sidebar":"","neve_meta_container":"","neve_meta_enable_content_width":"","neve_meta_content_width":0,"neve_meta_title_alignment":"","neve_meta_author_avatar":"","neve_post_elements_order":"","neve_meta_disable_header":"","neve_meta_disable_footer":"","neve_meta_disable_title":"","_themeisle_gutenberg_block_has_review":false,"_jetpack_memberships_contains_paid_content":false,"footnotes":""},"categories":[60],"tags":[],"class_list":["post-9031","post","type-post","status-publish","format-standard","hentry","category-pistas-de-oracao"],"yoast_head":"<!-- This site is optimized with the Yoast SEO plugin v27.5 - https:\/\/yoast.com\/product\/yoast-seo-wordpress\/ -->\n<title>Pistas - 21 de julho de 2023 - Verbum Dei Norte<\/title>\n<meta name=\"robots\" content=\"index, follow, max-snippet:-1, max-image-preview:large, max-video-preview:-1\" \/>\n<link rel=\"canonical\" href=\"https:\/\/verbumdei.org\/porto\/2023\/07\/21\/pistas-21-de-julho-de-2023\/\" \/>\n<meta property=\"og:locale\" content=\"pt_PT\" \/>\n<meta property=\"og:type\" content=\"article\" \/>\n<meta property=\"og:title\" content=\"Pistas - 21 de julho de 2023 - Verbum Dei Norte\" \/>\n<meta property=\"og:description\" content=\"Pera a\u00ed \u2013 Pistas de Ora\u00e7\u00e3o Verbum Dei, 23.07.21. Boa ora\u00e7\u00e3o! \u201cPrefiro a miseric\u00f3rdia ao sacrif\u00edcio.\u201d ORA\u00c7\u00c3O INICIAL Muito obrigado, Senhor, por este dia; por poder estar na Tua presen\u00e7aPistas &#8211; 21 de julho de 2023\" \/>\n<meta property=\"og:url\" content=\"https:\/\/verbumdei.org\/porto\/2023\/07\/21\/pistas-21-de-julho-de-2023\/\" \/>\n<meta property=\"og:site_name\" content=\"Verbum Dei Norte\" \/>\n<meta property=\"article:publisher\" content=\"https:\/\/www.facebook.com\/vdportoaveiro\/\" \/>\n<meta property=\"article:published_time\" content=\"2023-07-21T05:00:15+00:00\" \/>\n<meta name=\"author\" content=\"Verbum Dei Porto\" \/>\n<meta name=\"twitter:card\" content=\"summary_large_image\" \/>\n<meta name=\"twitter:label1\" content=\"Escrito por\" \/>\n\t<meta name=\"twitter:data1\" content=\"Verbum Dei Porto\" \/>\n\t<meta name=\"twitter:label2\" content=\"Tempo estimado de leitura\" \/>\n\t<meta name=\"twitter:data2\" content=\"3 minutos\" \/>\n<script type=\"application\/ld+json\" class=\"yoast-schema-graph\">{\"@context\":\"https:\\\/\\\/schema.org\",\"@graph\":[{\"@type\":\"Article\",\"@id\":\"https:\\\/\\\/verbumdei.org\\\/porto\\\/2023\\\/07\\\/21\\\/pistas-21-de-julho-de-2023\\\/#article\",\"isPartOf\":{\"@id\":\"https:\\\/\\\/verbumdei.org\\\/porto\\\/2023\\\/07\\\/21\\\/pistas-21-de-julho-de-2023\\\/\"},\"author\":{\"name\":\"Verbum Dei Porto\",\"@id\":\"https:\\\/\\\/verbumdei.org\\\/porto\\\/#\\\/schema\\\/person\\\/96069deba805c81dbe7e17ffc893d04b\"},\"headline\":\"Pistas &#8211; 21 de julho de 2023\",\"datePublished\":\"2023-07-21T05:00:15+00:00\",\"mainEntityOfPage\":{\"@id\":\"https:\\\/\\\/verbumdei.org\\\/porto\\\/2023\\\/07\\\/21\\\/pistas-21-de-julho-de-2023\\\/\"},\"wordCount\":560,\"publisher\":{\"@id\":\"https:\\\/\\\/verbumdei.org\\\/porto\\\/#organization\"},\"articleSection\":[\"Pistas de Ora\u00e7\u00e3o\"],\"inLanguage\":\"pt-PT\"},{\"@type\":\"WebPage\",\"@id\":\"https:\\\/\\\/verbumdei.org\\\/porto\\\/2023\\\/07\\\/21\\\/pistas-21-de-julho-de-2023\\\/\",\"url\":\"https:\\\/\\\/verbumdei.org\\\/porto\\\/2023\\\/07\\\/21\\\/pistas-21-de-julho-de-2023\\\/\",\"name\":\"Pistas - 21 de julho de 2023 - Verbum Dei Norte\",\"isPartOf\":{\"@id\":\"https:\\\/\\\/verbumdei.org\\\/porto\\\/#website\"},\"datePublished\":\"2023-07-21T05:00:15+00:00\",\"breadcrumb\":{\"@id\":\"https:\\\/\\\/verbumdei.org\\\/porto\\\/2023\\\/07\\\/21\\\/pistas-21-de-julho-de-2023\\\/#breadcrumb\"},\"inLanguage\":\"pt-PT\",\"potentialAction\":[{\"@type\":\"ReadAction\",\"target\":[\"https:\\\/\\\/verbumdei.org\\\/porto\\\/2023\\\/07\\\/21\\\/pistas-21-de-julho-de-2023\\\/\"]}]},{\"@type\":\"BreadcrumbList\",\"@id\":\"https:\\\/\\\/verbumdei.org\\\/porto\\\/2023\\\/07\\\/21\\\/pistas-21-de-julho-de-2023\\\/#breadcrumb\",\"itemListElement\":[{\"@type\":\"ListItem\",\"position\":1,\"name\":\"In\u00edcio\",\"item\":\"https:\\\/\\\/verbumdei.org\\\/porto\\\/\"},{\"@type\":\"ListItem\",\"position\":2,\"name\":\"Pistas &#8211; 21 de julho de 2023\"}]},{\"@type\":\"WebSite\",\"@id\":\"https:\\\/\\\/verbumdei.org\\\/porto\\\/#website\",\"url\":\"https:\\\/\\\/verbumdei.org\\\/porto\\\/\",\"name\":\"Verbum Dei Portugal Norte\",\"description\":\"Mission\u00e1rios Verbum Dei no Porto e Aveiro: ora\u00e7\u00e3o, retiro espiritual, forma\u00e7\u00e3o crist\u00e3 e evangeliza\u00e7\u00e3o\",\"publisher\":{\"@id\":\"https:\\\/\\\/verbumdei.org\\\/porto\\\/#organization\"},\"potentialAction\":[{\"@type\":\"SearchAction\",\"target\":{\"@type\":\"EntryPoint\",\"urlTemplate\":\"https:\\\/\\\/verbumdei.org\\\/porto\\\/?s={search_term_string}\"},\"query-input\":{\"@type\":\"PropertyValueSpecification\",\"valueRequired\":true,\"valueName\":\"search_term_string\"}}],\"inLanguage\":\"pt-PT\"},{\"@type\":\"Organization\",\"@id\":\"https:\\\/\\\/verbumdei.org\\\/porto\\\/#organization\",\"name\":\"Verbum Dei Portugal Norte\",\"url\":\"https:\\\/\\\/verbumdei.org\\\/porto\\\/\",\"logo\":{\"@type\":\"ImageObject\",\"inLanguage\":\"pt-PT\",\"@id\":\"https:\\\/\\\/verbumdei.org\\\/porto\\\/#\\\/schema\\\/logo\\\/image\\\/\",\"url\":\"https:\\\/\\\/verbumdei.org\\\/porto\\\/wp-content\\\/uploads\\\/2018\\\/07\\\/Logo2.jpg\",\"contentUrl\":\"https:\\\/\\\/verbumdei.org\\\/porto\\\/wp-content\\\/uploads\\\/2018\\\/07\\\/Logo2.jpg\",\"width\":123,\"height\":120,\"caption\":\"Verbum Dei Portugal Norte\"},\"image\":{\"@id\":\"https:\\\/\\\/verbumdei.org\\\/porto\\\/#\\\/schema\\\/logo\\\/image\\\/\"},\"sameAs\":[\"https:\\\/\\\/www.facebook.com\\\/vdportoaveiro\\\/\",\"https:\\\/\\\/instagram.com\\\/verbumdei.portugal.norte\\\/\"]},{\"@type\":\"Person\",\"@id\":\"https:\\\/\\\/verbumdei.org\\\/porto\\\/#\\\/schema\\\/person\\\/96069deba805c81dbe7e17ffc893d04b\",\"name\":\"Verbum Dei Porto\",\"url\":\"https:\\\/\\\/verbumdei.org\\\/porto\\\/author\\\/vdportod\\\/\"}]}<\/script>\n<!-- \/ Yoast SEO plugin. -->","yoast_head_json":{"title":"Pistas - 21 de julho de 2023 - Verbum Dei Norte","robots":{"index":"index","follow":"follow","max-snippet":"max-snippet:-1","max-image-preview":"max-image-preview:large","max-video-preview":"max-video-preview:-1"},"canonical":"https:\/\/verbumdei.org\/porto\/2023\/07\/21\/pistas-21-de-julho-de-2023\/","og_locale":"pt_PT","og_type":"article","og_title":"Pistas - 21 de julho de 2023 - Verbum Dei Norte","og_description":"Pera a\u00ed \u2013 Pistas de Ora\u00e7\u00e3o Verbum Dei, 23.07.21. Boa ora\u00e7\u00e3o! \u201cPrefiro a miseric\u00f3rdia ao sacrif\u00edcio.\u201d ORA\u00c7\u00c3O INICIAL Muito obrigado, Senhor, por este dia; por poder estar na Tua presen\u00e7aPistas &#8211; 21 de julho de 2023","og_url":"https:\/\/verbumdei.org\/porto\/2023\/07\/21\/pistas-21-de-julho-de-2023\/","og_site_name":"Verbum Dei Norte","article_publisher":"https:\/\/www.facebook.com\/vdportoaveiro\/","article_published_time":"2023-07-21T05:00:15+00:00","author":"Verbum Dei Porto","twitter_card":"summary_large_image","twitter_misc":{"Escrito por":"Verbum Dei Porto","Tempo estimado de leitura":"3 minutos"},"schema":{"@context":"https:\/\/schema.org","@graph":[{"@type":"Article","@id":"https:\/\/verbumdei.org\/porto\/2023\/07\/21\/pistas-21-de-julho-de-2023\/#article","isPartOf":{"@id":"https:\/\/verbumdei.org\/porto\/2023\/07\/21\/pistas-21-de-julho-de-2023\/"},"author":{"name":"Verbum Dei Porto","@id":"https:\/\/verbumdei.org\/porto\/#\/schema\/person\/96069deba805c81dbe7e17ffc893d04b"},"headline":"Pistas &#8211; 21 de julho de 2023","datePublished":"2023-07-21T05:00:15+00:00","mainEntityOfPage":{"@id":"https:\/\/verbumdei.org\/porto\/2023\/07\/21\/pistas-21-de-julho-de-2023\/"},"wordCount":560,"publisher":{"@id":"https:\/\/verbumdei.org\/porto\/#organization"},"articleSection":["Pistas de Ora\u00e7\u00e3o"],"inLanguage":"pt-PT"},{"@type":"WebPage","@id":"https:\/\/verbumdei.org\/porto\/2023\/07\/21\/pistas-21-de-julho-de-2023\/","url":"https:\/\/verbumdei.org\/porto\/2023\/07\/21\/pistas-21-de-julho-de-2023\/","name":"Pistas - 21 de julho de 2023 - Verbum Dei Norte","isPartOf":{"@id":"https:\/\/verbumdei.org\/porto\/#website"},"datePublished":"2023-07-21T05:00:15+00:00","breadcrumb":{"@id":"https:\/\/verbumdei.org\/porto\/2023\/07\/21\/pistas-21-de-julho-de-2023\/#breadcrumb"},"inLanguage":"pt-PT","potentialAction":[{"@type":"ReadAction","target":["https:\/\/verbumdei.org\/porto\/2023\/07\/21\/pistas-21-de-julho-de-2023\/"]}]},{"@type":"BreadcrumbList","@id":"https:\/\/verbumdei.org\/porto\/2023\/07\/21\/pistas-21-de-julho-de-2023\/#breadcrumb","itemListElement":[{"@type":"ListItem","position":1,"name":"In\u00edcio","item":"https:\/\/verbumdei.org\/porto\/"},{"@type":"ListItem","position":2,"name":"Pistas &#8211; 21 de julho de 2023"}]},{"@type":"WebSite","@id":"https:\/\/verbumdei.org\/porto\/#website","url":"https:\/\/verbumdei.org\/porto\/","name":"Verbum Dei Portugal Norte","description":"Mission\u00e1rios Verbum Dei no Porto e Aveiro: ora\u00e7\u00e3o, retiro espiritual, forma\u00e7\u00e3o crist\u00e3 e evangeliza\u00e7\u00e3o","publisher":{"@id":"https:\/\/verbumdei.org\/porto\/#organization"},"potentialAction":[{"@type":"SearchAction","target":{"@type":"EntryPoint","urlTemplate":"https:\/\/verbumdei.org\/porto\/?s={search_term_string}"},"query-input":{"@type":"PropertyValueSpecification","valueRequired":true,"valueName":"search_term_string"}}],"inLanguage":"pt-PT"},{"@type":"Organization","@id":"https:\/\/verbumdei.org\/porto\/#organization","name":"Verbum Dei Portugal Norte","url":"https:\/\/verbumdei.org\/porto\/","logo":{"@type":"ImageObject","inLanguage":"pt-PT","@id":"https:\/\/verbumdei.org\/porto\/#\/schema\/logo\/image\/","url":"https:\/\/verbumdei.org\/porto\/wp-content\/uploads\/2018\/07\/Logo2.jpg","contentUrl":"https:\/\/verbumdei.org\/porto\/wp-content\/uploads\/2018\/07\/Logo2.jpg","width":123,"height":120,"caption":"Verbum Dei Portugal Norte"},"image":{"@id":"https:\/\/verbumdei.org\/porto\/#\/schema\/logo\/image\/"},"sameAs":["https:\/\/www.facebook.com\/vdportoaveiro\/","https:\/\/instagram.com\/verbumdei.portugal.norte\/"]},{"@type":"Person","@id":"https:\/\/verbumdei.org\/porto\/#\/schema\/person\/96069deba805c81dbe7e17ffc893d04b","name":"Verbum Dei Porto","url":"https:\/\/verbumdei.org\/porto\/author\/vdportod\/"}]}},"jetpack_featured_media_url":"","jetpack_sharing_enabled":true,"_links":{"self":[{"href":"https:\/\/verbumdei.org\/porto\/wp-json\/wp\/v2\/posts\/9031","targetHints":{"allow":["GET"]}}],"collection":[{"href":"https:\/\/verbumdei.org\/porto\/wp-json\/wp\/v2\/posts"}],"about":[{"href":"https:\/\/verbumdei.org\/porto\/wp-json\/wp\/v2\/types\/post"}],"author":[{"embeddable":true,"href":"https:\/\/verbumdei.org\/porto\/wp-json\/wp\/v2\/users\/7"}],"replies":[{"embeddable":true,"href":"https:\/\/verbumdei.org\/porto\/wp-json\/wp\/v2\/comments?post=9031"}],"version-history":[{"count":1,"href":"https:\/\/verbumdei.org\/porto\/wp-json\/wp\/v2\/posts\/9031\/revisions"}],"predecessor-version":[{"id":9034,"href":"https:\/\/verbumdei.org\/porto\/wp-json\/wp\/v2\/posts\/9031\/revisions\/9034"}],"wp:attachment":[{"href":"https:\/\/verbumdei.org\/porto\/wp-json\/wp\/v2\/media?parent=9031"}],"wp:term":[{"taxonomy":"category","embeddable":true,"href":"https:\/\/verbumdei.org\/porto\/wp-json\/wp\/v2\/categories?post=9031"},{"taxonomy":"post_tag","embeddable":true,"href":"https:\/\/verbumdei.org\/porto\/wp-json\/wp\/v2\/tags?post=9031"}],"curies":[{"name":"wp","href":"https:\/\/api.w.org\/{rel}","templated":true}]}}