{"id":9022,"date":"2023-07-17T06:00:41","date_gmt":"2023-07-17T05:00:41","guid":{"rendered":"https:\/\/verbumdei.org\/porto\/?p=9022"},"modified":"2023-07-17T00:39:00","modified_gmt":"2023-07-16T23:39:00","slug":"pistas-17-de-julho-de-2023","status":"publish","type":"post","link":"https:\/\/verbumdei.org\/porto\/2023\/07\/17\/pistas-17-de-julho-de-2023\/","title":{"rendered":"Pistas &#8211; 17 de julho de 2023"},"content":{"rendered":"<audio class=\"wp-audio-shortcode\" id=\"audio-9022-1\" preload=\"none\" style=\"width: 100%;\" controls=\"controls\"><source type=\"audio\/mpeg\" src=\"https:\/\/verbumdei.org\/porto\/wp-content\/uploads\/2023\/07\/perai-12.mp3?_=1\" \/><a href=\"https:\/\/verbumdei.org\/porto\/wp-content\/uploads\/2023\/07\/perai-12.mp3\">https:\/\/verbumdei.org\/porto\/wp-content\/uploads\/2023\/07\/perai-12.mp3<\/a><\/audio>\n<p>Pera a\u00ed \u2013 Pistas de Ora\u00e7\u00e3o Verbum Dei, 23.07.17.<br \/>\nBoa ora\u00e7\u00e3o!<\/p>\n<p>\u201cNo mundo, tereis tribula\u00e7\u00f5es; mas tende confian\u00e7a: Eu j\u00e1 venci o mundo.\u201d<\/p>\n<p>ORA\u00c7\u00c3O INICIAL<br \/>\nBom dia Pai do C\u00e9u, bom dia Jesus, bom dia Esp\u00edrito de Amor, bom dia M\u00e3e do C\u00e9u. Obrigado por nos mostrarem que neste mundo h\u00e1 dor, maldade e muitas dificuldades, mas que Tu, Jesus, vieste para que contigo as atravessemos e ven\u00e7amos.<\/p>\n<p>PALAVRA DE DEUS<br \/>\nEscutamos um excerto do Evangelho de hoje de Mateus 10, 34 &#8211; 11, 1:<br \/>\nNaquele tempo, disse Jesus aos seus ap\u00f3stolos: \u00abN\u00e3o penseis que Eu vim trazer a paz \u00e0 terra. N\u00e3o vim trazer a paz, mas a espada\u00bb (\u2026)<\/p>\n<p>PISTAS DE ORA\u00c7\u00c3O<br \/>\nCome\u00e7amos hoje a leitura continuada do livro do \u00caxodo. Para n\u00f3s crist\u00e3os, estes textos adquirem um significado muito profundo, porque vemos nessa caminhada do Povo de Israel para a terra prometida, a nossa caminhada para essa \u00abterra\u00bb que \u00e9 a liberdade do pecado e do mal e que \u00e9, na sua realidade definitiva, o C\u00e9u e a vida eterna. Por isso, ao lermos em ora\u00e7\u00e3o as p\u00e1ginas deste livro nas pr\u00f3ximas semanas, poderemos de novo deixar que o Senhor nos toque, nos mostre se temos algum v\u00ednculo com coisas que nos escravizam (ou pelo menos debilitem a nossa liberdade) e que a Sua Palavra, a Sua Eucaristia e o sacramento do perd\u00e3o nos fa\u00e7am mais livres para amar.<br \/>\nAs primeiras frases da primeira leitura de hoje s\u00e3o perturbadoras&#8230; \u00abNaqueles dias, subiu ao trono do Egipto um novo rei, que n\u00e3o tinha conhecido Jos\u00e9. Ele disse ao seu povo: \u201cVede como o povo de Israel se tornou maior e mais forte do que n\u00f3s. Temos de tomar contra ele, medidas prudentes, para que n\u00e3o aumente ainda mais\u201d\u00bb (\u00caxodo 1, 8-10). Se continuarmos a ler, vamo-nos aperceber que n\u00e3o h\u00e1 nada neste excerto que nos possa mover o cora\u00e7\u00e3o de forma positiva&#8230; \u00c9 uma descri\u00e7\u00e3o dos medos e da maldade deste Imperador do antigo Egipto, at\u00e9 ao extremo de condenar \u00e0 morte todos os beb\u00e9s meninos. Senhor, porqu\u00ea tanta negatividade concentrada neste texto da Tua Palavra?<br \/>\nO Senhor n\u00e3o ignora o mal que h\u00e1 neste mundo, n\u00e3o ignora a liberdade que nos deu e com a qual optamos muitas vezes pelo pecado, mas tamb\u00e9m n\u00e3o nos abandona nunca e, por isso, decidiu entregar-se por n\u00f3s com a morte e ressurrei\u00e7\u00e3o de Jesus. Entendemos um pouco melhor as palavras de Jesus no Evangelho de hoje: \u00abN\u00e3o penseis que Eu vim trazer a paz \u00e0 terra. N\u00e3o vim trazer a paz, mas a espada\u00bb. Esta espada n\u00e3o est\u00e1 feita de a\u00e7o nem de ferro, mas \u00e9 a espada da Palavra de Deus que \u00e9 capaz de curar profundamente os nossos cora\u00e7\u00f5es.<br \/>\nA ora\u00e7\u00e3o com o livro do \u00caxodo coloca-nos na realidade do mal deste mundo, mas coloca-nos ainda mais na esperan\u00e7a certa do novo Mois\u00e9s que nos guia at\u00e9 amar como Ele: \u201cNo mundo, tereis tribula\u00e7\u00f5es; mas tende confian\u00e7a: Eu j\u00e1 venci o mundo\u201d (Jo\u00e3o 16,33).<\/p>\n<p>ORAC\u00c3O FINAL<br \/>\nObrigado, Jesus, por seres o novo Mois\u00e9s que nos leva a superar todas as \u00e1guas adversas e todos os desertos in\u00f3spitos at\u00e9 que possamos amar como Tu\u00a0nos\u00a0ensinaste.<\/p>\n","protected":false},"excerpt":{"rendered":"<p>Pera a\u00ed \u2013 Pistas de Ora\u00e7\u00e3o Verbum Dei, 23.07.17. Boa ora\u00e7\u00e3o! \u201cNo mundo, tereis tribula\u00e7\u00f5es; mas tende confian\u00e7a: Eu j\u00e1 venci o mundo.\u201d ORA\u00c7\u00c3O INICIAL Bom dia Pai do C\u00e9u,<a href=\"https:\/\/verbumdei.org\/porto\/2023\/07\/17\/pistas-17-de-julho-de-2023\/\" rel=\"bookmark\"><span class=\"screen-reader-text\">Pistas &#8211; 17 de julho de 2023<\/span><\/a><\/p>\n","protected":false},"author":7,"featured_media":0,"comment_status":"closed","ping_status":"closed","sticky":false,"template":"","format":"standard","meta":{"rop_custom_images_group":[],"rop_custom_messages_group":[],"rop_publish_now":"initial","rop_publish_now_accounts":[],"rop_publish_now_history":[],"rop_publish_now_status":"pending","neve_meta_sidebar":"","neve_meta_container":"","neve_meta_enable_content_width":"","neve_meta_content_width":0,"neve_meta_title_alignment":"","neve_meta_author_avatar":"","neve_post_elements_order":"","neve_meta_disable_header":"","neve_meta_disable_footer":"","neve_meta_disable_title":"","_themeisle_gutenberg_block_has_review":false,"_jetpack_memberships_contains_paid_content":false,"footnotes":""},"categories":[60],"tags":[],"class_list":["post-9022","post","type-post","status-publish","format-standard","hentry","category-pistas-de-oracao"],"yoast_head":"<!-- This site is optimized with the Yoast SEO plugin v27.5 - https:\/\/yoast.com\/product\/yoast-seo-wordpress\/ -->\n<title>Pistas - 17 de julho de 2023 - Verbum Dei Norte<\/title>\n<meta name=\"robots\" content=\"index, follow, max-snippet:-1, max-image-preview:large, max-video-preview:-1\" \/>\n<link rel=\"canonical\" href=\"https:\/\/verbumdei.org\/porto\/2023\/07\/17\/pistas-17-de-julho-de-2023\/\" \/>\n<meta property=\"og:locale\" content=\"pt_PT\" \/>\n<meta property=\"og:type\" content=\"article\" \/>\n<meta property=\"og:title\" content=\"Pistas - 17 de julho de 2023 - Verbum Dei Norte\" \/>\n<meta property=\"og:description\" content=\"Pera a\u00ed \u2013 Pistas de Ora\u00e7\u00e3o Verbum Dei, 23.07.17. Boa ora\u00e7\u00e3o! \u201cNo mundo, tereis tribula\u00e7\u00f5es; mas tende confian\u00e7a: Eu j\u00e1 venci o mundo.\u201d ORA\u00c7\u00c3O INICIAL Bom dia Pai do C\u00e9u,Pistas &#8211; 17 de julho de 2023\" \/>\n<meta property=\"og:url\" content=\"https:\/\/verbumdei.org\/porto\/2023\/07\/17\/pistas-17-de-julho-de-2023\/\" \/>\n<meta property=\"og:site_name\" content=\"Verbum Dei Norte\" \/>\n<meta property=\"article:publisher\" content=\"https:\/\/www.facebook.com\/vdportoaveiro\/\" \/>\n<meta property=\"article:published_time\" content=\"2023-07-17T05:00:41+00:00\" \/>\n<meta name=\"author\" content=\"Verbum Dei Porto\" \/>\n<meta name=\"twitter:card\" content=\"summary_large_image\" \/>\n<meta name=\"twitter:label1\" content=\"Escrito por\" \/>\n\t<meta name=\"twitter:data1\" content=\"Verbum Dei Porto\" \/>\n\t<meta name=\"twitter:label2\" content=\"Tempo estimado de leitura\" \/>\n\t<meta name=\"twitter:data2\" content=\"3 minutos\" \/>\n<script type=\"application\/ld+json\" class=\"yoast-schema-graph\">{\"@context\":\"https:\\\/\\\/schema.org\",\"@graph\":[{\"@type\":\"Article\",\"@id\":\"https:\\\/\\\/verbumdei.org\\\/porto\\\/2023\\\/07\\\/17\\\/pistas-17-de-julho-de-2023\\\/#article\",\"isPartOf\":{\"@id\":\"https:\\\/\\\/verbumdei.org\\\/porto\\\/2023\\\/07\\\/17\\\/pistas-17-de-julho-de-2023\\\/\"},\"author\":{\"name\":\"Verbum Dei Porto\",\"@id\":\"https:\\\/\\\/verbumdei.org\\\/porto\\\/#\\\/schema\\\/person\\\/96069deba805c81dbe7e17ffc893d04b\"},\"headline\":\"Pistas &#8211; 17 de julho de 2023\",\"datePublished\":\"2023-07-17T05:00:41+00:00\",\"mainEntityOfPage\":{\"@id\":\"https:\\\/\\\/verbumdei.org\\\/porto\\\/2023\\\/07\\\/17\\\/pistas-17-de-julho-de-2023\\\/\"},\"wordCount\":578,\"publisher\":{\"@id\":\"https:\\\/\\\/verbumdei.org\\\/porto\\\/#organization\"},\"articleSection\":[\"Pistas de Ora\u00e7\u00e3o\"],\"inLanguage\":\"pt-PT\"},{\"@type\":\"WebPage\",\"@id\":\"https:\\\/\\\/verbumdei.org\\\/porto\\\/2023\\\/07\\\/17\\\/pistas-17-de-julho-de-2023\\\/\",\"url\":\"https:\\\/\\\/verbumdei.org\\\/porto\\\/2023\\\/07\\\/17\\\/pistas-17-de-julho-de-2023\\\/\",\"name\":\"Pistas - 17 de julho de 2023 - Verbum Dei Norte\",\"isPartOf\":{\"@id\":\"https:\\\/\\\/verbumdei.org\\\/porto\\\/#website\"},\"datePublished\":\"2023-07-17T05:00:41+00:00\",\"breadcrumb\":{\"@id\":\"https:\\\/\\\/verbumdei.org\\\/porto\\\/2023\\\/07\\\/17\\\/pistas-17-de-julho-de-2023\\\/#breadcrumb\"},\"inLanguage\":\"pt-PT\",\"potentialAction\":[{\"@type\":\"ReadAction\",\"target\":[\"https:\\\/\\\/verbumdei.org\\\/porto\\\/2023\\\/07\\\/17\\\/pistas-17-de-julho-de-2023\\\/\"]}]},{\"@type\":\"BreadcrumbList\",\"@id\":\"https:\\\/\\\/verbumdei.org\\\/porto\\\/2023\\\/07\\\/17\\\/pistas-17-de-julho-de-2023\\\/#breadcrumb\",\"itemListElement\":[{\"@type\":\"ListItem\",\"position\":1,\"name\":\"In\u00edcio\",\"item\":\"https:\\\/\\\/verbumdei.org\\\/porto\\\/\"},{\"@type\":\"ListItem\",\"position\":2,\"name\":\"Pistas &#8211; 17 de julho de 2023\"}]},{\"@type\":\"WebSite\",\"@id\":\"https:\\\/\\\/verbumdei.org\\\/porto\\\/#website\",\"url\":\"https:\\\/\\\/verbumdei.org\\\/porto\\\/\",\"name\":\"Verbum Dei Portugal Norte\",\"description\":\"Mission\u00e1rios Verbum Dei no Porto e Aveiro: ora\u00e7\u00e3o, retiro espiritual, forma\u00e7\u00e3o crist\u00e3 e evangeliza\u00e7\u00e3o\",\"publisher\":{\"@id\":\"https:\\\/\\\/verbumdei.org\\\/porto\\\/#organization\"},\"potentialAction\":[{\"@type\":\"SearchAction\",\"target\":{\"@type\":\"EntryPoint\",\"urlTemplate\":\"https:\\\/\\\/verbumdei.org\\\/porto\\\/?s={search_term_string}\"},\"query-input\":{\"@type\":\"PropertyValueSpecification\",\"valueRequired\":true,\"valueName\":\"search_term_string\"}}],\"inLanguage\":\"pt-PT\"},{\"@type\":\"Organization\",\"@id\":\"https:\\\/\\\/verbumdei.org\\\/porto\\\/#organization\",\"name\":\"Verbum Dei Portugal Norte\",\"url\":\"https:\\\/\\\/verbumdei.org\\\/porto\\\/\",\"logo\":{\"@type\":\"ImageObject\",\"inLanguage\":\"pt-PT\",\"@id\":\"https:\\\/\\\/verbumdei.org\\\/porto\\\/#\\\/schema\\\/logo\\\/image\\\/\",\"url\":\"https:\\\/\\\/verbumdei.org\\\/porto\\\/wp-content\\\/uploads\\\/2018\\\/07\\\/Logo2.jpg\",\"contentUrl\":\"https:\\\/\\\/verbumdei.org\\\/porto\\\/wp-content\\\/uploads\\\/2018\\\/07\\\/Logo2.jpg\",\"width\":123,\"height\":120,\"caption\":\"Verbum Dei Portugal Norte\"},\"image\":{\"@id\":\"https:\\\/\\\/verbumdei.org\\\/porto\\\/#\\\/schema\\\/logo\\\/image\\\/\"},\"sameAs\":[\"https:\\\/\\\/www.facebook.com\\\/vdportoaveiro\\\/\",\"https:\\\/\\\/instagram.com\\\/verbumdei.portugal.norte\\\/\"]},{\"@type\":\"Person\",\"@id\":\"https:\\\/\\\/verbumdei.org\\\/porto\\\/#\\\/schema\\\/person\\\/96069deba805c81dbe7e17ffc893d04b\",\"name\":\"Verbum Dei Porto\",\"url\":\"https:\\\/\\\/verbumdei.org\\\/porto\\\/author\\\/vdportod\\\/\"}]}<\/script>\n<!-- \/ Yoast SEO plugin. -->","yoast_head_json":{"title":"Pistas - 17 de julho de 2023 - Verbum Dei Norte","robots":{"index":"index","follow":"follow","max-snippet":"max-snippet:-1","max-image-preview":"max-image-preview:large","max-video-preview":"max-video-preview:-1"},"canonical":"https:\/\/verbumdei.org\/porto\/2023\/07\/17\/pistas-17-de-julho-de-2023\/","og_locale":"pt_PT","og_type":"article","og_title":"Pistas - 17 de julho de 2023 - Verbum Dei Norte","og_description":"Pera a\u00ed \u2013 Pistas de Ora\u00e7\u00e3o Verbum Dei, 23.07.17. Boa ora\u00e7\u00e3o! \u201cNo mundo, tereis tribula\u00e7\u00f5es; mas tende confian\u00e7a: Eu j\u00e1 venci o mundo.\u201d ORA\u00c7\u00c3O INICIAL Bom dia Pai do C\u00e9u,Pistas &#8211; 17 de julho de 2023","og_url":"https:\/\/verbumdei.org\/porto\/2023\/07\/17\/pistas-17-de-julho-de-2023\/","og_site_name":"Verbum Dei Norte","article_publisher":"https:\/\/www.facebook.com\/vdportoaveiro\/","article_published_time":"2023-07-17T05:00:41+00:00","author":"Verbum Dei Porto","twitter_card":"summary_large_image","twitter_misc":{"Escrito por":"Verbum Dei Porto","Tempo estimado de leitura":"3 minutos"},"schema":{"@context":"https:\/\/schema.org","@graph":[{"@type":"Article","@id":"https:\/\/verbumdei.org\/porto\/2023\/07\/17\/pistas-17-de-julho-de-2023\/#article","isPartOf":{"@id":"https:\/\/verbumdei.org\/porto\/2023\/07\/17\/pistas-17-de-julho-de-2023\/"},"author":{"name":"Verbum Dei Porto","@id":"https:\/\/verbumdei.org\/porto\/#\/schema\/person\/96069deba805c81dbe7e17ffc893d04b"},"headline":"Pistas &#8211; 17 de julho de 2023","datePublished":"2023-07-17T05:00:41+00:00","mainEntityOfPage":{"@id":"https:\/\/verbumdei.org\/porto\/2023\/07\/17\/pistas-17-de-julho-de-2023\/"},"wordCount":578,"publisher":{"@id":"https:\/\/verbumdei.org\/porto\/#organization"},"articleSection":["Pistas de Ora\u00e7\u00e3o"],"inLanguage":"pt-PT"},{"@type":"WebPage","@id":"https:\/\/verbumdei.org\/porto\/2023\/07\/17\/pistas-17-de-julho-de-2023\/","url":"https:\/\/verbumdei.org\/porto\/2023\/07\/17\/pistas-17-de-julho-de-2023\/","name":"Pistas - 17 de julho de 2023 - Verbum Dei Norte","isPartOf":{"@id":"https:\/\/verbumdei.org\/porto\/#website"},"datePublished":"2023-07-17T05:00:41+00:00","breadcrumb":{"@id":"https:\/\/verbumdei.org\/porto\/2023\/07\/17\/pistas-17-de-julho-de-2023\/#breadcrumb"},"inLanguage":"pt-PT","potentialAction":[{"@type":"ReadAction","target":["https:\/\/verbumdei.org\/porto\/2023\/07\/17\/pistas-17-de-julho-de-2023\/"]}]},{"@type":"BreadcrumbList","@id":"https:\/\/verbumdei.org\/porto\/2023\/07\/17\/pistas-17-de-julho-de-2023\/#breadcrumb","itemListElement":[{"@type":"ListItem","position":1,"name":"In\u00edcio","item":"https:\/\/verbumdei.org\/porto\/"},{"@type":"ListItem","position":2,"name":"Pistas &#8211; 17 de julho de 2023"}]},{"@type":"WebSite","@id":"https:\/\/verbumdei.org\/porto\/#website","url":"https:\/\/verbumdei.org\/porto\/","name":"Verbum Dei Portugal Norte","description":"Mission\u00e1rios Verbum Dei no Porto e Aveiro: ora\u00e7\u00e3o, retiro espiritual, forma\u00e7\u00e3o crist\u00e3 e evangeliza\u00e7\u00e3o","publisher":{"@id":"https:\/\/verbumdei.org\/porto\/#organization"},"potentialAction":[{"@type":"SearchAction","target":{"@type":"EntryPoint","urlTemplate":"https:\/\/verbumdei.org\/porto\/?s={search_term_string}"},"query-input":{"@type":"PropertyValueSpecification","valueRequired":true,"valueName":"search_term_string"}}],"inLanguage":"pt-PT"},{"@type":"Organization","@id":"https:\/\/verbumdei.org\/porto\/#organization","name":"Verbum Dei Portugal Norte","url":"https:\/\/verbumdei.org\/porto\/","logo":{"@type":"ImageObject","inLanguage":"pt-PT","@id":"https:\/\/verbumdei.org\/porto\/#\/schema\/logo\/image\/","url":"https:\/\/verbumdei.org\/porto\/wp-content\/uploads\/2018\/07\/Logo2.jpg","contentUrl":"https:\/\/verbumdei.org\/porto\/wp-content\/uploads\/2018\/07\/Logo2.jpg","width":123,"height":120,"caption":"Verbum Dei Portugal Norte"},"image":{"@id":"https:\/\/verbumdei.org\/porto\/#\/schema\/logo\/image\/"},"sameAs":["https:\/\/www.facebook.com\/vdportoaveiro\/","https:\/\/instagram.com\/verbumdei.portugal.norte\/"]},{"@type":"Person","@id":"https:\/\/verbumdei.org\/porto\/#\/schema\/person\/96069deba805c81dbe7e17ffc893d04b","name":"Verbum Dei Porto","url":"https:\/\/verbumdei.org\/porto\/author\/vdportod\/"}]}},"jetpack_featured_media_url":"","jetpack_sharing_enabled":true,"_links":{"self":[{"href":"https:\/\/verbumdei.org\/porto\/wp-json\/wp\/v2\/posts\/9022","targetHints":{"allow":["GET"]}}],"collection":[{"href":"https:\/\/verbumdei.org\/porto\/wp-json\/wp\/v2\/posts"}],"about":[{"href":"https:\/\/verbumdei.org\/porto\/wp-json\/wp\/v2\/types\/post"}],"author":[{"embeddable":true,"href":"https:\/\/verbumdei.org\/porto\/wp-json\/wp\/v2\/users\/7"}],"replies":[{"embeddable":true,"href":"https:\/\/verbumdei.org\/porto\/wp-json\/wp\/v2\/comments?post=9022"}],"version-history":[{"count":1,"href":"https:\/\/verbumdei.org\/porto\/wp-json\/wp\/v2\/posts\/9022\/revisions"}],"predecessor-version":[{"id":9024,"href":"https:\/\/verbumdei.org\/porto\/wp-json\/wp\/v2\/posts\/9022\/revisions\/9024"}],"wp:attachment":[{"href":"https:\/\/verbumdei.org\/porto\/wp-json\/wp\/v2\/media?parent=9022"}],"wp:term":[{"taxonomy":"category","embeddable":true,"href":"https:\/\/verbumdei.org\/porto\/wp-json\/wp\/v2\/categories?post=9022"},{"taxonomy":"post_tag","embeddable":true,"href":"https:\/\/verbumdei.org\/porto\/wp-json\/wp\/v2\/tags?post=9022"}],"curies":[{"name":"wp","href":"https:\/\/api.w.org\/{rel}","templated":true}]}}