{"id":554,"date":"2016-12-20T06:17:07","date_gmt":"2016-12-20T06:17:07","guid":{"rendered":"http:\/\/verbumdei.pt\/?p=554"},"modified":"2016-12-20T06:17:07","modified_gmt":"2016-12-20T06:17:07","slug":"20-dezembro-2016","status":"publish","type":"post","link":"https:\/\/verbumdei.org\/porto\/2016\/12\/20\/20-dezembro-2016\/","title":{"rendered":"20 de Dezembro de 2016"},"content":{"rendered":"<p>[cmsms_row data_width=&#8221;boxed&#8221; data_padding_left=&#8221;3&#8243; data_padding_right=&#8221;3&#8243; data_color=&#8221;default&#8221; data_bg_position=&#8221;top center&#8221; data_bg_repeat=&#8221;no-repeat&#8221; data_bg_attachment=&#8221;scroll&#8221; data_bg_size=&#8221;cover&#8221; data_bg_parallax_ratio=&#8221;0.5&#8243; data_padding_top=&#8221;0&#8243; data_padding_bottom=&#8221;50&#8243;][cmsms_column data_width=&#8221;1\/1&#8243;][cmsms_divider width=&#8221;long&#8221; height=&#8221;3&#8243; style=&#8221;solid&#8221; position=&#8221;center&#8221; color=&#8221;#d43c18&#8243; margin_top=&#8221;10&#8243; margin_bottom=&#8221;10&#8243; animation_delay=&#8221;0&#8243;][cmsms_text animation_delay=&#8221;0&#8243;]<\/p>\n<p><strong><img decoding=\"async\" class=\" wp-image-306 alignleft\" src=\"http:\/\/verbumdei.pt\/wp-content\/uploads\/2016\/12\/Fe-150x150.jpg\" alt=\"\" width=\"93\" height=\"93\" srcset=\"https:\/\/verbumdei.org\/porto\/wp-content\/uploads\/2016\/12\/Fe-150x150.jpg 150w, https:\/\/verbumdei.org\/porto\/wp-content\/uploads\/2016\/12\/Fe-55x55.jpg 55w, https:\/\/verbumdei.org\/porto\/wp-content\/uploads\/2016\/12\/Fe-300x300.jpg 300w\" sizes=\"(max-width: 93px) 100vw, 93px\" \/><\/strong><\/p>\n<p><em><strong><span style=\"font-family: 'comic sans ms', sans-serif; color: #d43c18;\">Ora\u00e7\u00e3o inicial:<\/span><\/strong><\/em><\/p>\n<p><em><span style=\"font-family: 'comic sans ms', sans-serif; color: #000000;\">Bom dia Jesus!<br \/>\nQue bom \u00e9 saber que Tu est\u00e1s, que me habitas e que permaneces connosco.<br \/>\nQuero agradecer-te a vida, a Tua presen\u00e7a em n\u00f3s e pedir-te que, neste dia, possa ser mais consciente de Ti; ver-Te, escutar-Te e perceber-Te n\u00e3o s\u00f3 em mim como tamb\u00e9m nos outros.<br \/>\nHoje, sei que queres viver a minha vida comigo, que est\u00e1s e que a Tua presen\u00e7a faz toda a diferen\u00e7a. Obrigada Jesus.<\/span><\/em><\/p>\n<p><em><strong><span style=\"font-family: 'comic sans ms', sans-serif; color: #d43c18;\">Palavra de Deus:<\/span><\/strong><\/em><\/p>\n<p><span style=\"font-family: 'comic sans ms', sans-serif; color: #000000;\">E hoje tornas-te presente para mim atrav\u00e9s do Livro do Profeta Isa\u00edas (Is 7, 10-14):<br \/>\n\u201cO SENHOR mandou dizer de novo a Acaz:<br \/>\n\u00abPede ao SENHOR teu Deus um sinal,<br \/>\nquer no fundo dos abismos, quer l\u00e1 no alto dos c\u00e9us.\u00bb<br \/>\nAcaz respondeu:<br \/>\n\u00abN\u00e3o pedirei tal coisa, n\u00e3o tentarei o SENHOR.\u00bb<br \/>\nIsa\u00edas respondeu:<br \/>\n\u00abEscuta, pois, casa de David:<br \/>\nN\u00e3o vos basta j\u00e1 ser molestos para os homens,<br \/>\nsen\u00e3o que tamb\u00e9m ousais s\u00ea-lo para o meu Deus?<br \/>\nPor isso, o Senhor, por sua conta e risco,<br \/>\nvos dar\u00e1 um sinal. Olhai:<br \/>\na jovem est\u00e1 gr\u00e1vida e vai dar \u00e0 luz um filho,<br \/>\ne h\u00e1-de p\u00f4r-lhe o nome de Emanuel.\u201d<\/span><\/p>\n<p><em><span style=\"font-family: 'comic sans ms', sans-serif; color: #d43c18;\"><strong>Pistas:<\/strong><\/span><\/em><\/p>\n<p><span style=\"font-family: 'comic sans ms', sans-serif; color: #000000;\">\u201ca jovem est\u00e1 gr\u00e1vida e vai dar \u00e0 luz um filho,<br \/>\ne h\u00e1-de p\u00f4r-lhe o nome de Emanuel.\u201d<br \/>\nEmanuel, o Deus connosco. Ele n\u00e3o \u00e9 o Filho de um Deus distante de quem s\u00f3 ouvimos falar, mas de um Deus presente que sempre esteve e estar\u00e1 entre n\u00f3s.<br \/>\nHoje, n\u00e3o sei como vai ser o meu dia, como vai correr o meu trabalho, os encontros e desencontros que terei, a minha vida familiar. Sei uma \u00fanica coisa, que Deus est\u00e1 presente e quaisquer que sejam as minhas experi\u00eancias de hoje, Ele vai viv\u00ea-las comigo.<br \/>\nO meu Deus \u00e9 o Deus de Jesus que n\u00e3o p\u00e1ra de se manifestar em cada momento.<br \/>\nContudo, por vezes, na correria do meu dia, n\u00e3o sou consciente da Sua presen\u00e7a. Quando me centro nos meus afazeres e preocupa\u00e7\u00f5es quotidianas e, n\u00e3o me dou um tempo e um espa\u00e7o para escutar e contemplar, fico presa num ru\u00eddo e numa acelera\u00e7\u00e3o vertiginosa que n\u00e3o me deixam aperceber do essencial e viver.<br \/>\nPor isso, por vezes, pe\u00e7o um sinal, porque me esque\u00e7o de que o sinal de Deus est\u00e1 dado e tem nome, Jesus.<br \/>\nHoje, o que posso fazer para ser mais consciente da presen\u00e7a de Jesus em mim e nos outros?<br \/>\nComo posso preparar melhor a celebra\u00e7\u00e3o do Seu nascimento que se avizinha?<\/span><\/p>\n<p><em><strong><span style=\"font-family: 'comic sans ms', sans-serif; color: #d43c18;\">Ora\u00e7\u00e3o final:<\/span><\/strong><\/em><\/p>\n<p><em><span style=\"font-family: 'comic sans ms', sans-serif; color: #000000;\">Hoje Senhor, quero ter-Te bem presente.<br \/>\nQuero parar, contemplar e escutar.<br \/>\nHoje, quero ver o Teu rosto, reconhecer-Te por a\u00ed, em qualquer lugar, e falar-Te com carinho. Perceber-Te dentro de mim e agradecer-Te por seres assim, Emanuel., Deus connosco!<br \/>\n<\/span><\/em><\/p>\n<p>[\/cmsms_text][cmsms_divider width=&#8221;long&#8221; height=&#8221;3&#8243; style=&#8221;solid&#8221; position=&#8221;center&#8221; color=&#8221;#d43c18&#8243; margin_top=&#8221;10&#8243; margin_bottom=&#8221;10&#8243; animation_delay=&#8221;0&#8243;][cmsms_heading type=&#8221;h2&#8243; font_weight=&#8221;bold&#8221; font_style=&#8221;normal&#8221; text_align=&#8221;left&#8221; color=&#8221;#d43c18&#8243; margin_top=&#8221;10&#8243; margin_bottom=&#8221;10&#8243; animation_delay=&#8221;0&#8243;]\u00c1udio para Reflex\u00e3o[\/cmsms_heading][cmsms_audios preload=&#8221;none&#8221; animation_delay=&#8221;0&#8243;][cmsms_audio]555|http:\/\/verbumdei.pt\/wp-content\/uploads\/2016\/12\/Audio-2016-12-20.mp3[\/cmsms_audio][\/cmsms_audios][cmsms_divider width=&#8221;long&#8221; height=&#8221;3&#8243; style=&#8221;solid&#8221; position=&#8221;center&#8221; color=&#8221;#d43c18&#8243; margin_top=&#8221;10&#8243; margin_bottom=&#8221;10&#8243; animation_delay=&#8221;0&#8243;][\/cmsms_column][\/cmsms_row]<\/p>\n","protected":false},"excerpt":{"rendered":"<p>Ora\u00e7\u00e3o inicial:<\/p>\n<p>Bom dia Jesus!<br \/>\nQue bom \u00e9 saber que Tu est\u00e1s, que me habitas e que permaneces connosco.<br \/>\nQuero agradecer-te a vida, a Tua presen\u00e7a em n\u00f3s e pedir-te que, neste dia, possa ser mais consciente de Ti; ver-Te, escutar-Te e perceber-Te n\u00e3o s\u00f3 em mim como tamb\u00e9m nos outros.<br \/>\nHoje, sei que queres viver a minha vida comigo, que est\u00e1s e que a Tua presen\u00e7a faz toda a diferen\u00e7a. Obrigada Jesus.<\/p>\n<p>Palavra de Deus:<\/p>\n<p>E hoje tornas-te presente para mim atrav\u00e9s do Livro do Profeta Isa\u00edas (Is 7, 10-14):<br \/>\n\u201cO SENHOR mandou dizer de novo a Acaz:<br \/>\n\u00abPede ao SENHOR teu Deus um sinal,<br \/>\nquer no fundo dos abismos, quer l\u00e1 no alto dos c\u00e9us.\u00bb<\/p>\n","protected":false},"author":7,"featured_media":0,"comment_status":"closed","ping_status":"closed","sticky":false,"template":"","format":"standard","meta":{"rop_custom_images_group":[],"rop_custom_messages_group":[],"rop_publish_now":"initial","rop_publish_now_accounts":[],"rop_publish_now_history":[],"rop_publish_now_status":"pending","neve_meta_sidebar":"","neve_meta_container":"","neve_meta_enable_content_width":"","neve_meta_content_width":0,"neve_meta_title_alignment":"","neve_meta_author_avatar":"","neve_post_elements_order":"","neve_meta_disable_header":"","neve_meta_disable_footer":"","neve_meta_disable_title":"","_themeisle_gutenberg_block_has_review":false,"_jetpack_memberships_contains_paid_content":false,"footnotes":""},"categories":[60],"tags":[],"class_list":["post-554","post","type-post","status-publish","format-standard","hentry","category-pistas-de-oracao"],"yoast_head":"<!-- This site is optimized with the Yoast SEO plugin v27.5 - https:\/\/yoast.com\/product\/yoast-seo-wordpress\/ -->\n<title>20 de Dezembro de 2016 - Verbum Dei Norte<\/title>\n<meta name=\"robots\" content=\"index, follow, max-snippet:-1, max-image-preview:large, max-video-preview:-1\" \/>\n<link rel=\"canonical\" href=\"https:\/\/verbumdei.org\/porto\/2016\/12\/20\/20-dezembro-2016\/\" \/>\n<meta property=\"og:locale\" content=\"pt_PT\" \/>\n<meta property=\"og:type\" content=\"article\" \/>\n<meta property=\"og:title\" content=\"20 de Dezembro de 2016 - Verbum Dei Norte\" \/>\n<meta property=\"og:description\" content=\"Ora\u00e7\u00e3o inicial:  Bom dia Jesus! Que bom \u00e9 saber que Tu est\u00e1s, que me habitas e que permaneces connosco. Quero agradecer-te a vida, a Tua presen\u00e7a em n\u00f3s e pedir-te que, neste dia, possa ser mais consciente de Ti; ver-Te, escutar-Te e perceber-Te n\u00e3o s\u00f3 em mim como tamb\u00e9m nos outros. Hoje, sei que queres viver a minha vida comigo, que est\u00e1s e que a Tua presen\u00e7a faz toda a diferen\u00e7a. Obrigada Jesus.  Palavra de Deus:  E hoje tornas-te presente para mim atrav\u00e9s do Livro do Profeta Isa\u00edas (Is 7, 10-14):  \u201cO SENHOR mandou dizer de novo a Acaz: \u00abPede ao SENHOR teu Deus um sinal, quer no fundo dos abismos, quer l\u00e1 no alto dos c\u00e9us.\u00bb\" \/>\n<meta property=\"og:url\" content=\"https:\/\/verbumdei.org\/porto\/2016\/12\/20\/20-dezembro-2016\/\" \/>\n<meta property=\"og:site_name\" content=\"Verbum Dei Norte\" \/>\n<meta property=\"article:publisher\" content=\"https:\/\/www.facebook.com\/vdportoaveiro\/\" \/>\n<meta property=\"article:published_time\" content=\"2016-12-20T06:17:07+00:00\" \/>\n<meta property=\"og:image\" content=\"http:\/\/verbumdei.pt\/wp-content\/uploads\/2016\/12\/Fe-150x150.jpg\" \/>\n<meta name=\"author\" content=\"Verbum Dei Porto\" \/>\n<meta name=\"twitter:card\" content=\"summary_large_image\" \/>\n<meta name=\"twitter:label1\" content=\"Escrito por\" \/>\n\t<meta name=\"twitter:data1\" content=\"Verbum Dei Porto\" \/>\n\t<meta name=\"twitter:label2\" content=\"Tempo estimado de leitura\" \/>\n\t<meta name=\"twitter:data2\" content=\"3 minutos\" \/>\n<script type=\"application\/ld+json\" class=\"yoast-schema-graph\">{\"@context\":\"https:\\\/\\\/schema.org\",\"@graph\":[{\"@type\":\"Article\",\"@id\":\"https:\\\/\\\/verbumdei.org\\\/porto\\\/2016\\\/12\\\/20\\\/20-dezembro-2016\\\/#article\",\"isPartOf\":{\"@id\":\"https:\\\/\\\/verbumdei.org\\\/porto\\\/2016\\\/12\\\/20\\\/20-dezembro-2016\\\/\"},\"author\":{\"name\":\"Verbum Dei Porto\",\"@id\":\"https:\\\/\\\/verbumdei.org\\\/porto\\\/#\\\/schema\\\/person\\\/96069deba805c81dbe7e17ffc893d04b\"},\"headline\":\"20 de Dezembro de 2016\",\"datePublished\":\"2016-12-20T06:17:07+00:00\",\"mainEntityOfPage\":{\"@id\":\"https:\\\/\\\/verbumdei.org\\\/porto\\\/2016\\\/12\\\/20\\\/20-dezembro-2016\\\/\"},\"wordCount\":642,\"publisher\":{\"@id\":\"https:\\\/\\\/verbumdei.org\\\/porto\\\/#organization\"},\"image\":{\"@id\":\"https:\\\/\\\/verbumdei.org\\\/porto\\\/2016\\\/12\\\/20\\\/20-dezembro-2016\\\/#primaryimage\"},\"thumbnailUrl\":\"http:\\\/\\\/verbumdei.pt\\\/wp-content\\\/uploads\\\/2016\\\/12\\\/Fe-150x150.jpg\",\"articleSection\":[\"Pistas de Ora\u00e7\u00e3o\"],\"inLanguage\":\"pt-PT\"},{\"@type\":\"WebPage\",\"@id\":\"https:\\\/\\\/verbumdei.org\\\/porto\\\/2016\\\/12\\\/20\\\/20-dezembro-2016\\\/\",\"url\":\"https:\\\/\\\/verbumdei.org\\\/porto\\\/2016\\\/12\\\/20\\\/20-dezembro-2016\\\/\",\"name\":\"20 de Dezembro de 2016 - Verbum Dei Norte\",\"isPartOf\":{\"@id\":\"https:\\\/\\\/verbumdei.org\\\/porto\\\/#website\"},\"primaryImageOfPage\":{\"@id\":\"https:\\\/\\\/verbumdei.org\\\/porto\\\/2016\\\/12\\\/20\\\/20-dezembro-2016\\\/#primaryimage\"},\"image\":{\"@id\":\"https:\\\/\\\/verbumdei.org\\\/porto\\\/2016\\\/12\\\/20\\\/20-dezembro-2016\\\/#primaryimage\"},\"thumbnailUrl\":\"http:\\\/\\\/verbumdei.pt\\\/wp-content\\\/uploads\\\/2016\\\/12\\\/Fe-150x150.jpg\",\"datePublished\":\"2016-12-20T06:17:07+00:00\",\"breadcrumb\":{\"@id\":\"https:\\\/\\\/verbumdei.org\\\/porto\\\/2016\\\/12\\\/20\\\/20-dezembro-2016\\\/#breadcrumb\"},\"inLanguage\":\"pt-PT\",\"potentialAction\":[{\"@type\":\"ReadAction\",\"target\":[\"https:\\\/\\\/verbumdei.org\\\/porto\\\/2016\\\/12\\\/20\\\/20-dezembro-2016\\\/\"]}]},{\"@type\":\"ImageObject\",\"inLanguage\":\"pt-PT\",\"@id\":\"https:\\\/\\\/verbumdei.org\\\/porto\\\/2016\\\/12\\\/20\\\/20-dezembro-2016\\\/#primaryimage\",\"url\":\"http:\\\/\\\/verbumdei.pt\\\/wp-content\\\/uploads\\\/2016\\\/12\\\/Fe-150x150.jpg\",\"contentUrl\":\"http:\\\/\\\/verbumdei.pt\\\/wp-content\\\/uploads\\\/2016\\\/12\\\/Fe-150x150.jpg\"},{\"@type\":\"BreadcrumbList\",\"@id\":\"https:\\\/\\\/verbumdei.org\\\/porto\\\/2016\\\/12\\\/20\\\/20-dezembro-2016\\\/#breadcrumb\",\"itemListElement\":[{\"@type\":\"ListItem\",\"position\":1,\"name\":\"In\u00edcio\",\"item\":\"https:\\\/\\\/verbumdei.org\\\/porto\\\/\"},{\"@type\":\"ListItem\",\"position\":2,\"name\":\"20 de Dezembro de 2016\"}]},{\"@type\":\"WebSite\",\"@id\":\"https:\\\/\\\/verbumdei.org\\\/porto\\\/#website\",\"url\":\"https:\\\/\\\/verbumdei.org\\\/porto\\\/\",\"name\":\"Verbum Dei Portugal Norte\",\"description\":\"Mission\u00e1rios Verbum Dei no Porto e Aveiro: ora\u00e7\u00e3o, retiro espiritual, forma\u00e7\u00e3o crist\u00e3 e evangeliza\u00e7\u00e3o\",\"publisher\":{\"@id\":\"https:\\\/\\\/verbumdei.org\\\/porto\\\/#organization\"},\"potentialAction\":[{\"@type\":\"SearchAction\",\"target\":{\"@type\":\"EntryPoint\",\"urlTemplate\":\"https:\\\/\\\/verbumdei.org\\\/porto\\\/?s={search_term_string}\"},\"query-input\":{\"@type\":\"PropertyValueSpecification\",\"valueRequired\":true,\"valueName\":\"search_term_string\"}}],\"inLanguage\":\"pt-PT\"},{\"@type\":\"Organization\",\"@id\":\"https:\\\/\\\/verbumdei.org\\\/porto\\\/#organization\",\"name\":\"Verbum Dei Portugal Norte\",\"url\":\"https:\\\/\\\/verbumdei.org\\\/porto\\\/\",\"logo\":{\"@type\":\"ImageObject\",\"inLanguage\":\"pt-PT\",\"@id\":\"https:\\\/\\\/verbumdei.org\\\/porto\\\/#\\\/schema\\\/logo\\\/image\\\/\",\"url\":\"https:\\\/\\\/verbumdei.org\\\/porto\\\/wp-content\\\/uploads\\\/2018\\\/07\\\/Logo2.jpg\",\"contentUrl\":\"https:\\\/\\\/verbumdei.org\\\/porto\\\/wp-content\\\/uploads\\\/2018\\\/07\\\/Logo2.jpg\",\"width\":123,\"height\":120,\"caption\":\"Verbum Dei Portugal Norte\"},\"image\":{\"@id\":\"https:\\\/\\\/verbumdei.org\\\/porto\\\/#\\\/schema\\\/logo\\\/image\\\/\"},\"sameAs\":[\"https:\\\/\\\/www.facebook.com\\\/vdportoaveiro\\\/\",\"https:\\\/\\\/instagram.com\\\/verbumdei.portugal.norte\\\/\"]},{\"@type\":\"Person\",\"@id\":\"https:\\\/\\\/verbumdei.org\\\/porto\\\/#\\\/schema\\\/person\\\/96069deba805c81dbe7e17ffc893d04b\",\"name\":\"Verbum Dei Porto\",\"url\":\"https:\\\/\\\/verbumdei.org\\\/porto\\\/author\\\/vdportod\\\/\"}]}<\/script>\n<!-- \/ Yoast SEO plugin. -->","yoast_head_json":{"title":"20 de Dezembro de 2016 - Verbum Dei Norte","robots":{"index":"index","follow":"follow","max-snippet":"max-snippet:-1","max-image-preview":"max-image-preview:large","max-video-preview":"max-video-preview:-1"},"canonical":"https:\/\/verbumdei.org\/porto\/2016\/12\/20\/20-dezembro-2016\/","og_locale":"pt_PT","og_type":"article","og_title":"20 de Dezembro de 2016 - Verbum Dei Norte","og_description":"Ora\u00e7\u00e3o inicial:  Bom dia Jesus! Que bom \u00e9 saber que Tu est\u00e1s, que me habitas e que permaneces connosco. Quero agradecer-te a vida, a Tua presen\u00e7a em n\u00f3s e pedir-te que, neste dia, possa ser mais consciente de Ti; ver-Te, escutar-Te e perceber-Te n\u00e3o s\u00f3 em mim como tamb\u00e9m nos outros. Hoje, sei que queres viver a minha vida comigo, que est\u00e1s e que a Tua presen\u00e7a faz toda a diferen\u00e7a. Obrigada Jesus.  Palavra de Deus:  E hoje tornas-te presente para mim atrav\u00e9s do Livro do Profeta Isa\u00edas (Is 7, 10-14):  \u201cO SENHOR mandou dizer de novo a Acaz: \u00abPede ao SENHOR teu Deus um sinal, quer no fundo dos abismos, quer l\u00e1 no alto dos c\u00e9us.\u00bb","og_url":"https:\/\/verbumdei.org\/porto\/2016\/12\/20\/20-dezembro-2016\/","og_site_name":"Verbum Dei Norte","article_publisher":"https:\/\/www.facebook.com\/vdportoaveiro\/","article_published_time":"2016-12-20T06:17:07+00:00","og_image":[{"url":"http:\/\/verbumdei.pt\/wp-content\/uploads\/2016\/12\/Fe-150x150.jpg","type":"","width":"","height":""}],"author":"Verbum Dei Porto","twitter_card":"summary_large_image","twitter_misc":{"Escrito por":"Verbum Dei Porto","Tempo estimado de leitura":"3 minutos"},"schema":{"@context":"https:\/\/schema.org","@graph":[{"@type":"Article","@id":"https:\/\/verbumdei.org\/porto\/2016\/12\/20\/20-dezembro-2016\/#article","isPartOf":{"@id":"https:\/\/verbumdei.org\/porto\/2016\/12\/20\/20-dezembro-2016\/"},"author":{"name":"Verbum Dei Porto","@id":"https:\/\/verbumdei.org\/porto\/#\/schema\/person\/96069deba805c81dbe7e17ffc893d04b"},"headline":"20 de Dezembro de 2016","datePublished":"2016-12-20T06:17:07+00:00","mainEntityOfPage":{"@id":"https:\/\/verbumdei.org\/porto\/2016\/12\/20\/20-dezembro-2016\/"},"wordCount":642,"publisher":{"@id":"https:\/\/verbumdei.org\/porto\/#organization"},"image":{"@id":"https:\/\/verbumdei.org\/porto\/2016\/12\/20\/20-dezembro-2016\/#primaryimage"},"thumbnailUrl":"http:\/\/verbumdei.pt\/wp-content\/uploads\/2016\/12\/Fe-150x150.jpg","articleSection":["Pistas de Ora\u00e7\u00e3o"],"inLanguage":"pt-PT"},{"@type":"WebPage","@id":"https:\/\/verbumdei.org\/porto\/2016\/12\/20\/20-dezembro-2016\/","url":"https:\/\/verbumdei.org\/porto\/2016\/12\/20\/20-dezembro-2016\/","name":"20 de Dezembro de 2016 - Verbum Dei Norte","isPartOf":{"@id":"https:\/\/verbumdei.org\/porto\/#website"},"primaryImageOfPage":{"@id":"https:\/\/verbumdei.org\/porto\/2016\/12\/20\/20-dezembro-2016\/#primaryimage"},"image":{"@id":"https:\/\/verbumdei.org\/porto\/2016\/12\/20\/20-dezembro-2016\/#primaryimage"},"thumbnailUrl":"http:\/\/verbumdei.pt\/wp-content\/uploads\/2016\/12\/Fe-150x150.jpg","datePublished":"2016-12-20T06:17:07+00:00","breadcrumb":{"@id":"https:\/\/verbumdei.org\/porto\/2016\/12\/20\/20-dezembro-2016\/#breadcrumb"},"inLanguage":"pt-PT","potentialAction":[{"@type":"ReadAction","target":["https:\/\/verbumdei.org\/porto\/2016\/12\/20\/20-dezembro-2016\/"]}]},{"@type":"ImageObject","inLanguage":"pt-PT","@id":"https:\/\/verbumdei.org\/porto\/2016\/12\/20\/20-dezembro-2016\/#primaryimage","url":"http:\/\/verbumdei.pt\/wp-content\/uploads\/2016\/12\/Fe-150x150.jpg","contentUrl":"http:\/\/verbumdei.pt\/wp-content\/uploads\/2016\/12\/Fe-150x150.jpg"},{"@type":"BreadcrumbList","@id":"https:\/\/verbumdei.org\/porto\/2016\/12\/20\/20-dezembro-2016\/#breadcrumb","itemListElement":[{"@type":"ListItem","position":1,"name":"In\u00edcio","item":"https:\/\/verbumdei.org\/porto\/"},{"@type":"ListItem","position":2,"name":"20 de Dezembro de 2016"}]},{"@type":"WebSite","@id":"https:\/\/verbumdei.org\/porto\/#website","url":"https:\/\/verbumdei.org\/porto\/","name":"Verbum Dei Portugal Norte","description":"Mission\u00e1rios Verbum Dei no Porto e Aveiro: ora\u00e7\u00e3o, retiro espiritual, forma\u00e7\u00e3o crist\u00e3 e evangeliza\u00e7\u00e3o","publisher":{"@id":"https:\/\/verbumdei.org\/porto\/#organization"},"potentialAction":[{"@type":"SearchAction","target":{"@type":"EntryPoint","urlTemplate":"https:\/\/verbumdei.org\/porto\/?s={search_term_string}"},"query-input":{"@type":"PropertyValueSpecification","valueRequired":true,"valueName":"search_term_string"}}],"inLanguage":"pt-PT"},{"@type":"Organization","@id":"https:\/\/verbumdei.org\/porto\/#organization","name":"Verbum Dei Portugal Norte","url":"https:\/\/verbumdei.org\/porto\/","logo":{"@type":"ImageObject","inLanguage":"pt-PT","@id":"https:\/\/verbumdei.org\/porto\/#\/schema\/logo\/image\/","url":"https:\/\/verbumdei.org\/porto\/wp-content\/uploads\/2018\/07\/Logo2.jpg","contentUrl":"https:\/\/verbumdei.org\/porto\/wp-content\/uploads\/2018\/07\/Logo2.jpg","width":123,"height":120,"caption":"Verbum Dei Portugal Norte"},"image":{"@id":"https:\/\/verbumdei.org\/porto\/#\/schema\/logo\/image\/"},"sameAs":["https:\/\/www.facebook.com\/vdportoaveiro\/","https:\/\/instagram.com\/verbumdei.portugal.norte\/"]},{"@type":"Person","@id":"https:\/\/verbumdei.org\/porto\/#\/schema\/person\/96069deba805c81dbe7e17ffc893d04b","name":"Verbum Dei Porto","url":"https:\/\/verbumdei.org\/porto\/author\/vdportod\/"}]}},"jetpack_featured_media_url":"","jetpack_sharing_enabled":true,"_links":{"self":[{"href":"https:\/\/verbumdei.org\/porto\/wp-json\/wp\/v2\/posts\/554","targetHints":{"allow":["GET"]}}],"collection":[{"href":"https:\/\/verbumdei.org\/porto\/wp-json\/wp\/v2\/posts"}],"about":[{"href":"https:\/\/verbumdei.org\/porto\/wp-json\/wp\/v2\/types\/post"}],"author":[{"embeddable":true,"href":"https:\/\/verbumdei.org\/porto\/wp-json\/wp\/v2\/users\/7"}],"replies":[{"embeddable":true,"href":"https:\/\/verbumdei.org\/porto\/wp-json\/wp\/v2\/comments?post=554"}],"version-history":[{"count":1,"href":"https:\/\/verbumdei.org\/porto\/wp-json\/wp\/v2\/posts\/554\/revisions"}],"predecessor-version":[{"id":556,"href":"https:\/\/verbumdei.org\/porto\/wp-json\/wp\/v2\/posts\/554\/revisions\/556"}],"wp:attachment":[{"href":"https:\/\/verbumdei.org\/porto\/wp-json\/wp\/v2\/media?parent=554"}],"wp:term":[{"taxonomy":"category","embeddable":true,"href":"https:\/\/verbumdei.org\/porto\/wp-json\/wp\/v2\/categories?post=554"},{"taxonomy":"post_tag","embeddable":true,"href":"https:\/\/verbumdei.org\/porto\/wp-json\/wp\/v2\/tags?post=554"}],"curies":[{"name":"wp","href":"https:\/\/api.w.org\/{rel}","templated":true}]}}