{"id":5227,"date":"2020-12-05T15:13:33","date_gmt":"2020-12-05T15:13:33","guid":{"rendered":"https:\/\/verbumdei.org\/porto\/?p=5227"},"modified":"2020-12-05T15:13:33","modified_gmt":"2020-12-05T15:13:33","slug":"missa-sabado-05-12-2020-18h30","status":"publish","type":"post","link":"https:\/\/verbumdei.org\/porto\/2020\/12\/05\/missa-sabado-05-12-2020-18h30\/","title":{"rendered":"Missa &#8211; S\u00e1bado, 05\/12\/2020, 18h30"},"content":{"rendered":"<p>Boa tarde FaMVD&#8230; Partilhamos o link da eucaristia de hoje \u00e0s 18h30. Unidos. https:\/\/youtu.be\/l1_hr2eEatA<\/p>\n","protected":false},"excerpt":{"rendered":"<p>Boa tarde FaMVD&#8230; Partilhamos o link da eucaristia de hoje \u00e0s 18h30. Unidos. https:\/\/youtu.be\/l1_hr2eEatA<\/p>\n","protected":false},"author":6,"featured_media":0,"comment_status":"closed","ping_status":"closed","sticky":false,"template":"","format":"standard","meta":{"rop_custom_images_group":[],"rop_custom_messages_group":[],"rop_publish_now":"initial","rop_publish_now_accounts":[],"rop_publish_now_history":[],"rop_publish_now_status":"pending","neve_meta_sidebar":"","neve_meta_container":"","neve_meta_enable_content_width":"","neve_meta_content_width":0,"neve_meta_title_alignment":"","neve_meta_author_avatar":"","neve_post_elements_order":"","neve_meta_disable_header":"","neve_meta_disable_footer":"","neve_meta_disable_title":"","_themeisle_gutenberg_block_has_review":false,"_jetpack_memberships_contains_paid_content":false,"footnotes":""},"categories":[88],"tags":[],"class_list":["post-5227","post","type-post","status-publish","format-standard","hentry","category-avisos"],"yoast_head":"<!-- This site is optimized with the Yoast SEO plugin v27.5 - https:\/\/yoast.com\/product\/yoast-seo-wordpress\/ -->\n<title>Missa - S\u00e1bado, 05\/12\/2020, 18h30 - Verbum Dei Norte<\/title>\n<meta name=\"robots\" content=\"index, follow, max-snippet:-1, max-image-preview:large, max-video-preview:-1\" \/>\n<link rel=\"canonical\" href=\"https:\/\/verbumdei.org\/porto\/2020\/12\/05\/missa-sabado-05-12-2020-18h30\/\" \/>\n<meta property=\"og:locale\" content=\"pt_PT\" \/>\n<meta property=\"og:type\" content=\"article\" \/>\n<meta property=\"og:title\" content=\"Missa - S\u00e1bado, 05\/12\/2020, 18h30 - Verbum Dei Norte\" \/>\n<meta property=\"og:description\" content=\"Boa tarde FaMVD&#8230; Partilhamos o link da eucaristia de hoje \u00e0s 18h30. Unidos. https:\/\/youtu.be\/l1_hr2eEatA\" \/>\n<meta property=\"og:url\" content=\"https:\/\/verbumdei.org\/porto\/2020\/12\/05\/missa-sabado-05-12-2020-18h30\/\" \/>\n<meta property=\"og:site_name\" content=\"Verbum Dei Norte\" \/>\n<meta property=\"article:publisher\" content=\"https:\/\/www.facebook.com\/vdportoaveiro\/\" \/>\n<meta property=\"article:published_time\" content=\"2020-12-05T15:13:33+00:00\" \/>\n<meta name=\"author\" content=\"Jos\u00e9 Figueiredo\" \/>\n<meta name=\"twitter:card\" content=\"summary_large_image\" \/>\n<meta name=\"twitter:label1\" content=\"Escrito por\" \/>\n\t<meta name=\"twitter:data1\" content=\"Jos\u00e9 Figueiredo\" \/>\n<script type=\"application\/ld+json\" class=\"yoast-schema-graph\">{\"@context\":\"https:\\\/\\\/schema.org\",\"@graph\":[{\"@type\":\"Article\",\"@id\":\"https:\\\/\\\/verbumdei.org\\\/porto\\\/2020\\\/12\\\/05\\\/missa-sabado-05-12-2020-18h30\\\/#article\",\"isPartOf\":{\"@id\":\"https:\\\/\\\/verbumdei.org\\\/porto\\\/2020\\\/12\\\/05\\\/missa-sabado-05-12-2020-18h30\\\/\"},\"author\":{\"name\":\"Jos\u00e9 Figueiredo\",\"@id\":\"https:\\\/\\\/verbumdei.org\\\/porto\\\/#\\\/schema\\\/person\\\/fd582e6e68322821b57359627af58974\"},\"headline\":\"Missa &#8211; S\u00e1bado, 05\\\/12\\\/2020, 18h30\",\"datePublished\":\"2020-12-05T15:13:33+00:00\",\"mainEntityOfPage\":{\"@id\":\"https:\\\/\\\/verbumdei.org\\\/porto\\\/2020\\\/12\\\/05\\\/missa-sabado-05-12-2020-18h30\\\/\"},\"wordCount\":24,\"publisher\":{\"@id\":\"https:\\\/\\\/verbumdei.org\\\/porto\\\/#organization\"},\"articleSection\":[\"Avisos\"],\"inLanguage\":\"pt-PT\"},{\"@type\":\"WebPage\",\"@id\":\"https:\\\/\\\/verbumdei.org\\\/porto\\\/2020\\\/12\\\/05\\\/missa-sabado-05-12-2020-18h30\\\/\",\"url\":\"https:\\\/\\\/verbumdei.org\\\/porto\\\/2020\\\/12\\\/05\\\/missa-sabado-05-12-2020-18h30\\\/\",\"name\":\"Missa - S\u00e1bado, 05\\\/12\\\/2020, 18h30 - Verbum Dei Norte\",\"isPartOf\":{\"@id\":\"https:\\\/\\\/verbumdei.org\\\/porto\\\/#website\"},\"datePublished\":\"2020-12-05T15:13:33+00:00\",\"breadcrumb\":{\"@id\":\"https:\\\/\\\/verbumdei.org\\\/porto\\\/2020\\\/12\\\/05\\\/missa-sabado-05-12-2020-18h30\\\/#breadcrumb\"},\"inLanguage\":\"pt-PT\",\"potentialAction\":[{\"@type\":\"ReadAction\",\"target\":[\"https:\\\/\\\/verbumdei.org\\\/porto\\\/2020\\\/12\\\/05\\\/missa-sabado-05-12-2020-18h30\\\/\"]}]},{\"@type\":\"BreadcrumbList\",\"@id\":\"https:\\\/\\\/verbumdei.org\\\/porto\\\/2020\\\/12\\\/05\\\/missa-sabado-05-12-2020-18h30\\\/#breadcrumb\",\"itemListElement\":[{\"@type\":\"ListItem\",\"position\":1,\"name\":\"In\u00edcio\",\"item\":\"https:\\\/\\\/verbumdei.org\\\/porto\\\/\"},{\"@type\":\"ListItem\",\"position\":2,\"name\":\"Missa &#8211; S\u00e1bado, 05\\\/12\\\/2020, 18h30\"}]},{\"@type\":\"WebSite\",\"@id\":\"https:\\\/\\\/verbumdei.org\\\/porto\\\/#website\",\"url\":\"https:\\\/\\\/verbumdei.org\\\/porto\\\/\",\"name\":\"Verbum Dei Portugal Norte\",\"description\":\"Mission\u00e1rios Verbum Dei no Porto e Aveiro: ora\u00e7\u00e3o, retiro espiritual, forma\u00e7\u00e3o crist\u00e3 e evangeliza\u00e7\u00e3o\",\"publisher\":{\"@id\":\"https:\\\/\\\/verbumdei.org\\\/porto\\\/#organization\"},\"potentialAction\":[{\"@type\":\"SearchAction\",\"target\":{\"@type\":\"EntryPoint\",\"urlTemplate\":\"https:\\\/\\\/verbumdei.org\\\/porto\\\/?s={search_term_string}\"},\"query-input\":{\"@type\":\"PropertyValueSpecification\",\"valueRequired\":true,\"valueName\":\"search_term_string\"}}],\"inLanguage\":\"pt-PT\"},{\"@type\":\"Organization\",\"@id\":\"https:\\\/\\\/verbumdei.org\\\/porto\\\/#organization\",\"name\":\"Verbum Dei Portugal Norte\",\"url\":\"https:\\\/\\\/verbumdei.org\\\/porto\\\/\",\"logo\":{\"@type\":\"ImageObject\",\"inLanguage\":\"pt-PT\",\"@id\":\"https:\\\/\\\/verbumdei.org\\\/porto\\\/#\\\/schema\\\/logo\\\/image\\\/\",\"url\":\"https:\\\/\\\/verbumdei.org\\\/porto\\\/wp-content\\\/uploads\\\/2018\\\/07\\\/Logo2.jpg\",\"contentUrl\":\"https:\\\/\\\/verbumdei.org\\\/porto\\\/wp-content\\\/uploads\\\/2018\\\/07\\\/Logo2.jpg\",\"width\":123,\"height\":120,\"caption\":\"Verbum Dei Portugal Norte\"},\"image\":{\"@id\":\"https:\\\/\\\/verbumdei.org\\\/porto\\\/#\\\/schema\\\/logo\\\/image\\\/\"},\"sameAs\":[\"https:\\\/\\\/www.facebook.com\\\/vdportoaveiro\\\/\",\"https:\\\/\\\/instagram.com\\\/verbumdei.portugal.norte\\\/\"]},{\"@type\":\"Person\",\"@id\":\"https:\\\/\\\/verbumdei.org\\\/porto\\\/#\\\/schema\\\/person\\\/fd582e6e68322821b57359627af58974\",\"name\":\"Jos\u00e9 Figueiredo\",\"url\":\"https:\\\/\\\/verbumdei.org\\\/porto\\\/author\\\/zecarlos\\\/\"}]}<\/script>\n<!-- \/ Yoast SEO plugin. -->","yoast_head_json":{"title":"Missa - S\u00e1bado, 05\/12\/2020, 18h30 - Verbum Dei Norte","robots":{"index":"index","follow":"follow","max-snippet":"max-snippet:-1","max-image-preview":"max-image-preview:large","max-video-preview":"max-video-preview:-1"},"canonical":"https:\/\/verbumdei.org\/porto\/2020\/12\/05\/missa-sabado-05-12-2020-18h30\/","og_locale":"pt_PT","og_type":"article","og_title":"Missa - S\u00e1bado, 05\/12\/2020, 18h30 - Verbum Dei Norte","og_description":"Boa tarde FaMVD&#8230; Partilhamos o link da eucaristia de hoje \u00e0s 18h30. Unidos. https:\/\/youtu.be\/l1_hr2eEatA","og_url":"https:\/\/verbumdei.org\/porto\/2020\/12\/05\/missa-sabado-05-12-2020-18h30\/","og_site_name":"Verbum Dei Norte","article_publisher":"https:\/\/www.facebook.com\/vdportoaveiro\/","article_published_time":"2020-12-05T15:13:33+00:00","author":"Jos\u00e9 Figueiredo","twitter_card":"summary_large_image","twitter_misc":{"Escrito por":"Jos\u00e9 Figueiredo"},"schema":{"@context":"https:\/\/schema.org","@graph":[{"@type":"Article","@id":"https:\/\/verbumdei.org\/porto\/2020\/12\/05\/missa-sabado-05-12-2020-18h30\/#article","isPartOf":{"@id":"https:\/\/verbumdei.org\/porto\/2020\/12\/05\/missa-sabado-05-12-2020-18h30\/"},"author":{"name":"Jos\u00e9 Figueiredo","@id":"https:\/\/verbumdei.org\/porto\/#\/schema\/person\/fd582e6e68322821b57359627af58974"},"headline":"Missa &#8211; S\u00e1bado, 05\/12\/2020, 18h30","datePublished":"2020-12-05T15:13:33+00:00","mainEntityOfPage":{"@id":"https:\/\/verbumdei.org\/porto\/2020\/12\/05\/missa-sabado-05-12-2020-18h30\/"},"wordCount":24,"publisher":{"@id":"https:\/\/verbumdei.org\/porto\/#organization"},"articleSection":["Avisos"],"inLanguage":"pt-PT"},{"@type":"WebPage","@id":"https:\/\/verbumdei.org\/porto\/2020\/12\/05\/missa-sabado-05-12-2020-18h30\/","url":"https:\/\/verbumdei.org\/porto\/2020\/12\/05\/missa-sabado-05-12-2020-18h30\/","name":"Missa - S\u00e1bado, 05\/12\/2020, 18h30 - Verbum Dei Norte","isPartOf":{"@id":"https:\/\/verbumdei.org\/porto\/#website"},"datePublished":"2020-12-05T15:13:33+00:00","breadcrumb":{"@id":"https:\/\/verbumdei.org\/porto\/2020\/12\/05\/missa-sabado-05-12-2020-18h30\/#breadcrumb"},"inLanguage":"pt-PT","potentialAction":[{"@type":"ReadAction","target":["https:\/\/verbumdei.org\/porto\/2020\/12\/05\/missa-sabado-05-12-2020-18h30\/"]}]},{"@type":"BreadcrumbList","@id":"https:\/\/verbumdei.org\/porto\/2020\/12\/05\/missa-sabado-05-12-2020-18h30\/#breadcrumb","itemListElement":[{"@type":"ListItem","position":1,"name":"In\u00edcio","item":"https:\/\/verbumdei.org\/porto\/"},{"@type":"ListItem","position":2,"name":"Missa &#8211; S\u00e1bado, 05\/12\/2020, 18h30"}]},{"@type":"WebSite","@id":"https:\/\/verbumdei.org\/porto\/#website","url":"https:\/\/verbumdei.org\/porto\/","name":"Verbum Dei Portugal Norte","description":"Mission\u00e1rios Verbum Dei no Porto e Aveiro: ora\u00e7\u00e3o, retiro espiritual, forma\u00e7\u00e3o crist\u00e3 e evangeliza\u00e7\u00e3o","publisher":{"@id":"https:\/\/verbumdei.org\/porto\/#organization"},"potentialAction":[{"@type":"SearchAction","target":{"@type":"EntryPoint","urlTemplate":"https:\/\/verbumdei.org\/porto\/?s={search_term_string}"},"query-input":{"@type":"PropertyValueSpecification","valueRequired":true,"valueName":"search_term_string"}}],"inLanguage":"pt-PT"},{"@type":"Organization","@id":"https:\/\/verbumdei.org\/porto\/#organization","name":"Verbum Dei Portugal Norte","url":"https:\/\/verbumdei.org\/porto\/","logo":{"@type":"ImageObject","inLanguage":"pt-PT","@id":"https:\/\/verbumdei.org\/porto\/#\/schema\/logo\/image\/","url":"https:\/\/verbumdei.org\/porto\/wp-content\/uploads\/2018\/07\/Logo2.jpg","contentUrl":"https:\/\/verbumdei.org\/porto\/wp-content\/uploads\/2018\/07\/Logo2.jpg","width":123,"height":120,"caption":"Verbum Dei Portugal Norte"},"image":{"@id":"https:\/\/verbumdei.org\/porto\/#\/schema\/logo\/image\/"},"sameAs":["https:\/\/www.facebook.com\/vdportoaveiro\/","https:\/\/instagram.com\/verbumdei.portugal.norte\/"]},{"@type":"Person","@id":"https:\/\/verbumdei.org\/porto\/#\/schema\/person\/fd582e6e68322821b57359627af58974","name":"Jos\u00e9 Figueiredo","url":"https:\/\/verbumdei.org\/porto\/author\/zecarlos\/"}]}},"jetpack_featured_media_url":"","jetpack_sharing_enabled":true,"_links":{"self":[{"href":"https:\/\/verbumdei.org\/porto\/wp-json\/wp\/v2\/posts\/5227","targetHints":{"allow":["GET"]}}],"collection":[{"href":"https:\/\/verbumdei.org\/porto\/wp-json\/wp\/v2\/posts"}],"about":[{"href":"https:\/\/verbumdei.org\/porto\/wp-json\/wp\/v2\/types\/post"}],"author":[{"embeddable":true,"href":"https:\/\/verbumdei.org\/porto\/wp-json\/wp\/v2\/users\/6"}],"replies":[{"embeddable":true,"href":"https:\/\/verbumdei.org\/porto\/wp-json\/wp\/v2\/comments?post=5227"}],"version-history":[{"count":1,"href":"https:\/\/verbumdei.org\/porto\/wp-json\/wp\/v2\/posts\/5227\/revisions"}],"predecessor-version":[{"id":5230,"href":"https:\/\/verbumdei.org\/porto\/wp-json\/wp\/v2\/posts\/5227\/revisions\/5230"}],"wp:attachment":[{"href":"https:\/\/verbumdei.org\/porto\/wp-json\/wp\/v2\/media?parent=5227"}],"wp:term":[{"taxonomy":"category","embeddable":true,"href":"https:\/\/verbumdei.org\/porto\/wp-json\/wp\/v2\/categories?post=5227"},{"taxonomy":"post_tag","embeddable":true,"href":"https:\/\/verbumdei.org\/porto\/wp-json\/wp\/v2\/tags?post=5227"}],"curies":[{"name":"wp","href":"https:\/\/api.w.org\/{rel}","templated":true}]}}