{"id":500,"date":"2016-12-17T08:00:33","date_gmt":"2016-12-17T08:00:33","guid":{"rendered":"http:\/\/verbumdei.pt\/?p=500"},"modified":"2016-12-17T08:01:48","modified_gmt":"2016-12-17T08:01:48","slug":"17-dezembro-2016","status":"publish","type":"post","link":"https:\/\/verbumdei.org\/porto\/2016\/12\/17\/17-dezembro-2016\/","title":{"rendered":"17 de Dezembro de 2016"},"content":{"rendered":"<p>[cmsms_row data_padding_bottom=&#8221;50&#8243; data_padding_top=&#8221;0&#8243; data_bg_parallax_ratio=&#8221;0.5&#8243; data_bg_size=&#8221;cover&#8221; data_bg_attachment=&#8221;scroll&#8221; data_bg_repeat=&#8221;no-repeat&#8221; data_bg_position=&#8221;top center&#8221; data_color=&#8221;default&#8221; data_padding_right=&#8221;3&#8243; data_padding_left=&#8221;3&#8243; data_width=&#8221;boxed&#8221;][cmsms_column data_width=&#8221;1\/1&#8243;][cmsms_divider width=&#8221;long&#8221; height=&#8221;3&#8243; style=&#8221;solid&#8221; position=&#8221;center&#8221; color=&#8221;#d43c18&#8243; margin_top=&#8221;10&#8243; margin_bottom=&#8221;10&#8243; animation_delay=&#8221;0&#8243;][cmsms_text animation_delay=&#8221;0&#8243;]<\/p>\n<p><strong><img decoding=\"async\" class=\" wp-image-306 alignleft\" src=\"http:\/\/verbumdei.pt\/wp-content\/uploads\/2016\/12\/Fe-150x150.jpg\" alt=\"\" width=\"93\" height=\"93\" srcset=\"https:\/\/verbumdei.org\/porto\/wp-content\/uploads\/2016\/12\/Fe-150x150.jpg 150w, https:\/\/verbumdei.org\/porto\/wp-content\/uploads\/2016\/12\/Fe-55x55.jpg 55w, https:\/\/verbumdei.org\/porto\/wp-content\/uploads\/2016\/12\/Fe-300x300.jpg 300w\" sizes=\"(max-width: 93px) 100vw, 93px\" \/><\/strong><\/p>\n<p><em><strong><span style=\"font-family: 'comic sans ms', sans-serif; color: #d43c18;\">Ora\u00e7\u00e3o inicial:<\/span><\/strong><\/em><\/p>\n<p><em><span style=\"font-family: 'comic sans ms', sans-serif; color: #000000;\">Senhor Jesus, na aproxima\u00e7\u00e3o do Natal quero acolher-Te no meu cora\u00e7\u00e3o e Contigo ver como posso melhorar a minha forma de agir, de me relacionar e de contribuir para a constru\u00e7\u00e3o do Reino.<\/span><\/em><\/p>\n<p><em><strong><span style=\"font-family: 'comic sans ms', sans-serif; color: #d43c18;\">Palavra de Deus:<\/span><\/strong><\/em><\/p>\n<p><span style=\"font-family: 'comic sans ms', sans-serif; color: #000000;\">A leitura que nos interpela hoje \u00e9 o Salmo 72, vers\u00edculos 2 a 17.<\/span><\/p>\n<p><span style=\"font-family: 'comic sans ms', sans-serif; color: #000000;\">\u00abNos dias do Senhor<br \/>\nnascer\u00e1 a justi\u00e7a e a paz para sempre.<\/span><\/p>\n<p><span style=\"font-family: 'comic sans ms', sans-serif; color: #000000;\">Deus, concedei ao rei o poder de julgar<br \/>\ne a vossa justi\u00e7a ao filho do rei.<br \/>\nEle governar\u00e1 o vosso povo com justi\u00e7a<br \/>\ne os vossos pobres com equidade.<\/span><\/p>\n<p><span style=\"font-family: 'comic sans ms', sans-serif; color: #000000;\">Os montes trar\u00e3o a paz ao povo<br \/>\ne as colinas a justi\u00e7a.<br \/>\nEle far\u00e1 justi\u00e7a aos humildes<br \/>\ne salvar\u00e1 os indigentes.<\/span><\/p>\n<p><span style=\"font-family: 'comic sans ms', sans-serif; color: #000000;\">Florescer\u00e1 a justi\u00e7a nos seus dias<br \/>\ne uma grande paz at\u00e9 ao fim dos tempos.<br \/>\nEle dominar\u00e1 de um ao outro mar,<br \/>\ndo grande rio at\u00e9 aos confins da terra.<\/span><\/p>\n<p><span style=\"font-family: 'comic sans ms', sans-serif; color: #000000;\">O seu nome ser\u00e1 eternamente bendito<br \/>\ne durar\u00e1 tanto como a luz do sol;<br \/>\nnele ser\u00e3o aben\u00e7oadas todas as na\u00e7\u00f5es,<br \/>\ntodos os povos o h\u00e3o-de bendizer.\u00bb<\/span><\/p>\n<p><em><span style=\"font-family: 'comic sans ms', sans-serif; color: #d43c18;\"><strong>Pistas:<\/strong><\/span><\/em><\/p>\n<p><span style=\"font-family: 'comic sans ms', sans-serif; color: #000000;\">Senhor Jesus, o que mais me chama a aten\u00e7\u00e3o neste Salmo \u00e9 a repetida refer\u00eancia \u00e0 justi\u00e7a e \u00e0 paz, como evidencia o refr\u00e3o: \u201cNos dias do Senhor nascer\u00e1 a justi\u00e7a e a paz para sempre\u201d.<\/span><\/p>\n<p><span style=\"font-family: 'comic sans ms', sans-serif; color: #000000;\">Nos Teus dias, Senhor! E que dias s\u00e3o esses? Os da Tua vida entre os homens? Os dias do Reino dos C\u00e9us, em que estaremos junto de Deus na vida eterna? Ou tamb\u00e9m estes dias do mundo crist\u00e3o desde h\u00e1 dois mil anos, em que todos somos convidados a participar, ajudando a construir o Reino j\u00e1 aqui?<\/span><\/p>\n<p><span style=\"font-family: 'comic sans ms', sans-serif; color: #000000;\">Talvez sejam todas as op\u00e7\u00f5es, mas \u00e9 a \u00faltima a que mais me interpela, porque \u00e9 aquela em que sou chamada a intervir, a ter parte activa.<\/span><\/p>\n<p><span style=\"font-family: 'comic sans ms', sans-serif; color: #000000;\">E questiono-me: o que fa\u00e7o para tomar parte na constru\u00e7\u00e3o do Reino nos dias de hoje, na minha vida concreta?<\/span><\/p>\n<p><span style=\"font-family: 'comic sans ms', sans-serif; color: #000000;\">Contribuo para a justi\u00e7a e para a paz?<\/span><\/p>\n<p><span style=\"font-family: 'comic sans ms', sans-serif; color: #000000;\">Estou atenta \u00e0s necessidades dos \u201cpobres, humildes e indigentes\u201d de que fala o Salmo? Procuro de alguma forma melhorar as suas condi\u00e7\u00f5es de vida?<\/span><\/p>\n<p><span style=\"font-family: 'comic sans ms', sans-serif; color: #000000;\">E como me relaciono com as pessoas de uma forma geral, as que me est\u00e3o pr\u00f3ximas, as que encontro todos os dias no trabalho, na Verbum Dei ou nos outros ambientes em que me movo \u2013 \u00e9 fundamentalmente numa disposi\u00e7\u00e3o de paz e de procura de solu\u00e7\u00f5es, ou parto de uma posi\u00e7\u00e3o de superioridade, de \u201ceu \u00e9 que sei\u201d e mesmo de agressividade?<\/span><\/p>\n<p><span style=\"font-family: 'comic sans ms', sans-serif; color: #000000;\">H\u00e1 tanto que posso desenvolver na minha forma de actuar no mundo com a Tua ajuda, Senhor!<\/span><\/p>\n<p><em><strong><span style=\"font-family: 'comic sans ms', sans-serif; color: #d43c18;\">Ora\u00e7\u00e3o final:<\/span><\/strong><\/em><\/p>\n<p><em><span style=\"font-family: 'comic sans ms', sans-serif; color: #000000;\">Jesus, nestes dias em que o Teu Natal est\u00e1 cada vez mais perto, ajuda-me a despertar a consci\u00eancia para a necessidade de trabalhar no sentido da justi\u00e7a e da paz, para a constru\u00e7\u00e3o do Reino: sei que s\u00f3 o conseguirei se permanecer unida a Ti, que me chamas para a ora\u00e7\u00e3o todos os dias.<\/span><\/em><\/p>\n<p>[\/cmsms_text][cmsms_divider width=&#8221;long&#8221; height=&#8221;3&#8243; style=&#8221;solid&#8221; position=&#8221;center&#8221; color=&#8221;#d43c18&#8243; margin_top=&#8221;10&#8243; margin_bottom=&#8221;10&#8243; animation_delay=&#8221;0&#8243;][cmsms_heading type=&#8221;h2&#8243; font_weight=&#8221;bold&#8221; font_style=&#8221;normal&#8221; text_align=&#8221;left&#8221; color=&#8221;#d43c18&#8243; margin_top=&#8221;10&#8243; margin_bottom=&#8221;10&#8243; animation_delay=&#8221;0&#8243;]\u00c1udio para Reflex\u00e3o[\/cmsms_heading][cmsms_audios preload=&#8221;none&#8221; animation_delay=&#8221;0&#8243;][cmsms_audio]501|http:\/\/verbumdei.pt\/wp-content\/uploads\/2016\/12\/Audio-2016-12-17.mp3[\/cmsms_audio][\/cmsms_audios][cmsms_divider width=&#8221;long&#8221; height=&#8221;3&#8243; style=&#8221;solid&#8221; position=&#8221;center&#8221; color=&#8221;#d43c18&#8243; margin_top=&#8221;10&#8243; margin_bottom=&#8221;10&#8243; animation_delay=&#8221;0&#8243;][\/cmsms_column][\/cmsms_row]<\/p>\n","protected":false},"excerpt":{"rendered":"<p>Ora\u00e7\u00e3o inicial:<br \/>\nSenhor Jesus, na aproxima\u00e7\u00e3o do Natal quero acolher-Te no meu cora\u00e7\u00e3o e Contigo ver como posso melhorar a minha forma de agir, de me relacionar e de contribuir para a constru\u00e7\u00e3o do Reino.<\/p>\n<p>Palavra de Deus:<br \/>\nA leitura que nos interpela hoje \u00e9 o Salmo 72, vers\u00edculos 2 a 17.<\/p>\n<p>\u00abNos dias do Senhor<br \/>\nnascer\u00e1 a justi\u00e7a e a paz para sempre.<\/p>\n<p>Deus, concedei ao rei o poder de julgar<br \/>\ne a vossa justi\u00e7a ao filho do rei.<br \/>\nEle governar\u00e1 o vosso povo com justi\u00e7a<br \/>\ne os vossos pobres com equidade.<\/p>\n<p>Os montes trar\u00e3o a paz ao povo<br \/>\ne as colinas a justi\u00e7a.<br \/>\nEle far\u00e1 justi\u00e7a aos humildes<\/p>\n","protected":false},"author":7,"featured_media":0,"comment_status":"closed","ping_status":"closed","sticky":false,"template":"","format":"standard","meta":{"rop_custom_images_group":[],"rop_custom_messages_group":[],"rop_publish_now":"initial","rop_publish_now_accounts":[],"rop_publish_now_history":[],"rop_publish_now_status":"pending","neve_meta_sidebar":"","neve_meta_container":"","neve_meta_enable_content_width":"","neve_meta_content_width":0,"neve_meta_title_alignment":"","neve_meta_author_avatar":"","neve_post_elements_order":"","neve_meta_disable_header":"","neve_meta_disable_footer":"","neve_meta_disable_title":"","_themeisle_gutenberg_block_has_review":false,"_jetpack_memberships_contains_paid_content":false,"footnotes":""},"categories":[60],"tags":[],"class_list":["post-500","post","type-post","status-publish","format-standard","hentry","category-pistas-de-oracao"],"yoast_head":"<!-- This site is optimized with the Yoast SEO plugin v27.5 - https:\/\/yoast.com\/product\/yoast-seo-wordpress\/ -->\n<title>17 de Dezembro de 2016 - Verbum Dei Norte<\/title>\n<meta name=\"robots\" content=\"index, follow, max-snippet:-1, max-image-preview:large, max-video-preview:-1\" \/>\n<link rel=\"canonical\" href=\"https:\/\/verbumdei.org\/porto\/2016\/12\/17\/17-dezembro-2016\/\" \/>\n<meta property=\"og:locale\" content=\"pt_PT\" \/>\n<meta property=\"og:type\" content=\"article\" \/>\n<meta property=\"og:title\" content=\"17 de Dezembro de 2016 - Verbum Dei Norte\" \/>\n<meta property=\"og:description\" content=\"Ora\u00e7\u00e3o inicial: Senhor Jesus, na aproxima\u00e7\u00e3o do Natal quero acolher-Te no meu cora\u00e7\u00e3o e Contigo ver como posso melhorar a minha forma de agir, de me relacionar e de contribuir para a constru\u00e7\u00e3o do Reino.  Palavra de Deus: A leitura que nos interpela hoje \u00e9 o Salmo 72, vers\u00edculos 2 a 17.  \u00abNos dias do Senhor nascer\u00e1 a justi\u00e7a e a paz para sempre.  Deus, concedei ao rei o poder de julgar e a vossa justi\u00e7a ao filho do rei. Ele governar\u00e1 o vosso povo com justi\u00e7a e os vossos pobres com equidade.  Os montes trar\u00e3o a paz ao povo e as colinas a justi\u00e7a. Ele far\u00e1 justi\u00e7a aos humildes\" \/>\n<meta property=\"og:url\" content=\"https:\/\/verbumdei.org\/porto\/2016\/12\/17\/17-dezembro-2016\/\" \/>\n<meta property=\"og:site_name\" content=\"Verbum Dei Norte\" \/>\n<meta property=\"article:publisher\" content=\"https:\/\/www.facebook.com\/vdportoaveiro\/\" \/>\n<meta property=\"article:published_time\" content=\"2016-12-17T08:00:33+00:00\" \/>\n<meta property=\"article:modified_time\" content=\"2016-12-17T08:01:48+00:00\" \/>\n<meta property=\"og:image\" content=\"http:\/\/verbumdei.pt\/wp-content\/uploads\/2016\/12\/Fe-150x150.jpg\" \/>\n<meta name=\"author\" content=\"Verbum Dei Porto\" \/>\n<meta name=\"twitter:card\" content=\"summary_large_image\" \/>\n<meta name=\"twitter:label1\" content=\"Escrito por\" \/>\n\t<meta name=\"twitter:data1\" content=\"Verbum Dei Porto\" \/>\n\t<meta name=\"twitter:label2\" content=\"Tempo estimado de leitura\" \/>\n\t<meta name=\"twitter:data2\" content=\"3 minutos\" \/>\n<script type=\"application\/ld+json\" class=\"yoast-schema-graph\">{\"@context\":\"https:\\\/\\\/schema.org\",\"@graph\":[{\"@type\":\"Article\",\"@id\":\"https:\\\/\\\/verbumdei.org\\\/porto\\\/2016\\\/12\\\/17\\\/17-dezembro-2016\\\/#article\",\"isPartOf\":{\"@id\":\"https:\\\/\\\/verbumdei.org\\\/porto\\\/2016\\\/12\\\/17\\\/17-dezembro-2016\\\/\"},\"author\":{\"name\":\"Verbum Dei Porto\",\"@id\":\"https:\\\/\\\/verbumdei.org\\\/porto\\\/#\\\/schema\\\/person\\\/96069deba805c81dbe7e17ffc893d04b\"},\"headline\":\"17 de Dezembro de 2016\",\"datePublished\":\"2016-12-17T08:00:33+00:00\",\"dateModified\":\"2016-12-17T08:01:48+00:00\",\"mainEntityOfPage\":{\"@id\":\"https:\\\/\\\/verbumdei.org\\\/porto\\\/2016\\\/12\\\/17\\\/17-dezembro-2016\\\/\"},\"wordCount\":668,\"publisher\":{\"@id\":\"https:\\\/\\\/verbumdei.org\\\/porto\\\/#organization\"},\"image\":{\"@id\":\"https:\\\/\\\/verbumdei.org\\\/porto\\\/2016\\\/12\\\/17\\\/17-dezembro-2016\\\/#primaryimage\"},\"thumbnailUrl\":\"http:\\\/\\\/verbumdei.pt\\\/wp-content\\\/uploads\\\/2016\\\/12\\\/Fe-150x150.jpg\",\"articleSection\":[\"Pistas de Ora\u00e7\u00e3o\"],\"inLanguage\":\"pt-PT\"},{\"@type\":\"WebPage\",\"@id\":\"https:\\\/\\\/verbumdei.org\\\/porto\\\/2016\\\/12\\\/17\\\/17-dezembro-2016\\\/\",\"url\":\"https:\\\/\\\/verbumdei.org\\\/porto\\\/2016\\\/12\\\/17\\\/17-dezembro-2016\\\/\",\"name\":\"17 de Dezembro de 2016 - Verbum Dei Norte\",\"isPartOf\":{\"@id\":\"https:\\\/\\\/verbumdei.org\\\/porto\\\/#website\"},\"primaryImageOfPage\":{\"@id\":\"https:\\\/\\\/verbumdei.org\\\/porto\\\/2016\\\/12\\\/17\\\/17-dezembro-2016\\\/#primaryimage\"},\"image\":{\"@id\":\"https:\\\/\\\/verbumdei.org\\\/porto\\\/2016\\\/12\\\/17\\\/17-dezembro-2016\\\/#primaryimage\"},\"thumbnailUrl\":\"http:\\\/\\\/verbumdei.pt\\\/wp-content\\\/uploads\\\/2016\\\/12\\\/Fe-150x150.jpg\",\"datePublished\":\"2016-12-17T08:00:33+00:00\",\"dateModified\":\"2016-12-17T08:01:48+00:00\",\"breadcrumb\":{\"@id\":\"https:\\\/\\\/verbumdei.org\\\/porto\\\/2016\\\/12\\\/17\\\/17-dezembro-2016\\\/#breadcrumb\"},\"inLanguage\":\"pt-PT\",\"potentialAction\":[{\"@type\":\"ReadAction\",\"target\":[\"https:\\\/\\\/verbumdei.org\\\/porto\\\/2016\\\/12\\\/17\\\/17-dezembro-2016\\\/\"]}]},{\"@type\":\"ImageObject\",\"inLanguage\":\"pt-PT\",\"@id\":\"https:\\\/\\\/verbumdei.org\\\/porto\\\/2016\\\/12\\\/17\\\/17-dezembro-2016\\\/#primaryimage\",\"url\":\"http:\\\/\\\/verbumdei.pt\\\/wp-content\\\/uploads\\\/2016\\\/12\\\/Fe-150x150.jpg\",\"contentUrl\":\"http:\\\/\\\/verbumdei.pt\\\/wp-content\\\/uploads\\\/2016\\\/12\\\/Fe-150x150.jpg\"},{\"@type\":\"BreadcrumbList\",\"@id\":\"https:\\\/\\\/verbumdei.org\\\/porto\\\/2016\\\/12\\\/17\\\/17-dezembro-2016\\\/#breadcrumb\",\"itemListElement\":[{\"@type\":\"ListItem\",\"position\":1,\"name\":\"In\u00edcio\",\"item\":\"https:\\\/\\\/verbumdei.org\\\/porto\\\/\"},{\"@type\":\"ListItem\",\"position\":2,\"name\":\"17 de Dezembro de 2016\"}]},{\"@type\":\"WebSite\",\"@id\":\"https:\\\/\\\/verbumdei.org\\\/porto\\\/#website\",\"url\":\"https:\\\/\\\/verbumdei.org\\\/porto\\\/\",\"name\":\"Verbum Dei Portugal Norte\",\"description\":\"Mission\u00e1rios Verbum Dei no Porto e Aveiro: ora\u00e7\u00e3o, retiro espiritual, forma\u00e7\u00e3o crist\u00e3 e evangeliza\u00e7\u00e3o\",\"publisher\":{\"@id\":\"https:\\\/\\\/verbumdei.org\\\/porto\\\/#organization\"},\"potentialAction\":[{\"@type\":\"SearchAction\",\"target\":{\"@type\":\"EntryPoint\",\"urlTemplate\":\"https:\\\/\\\/verbumdei.org\\\/porto\\\/?s={search_term_string}\"},\"query-input\":{\"@type\":\"PropertyValueSpecification\",\"valueRequired\":true,\"valueName\":\"search_term_string\"}}],\"inLanguage\":\"pt-PT\"},{\"@type\":\"Organization\",\"@id\":\"https:\\\/\\\/verbumdei.org\\\/porto\\\/#organization\",\"name\":\"Verbum Dei Portugal Norte\",\"url\":\"https:\\\/\\\/verbumdei.org\\\/porto\\\/\",\"logo\":{\"@type\":\"ImageObject\",\"inLanguage\":\"pt-PT\",\"@id\":\"https:\\\/\\\/verbumdei.org\\\/porto\\\/#\\\/schema\\\/logo\\\/image\\\/\",\"url\":\"https:\\\/\\\/verbumdei.org\\\/porto\\\/wp-content\\\/uploads\\\/2018\\\/07\\\/Logo2.jpg\",\"contentUrl\":\"https:\\\/\\\/verbumdei.org\\\/porto\\\/wp-content\\\/uploads\\\/2018\\\/07\\\/Logo2.jpg\",\"width\":123,\"height\":120,\"caption\":\"Verbum Dei Portugal Norte\"},\"image\":{\"@id\":\"https:\\\/\\\/verbumdei.org\\\/porto\\\/#\\\/schema\\\/logo\\\/image\\\/\"},\"sameAs\":[\"https:\\\/\\\/www.facebook.com\\\/vdportoaveiro\\\/\",\"https:\\\/\\\/instagram.com\\\/verbumdei.portugal.norte\\\/\"]},{\"@type\":\"Person\",\"@id\":\"https:\\\/\\\/verbumdei.org\\\/porto\\\/#\\\/schema\\\/person\\\/96069deba805c81dbe7e17ffc893d04b\",\"name\":\"Verbum Dei Porto\",\"url\":\"https:\\\/\\\/verbumdei.org\\\/porto\\\/author\\\/vdportod\\\/\"}]}<\/script>\n<!-- \/ Yoast SEO plugin. -->","yoast_head_json":{"title":"17 de Dezembro de 2016 - Verbum Dei Norte","robots":{"index":"index","follow":"follow","max-snippet":"max-snippet:-1","max-image-preview":"max-image-preview:large","max-video-preview":"max-video-preview:-1"},"canonical":"https:\/\/verbumdei.org\/porto\/2016\/12\/17\/17-dezembro-2016\/","og_locale":"pt_PT","og_type":"article","og_title":"17 de Dezembro de 2016 - Verbum Dei Norte","og_description":"Ora\u00e7\u00e3o inicial: Senhor Jesus, na aproxima\u00e7\u00e3o do Natal quero acolher-Te no meu cora\u00e7\u00e3o e Contigo ver como posso melhorar a minha forma de agir, de me relacionar e de contribuir para a constru\u00e7\u00e3o do Reino.  Palavra de Deus: A leitura que nos interpela hoje \u00e9 o Salmo 72, vers\u00edculos 2 a 17.  \u00abNos dias do Senhor nascer\u00e1 a justi\u00e7a e a paz para sempre.  Deus, concedei ao rei o poder de julgar e a vossa justi\u00e7a ao filho do rei. Ele governar\u00e1 o vosso povo com justi\u00e7a e os vossos pobres com equidade.  Os montes trar\u00e3o a paz ao povo e as colinas a justi\u00e7a. Ele far\u00e1 justi\u00e7a aos humildes","og_url":"https:\/\/verbumdei.org\/porto\/2016\/12\/17\/17-dezembro-2016\/","og_site_name":"Verbum Dei Norte","article_publisher":"https:\/\/www.facebook.com\/vdportoaveiro\/","article_published_time":"2016-12-17T08:00:33+00:00","article_modified_time":"2016-12-17T08:01:48+00:00","og_image":[{"url":"http:\/\/verbumdei.pt\/wp-content\/uploads\/2016\/12\/Fe-150x150.jpg","type":"","width":"","height":""}],"author":"Verbum Dei Porto","twitter_card":"summary_large_image","twitter_misc":{"Escrito por":"Verbum Dei Porto","Tempo estimado de leitura":"3 minutos"},"schema":{"@context":"https:\/\/schema.org","@graph":[{"@type":"Article","@id":"https:\/\/verbumdei.org\/porto\/2016\/12\/17\/17-dezembro-2016\/#article","isPartOf":{"@id":"https:\/\/verbumdei.org\/porto\/2016\/12\/17\/17-dezembro-2016\/"},"author":{"name":"Verbum Dei Porto","@id":"https:\/\/verbumdei.org\/porto\/#\/schema\/person\/96069deba805c81dbe7e17ffc893d04b"},"headline":"17 de Dezembro de 2016","datePublished":"2016-12-17T08:00:33+00:00","dateModified":"2016-12-17T08:01:48+00:00","mainEntityOfPage":{"@id":"https:\/\/verbumdei.org\/porto\/2016\/12\/17\/17-dezembro-2016\/"},"wordCount":668,"publisher":{"@id":"https:\/\/verbumdei.org\/porto\/#organization"},"image":{"@id":"https:\/\/verbumdei.org\/porto\/2016\/12\/17\/17-dezembro-2016\/#primaryimage"},"thumbnailUrl":"http:\/\/verbumdei.pt\/wp-content\/uploads\/2016\/12\/Fe-150x150.jpg","articleSection":["Pistas de Ora\u00e7\u00e3o"],"inLanguage":"pt-PT"},{"@type":"WebPage","@id":"https:\/\/verbumdei.org\/porto\/2016\/12\/17\/17-dezembro-2016\/","url":"https:\/\/verbumdei.org\/porto\/2016\/12\/17\/17-dezembro-2016\/","name":"17 de Dezembro de 2016 - Verbum Dei Norte","isPartOf":{"@id":"https:\/\/verbumdei.org\/porto\/#website"},"primaryImageOfPage":{"@id":"https:\/\/verbumdei.org\/porto\/2016\/12\/17\/17-dezembro-2016\/#primaryimage"},"image":{"@id":"https:\/\/verbumdei.org\/porto\/2016\/12\/17\/17-dezembro-2016\/#primaryimage"},"thumbnailUrl":"http:\/\/verbumdei.pt\/wp-content\/uploads\/2016\/12\/Fe-150x150.jpg","datePublished":"2016-12-17T08:00:33+00:00","dateModified":"2016-12-17T08:01:48+00:00","breadcrumb":{"@id":"https:\/\/verbumdei.org\/porto\/2016\/12\/17\/17-dezembro-2016\/#breadcrumb"},"inLanguage":"pt-PT","potentialAction":[{"@type":"ReadAction","target":["https:\/\/verbumdei.org\/porto\/2016\/12\/17\/17-dezembro-2016\/"]}]},{"@type":"ImageObject","inLanguage":"pt-PT","@id":"https:\/\/verbumdei.org\/porto\/2016\/12\/17\/17-dezembro-2016\/#primaryimage","url":"http:\/\/verbumdei.pt\/wp-content\/uploads\/2016\/12\/Fe-150x150.jpg","contentUrl":"http:\/\/verbumdei.pt\/wp-content\/uploads\/2016\/12\/Fe-150x150.jpg"},{"@type":"BreadcrumbList","@id":"https:\/\/verbumdei.org\/porto\/2016\/12\/17\/17-dezembro-2016\/#breadcrumb","itemListElement":[{"@type":"ListItem","position":1,"name":"In\u00edcio","item":"https:\/\/verbumdei.org\/porto\/"},{"@type":"ListItem","position":2,"name":"17 de Dezembro de 2016"}]},{"@type":"WebSite","@id":"https:\/\/verbumdei.org\/porto\/#website","url":"https:\/\/verbumdei.org\/porto\/","name":"Verbum Dei Portugal Norte","description":"Mission\u00e1rios Verbum Dei no Porto e Aveiro: ora\u00e7\u00e3o, retiro espiritual, forma\u00e7\u00e3o crist\u00e3 e evangeliza\u00e7\u00e3o","publisher":{"@id":"https:\/\/verbumdei.org\/porto\/#organization"},"potentialAction":[{"@type":"SearchAction","target":{"@type":"EntryPoint","urlTemplate":"https:\/\/verbumdei.org\/porto\/?s={search_term_string}"},"query-input":{"@type":"PropertyValueSpecification","valueRequired":true,"valueName":"search_term_string"}}],"inLanguage":"pt-PT"},{"@type":"Organization","@id":"https:\/\/verbumdei.org\/porto\/#organization","name":"Verbum Dei Portugal Norte","url":"https:\/\/verbumdei.org\/porto\/","logo":{"@type":"ImageObject","inLanguage":"pt-PT","@id":"https:\/\/verbumdei.org\/porto\/#\/schema\/logo\/image\/","url":"https:\/\/verbumdei.org\/porto\/wp-content\/uploads\/2018\/07\/Logo2.jpg","contentUrl":"https:\/\/verbumdei.org\/porto\/wp-content\/uploads\/2018\/07\/Logo2.jpg","width":123,"height":120,"caption":"Verbum Dei Portugal Norte"},"image":{"@id":"https:\/\/verbumdei.org\/porto\/#\/schema\/logo\/image\/"},"sameAs":["https:\/\/www.facebook.com\/vdportoaveiro\/","https:\/\/instagram.com\/verbumdei.portugal.norte\/"]},{"@type":"Person","@id":"https:\/\/verbumdei.org\/porto\/#\/schema\/person\/96069deba805c81dbe7e17ffc893d04b","name":"Verbum Dei Porto","url":"https:\/\/verbumdei.org\/porto\/author\/vdportod\/"}]}},"jetpack_featured_media_url":"","jetpack_sharing_enabled":true,"_links":{"self":[{"href":"https:\/\/verbumdei.org\/porto\/wp-json\/wp\/v2\/posts\/500","targetHints":{"allow":["GET"]}}],"collection":[{"href":"https:\/\/verbumdei.org\/porto\/wp-json\/wp\/v2\/posts"}],"about":[{"href":"https:\/\/verbumdei.org\/porto\/wp-json\/wp\/v2\/types\/post"}],"author":[{"embeddable":true,"href":"https:\/\/verbumdei.org\/porto\/wp-json\/wp\/v2\/users\/7"}],"replies":[{"embeddable":true,"href":"https:\/\/verbumdei.org\/porto\/wp-json\/wp\/v2\/comments?post=500"}],"version-history":[{"count":1,"href":"https:\/\/verbumdei.org\/porto\/wp-json\/wp\/v2\/posts\/500\/revisions"}],"predecessor-version":[{"id":502,"href":"https:\/\/verbumdei.org\/porto\/wp-json\/wp\/v2\/posts\/500\/revisions\/502"}],"wp:attachment":[{"href":"https:\/\/verbumdei.org\/porto\/wp-json\/wp\/v2\/media?parent=500"}],"wp:term":[{"taxonomy":"category","embeddable":true,"href":"https:\/\/verbumdei.org\/porto\/wp-json\/wp\/v2\/categories?post=500"},{"taxonomy":"post_tag","embeddable":true,"href":"https:\/\/verbumdei.org\/porto\/wp-json\/wp\/v2\/tags?post=500"}],"curies":[{"name":"wp","href":"https:\/\/api.w.org\/{rel}","templated":true}]}}