{"id":492,"date":"2016-12-15T09:45:57","date_gmt":"2016-12-15T09:45:57","guid":{"rendered":"http:\/\/verbumdei.pt\/?p=492"},"modified":"2016-12-15T09:52:49","modified_gmt":"2016-12-15T09:52:49","slug":"15-dezembro-2016","status":"publish","type":"post","link":"https:\/\/verbumdei.org\/porto\/2016\/12\/15\/15-dezembro-2016\/","title":{"rendered":"15 de Dezembro de 2016"},"content":{"rendered":"<p>[cmsms_row data_width=&#8221;boxed&#8221; data_padding_left=&#8221;3&#8243; data_padding_right=&#8221;3&#8243; data_color=&#8221;default&#8221; data_bg_position=&#8221;top center&#8221; data_bg_repeat=&#8221;no-repeat&#8221; data_bg_attachment=&#8221;scroll&#8221; data_bg_size=&#8221;cover&#8221; data_bg_parallax_ratio=&#8221;0.5&#8243; data_padding_top=&#8221;0&#8243; data_padding_bottom=&#8221;50&#8243;][cmsms_column data_width=&#8221;1\/1&#8243;][cmsms_divider width=&#8221;long&#8221; height=&#8221;3&#8243; style=&#8221;solid&#8221; position=&#8221;center&#8221; color=&#8221;#d43c18&#8243; margin_top=&#8221;10&#8243; margin_bottom=&#8221;10&#8243; animation_delay=&#8221;0&#8243;][cmsms_text animation_delay=&#8221;0&#8243;]<\/p>\n<p><strong><img decoding=\"async\" class=\" wp-image-306 alignleft\" src=\"http:\/\/verbumdei.pt\/wp-content\/uploads\/2016\/12\/Fe-150x150.jpg\" alt=\"\" width=\"93\" height=\"93\" srcset=\"https:\/\/verbumdei.org\/porto\/wp-content\/uploads\/2016\/12\/Fe-150x150.jpg 150w, https:\/\/verbumdei.org\/porto\/wp-content\/uploads\/2016\/12\/Fe-55x55.jpg 55w, https:\/\/verbumdei.org\/porto\/wp-content\/uploads\/2016\/12\/Fe-300x300.jpg 300w\" sizes=\"(max-width: 93px) 100vw, 93px\" \/><\/strong><\/p>\n<p><em><strong><span style=\"font-family: 'comic sans ms', sans-serif; color: #d43c18;\">Ora\u00e7\u00e3o inicial:<\/span><\/strong><\/em><\/p>\n<p><em><span style=\"font-family: 'comic sans ms', sans-serif; color: #000000;\">Bom dia, Senhor!<br \/>\nQue bom que \u00e9 estarmos aqui! Que bom podermo-nos encontrar, tu a tu, cada dia! Eu falo, Tu escutas. Tu falas, eu escuto.<\/span><\/em><\/p>\n<p><em><strong><span style=\"font-family: 'comic sans ms', sans-serif; color: #d43c18;\">Palavra de Deus:<\/span><\/strong><\/em><\/p>\n<p><em><span style=\"font-family: 'comic sans ms', sans-serif; color: #000000;\">E hoje falas-me atrav\u00e9s do Profeta Isa\u00edas, em Is 54, 1-10<br \/>\n\u00abAlegra-te, \u00f3 est\u00e9ril, que n\u00e3o tiveste filhos, solta brados de alegria e de j\u00fabilo, tu que n\u00e3o sentistes as dores da maternidade. Porque s\u00e3o mais numerosos os filhos da abandonada do que os filhos da esposa\u00bb, diz o Senhor.<br \/>\nAlarga o espa\u00e7o da tua tenda, sem olhar a despesas, estende sem medo as cortinas das tuas moradas; alonga as cordas, refor\u00e7a as estacas, porque vais expandir-te para a direita e para a esquerda: a tua descend\u00eancia conquistar\u00e1 as na\u00e7\u00f5es e povoar\u00e1 as cidades abandonadas. N\u00e3o temas, porque n\u00e3o ser\u00e1s confundida, n\u00e3o te envergonhes, porque n\u00e3o ser\u00e1s humilhada.<br \/>\n\u00abAinda que sejam abaladas as montanhas e vacilem as colinas, a minha miseric\u00f3rdia n\u00e3o te abandonar\u00e1, a minha alian\u00e7a de paz n\u00e3o vacilar\u00e1\u00bb, \u2013 diz o Senhor, compadecido de ti.\u00a0<\/span><\/em><\/p>\n<p><em><span style=\"font-family: 'comic sans ms', sans-serif; color: #d43c18;\"><strong>Pistas:<\/strong><\/span><\/em><\/p>\n<p><span style=\"font-family: 'comic sans ms', sans-serif; color: #000000;\">Senhor, com esta leitura volto a constatar que tu \u00e9s o Deus que torna poss\u00edveis os imposs\u00edveis.<br \/>\nCom aquilo que \u00e9 fraqueza, fragilidade, contradi\u00e7\u00e3o, impossibilidade em mim Tu consegues fazer maravilhas.<br \/>\n\u201cS\u00e3o mais numerosos os filhos da abandonada do que os filhos da esposa\u201d.<br \/>\nTu consegues fazer surgir vida onde parecia estar tudo morto. Consegues mudar o meu cora\u00e7\u00e3o, transformar o ego\u00edsmo em solidariedade, o medo em esperan\u00e7a, a pregui\u00e7a em trabalho.<br \/>\nE hoje pedes-me para alargar o meu cora\u00e7\u00e3o. Melhor dito, para deixar que Tu o alargues. Que haja lugar para mais uma pessoa, para mais uma situa\u00e7\u00e3o, para mais uma chamada.<br \/>\nViver contigo, ir amando como Tu ensinas e ajudas a amar, vai aumentando a minha capacidade de amar. \u00c9 como o treino aer\u00f3bico: aumenta a capacidade card\u00edaca\u2026<br \/>\nAmar mais aumenta tamb\u00e9m a minha descend\u00eancia, aquelas pessoas que contam com o meu amor, que precisam dele\u2026<br \/>\nPor isso me repetes:<br \/>\n\u201cAlarga o espa\u00e7o da tua tenda, sem olhar a despesas, estende sem medo as cortinas das tuas moradas; alonga as cordas, refor\u00e7a as estacas\u201d<br \/>\nQuem mais queres que acolha na minha tenda? Ou querer\u00e1s que acolha de um modo diferente quem j\u00e1 l\u00e1 est\u00e1? E como o posso fazer?<br \/>\nComo posso alargar o meu tempo, o meu espa\u00e7o, o meu cora\u00e7\u00e3o?<br \/>\nE o que me queres dizer quando dizes \u201csem olhar a despesas\u201d?<br \/>\nOu \u201dalonga as cordas\u201d, \u201crefor\u00e7a as estacas\u201d?<br \/>\nPara isso que me pedes, pe\u00e7o-te eu ajuda. N\u00e3o \u00e9s Tu o Deus que torna poss\u00edveis os imposs\u00edveis?<br \/>\nPe\u00e7o-Te ent\u00e3o: Alarga o espa\u00e7o da minha tenda! Aumenta a minha capacidade de amar, de acolher, de me compadecer, de fazer aquilo de que os meus pr\u00f3ximos precisam.<br \/>\nDa minha parte, vou tentar n\u00e3o te estorvar nesse trabalho!&#8230;<\/span><\/p>\n<p><em><strong><span style=\"font-family: 'comic sans ms', sans-serif; color: #d43c18;\">Ora\u00e7\u00e3o final:<\/span><\/strong><\/em><\/p>\n<p><em><span style=\"font-family: 'comic sans ms', sans-serif; color: #000000;\">Senhor, obrigada por acreditares nas minhas possibilidades e por puxares por mim!<br \/>\nObrigada tamb\u00e9m porque, mesmo quando eu n\u00e3o correspondo \u00e0 tua expectativa, a tua miseric\u00f3rdia n\u00e3o me abandona, a tua alian\u00e7a de paz comigo n\u00e3o vacila!<br \/>\nQue neste tempo de Advento consigamos, juntos, alargar o espa\u00e7o da minha tenda!<br \/>\nObrigada!.<\/span><\/em><\/p>\n<p>[\/cmsms_text][cmsms_divider width=&#8221;long&#8221; height=&#8221;3&#8243; style=&#8221;solid&#8221; position=&#8221;center&#8221; color=&#8221;#d43c18&#8243; margin_top=&#8221;10&#8243; margin_bottom=&#8221;10&#8243; animation_delay=&#8221;0&#8243;][cmsms_heading type=&#8221;h2&#8243; font_weight=&#8221;bold&#8221; font_style=&#8221;normal&#8221; text_align=&#8221;left&#8221; color=&#8221;#d43c18&#8243; margin_top=&#8221;10&#8243; margin_bottom=&#8221;10&#8243; animation_delay=&#8221;0&#8243;]\u00c1udio para Reflex\u00e3o[\/cmsms_heading][cmsms_audios preload=&#8221;none&#8221; animation_delay=&#8221;0&#8243;][cmsms_audio]493|http:\/\/verbumdei.pt\/wp-content\/uploads\/2016\/12\/Audio-2016-12-15.mp3[\/cmsms_audio][\/cmsms_audios][cmsms_divider width=&#8221;long&#8221; height=&#8221;3&#8243; style=&#8221;solid&#8221; position=&#8221;center&#8221; color=&#8221;#d43c18&#8243; margin_top=&#8221;10&#8243; margin_bottom=&#8221;10&#8243; animation_delay=&#8221;0&#8243;][\/cmsms_column][\/cmsms_row]<\/p>\n","protected":false},"excerpt":{"rendered":"<p>Ora\u00e7\u00e3o inicial:<br \/>\nBom dia, Senhor!<br \/>\nQue bom que \u00e9 estarmos aqui! Que bom podermo-nos encontrar, tu a tu, cada dia! Eu falo, Tu escutas. Tu falas, eu escuto.<\/p>\n<p>Palavra de Deus:<br \/>\nE hoje falas-me atrav\u00e9s do Profeta Isa\u00edas, em Is 54, 1-10<br \/>\n\u00abAlegra-te, \u00f3 est\u00e9ril, que n\u00e3o tiveste filhos, solta brados de alegria e de j\u00fabilo, tu que n\u00e3o sentistes as dores da maternidade. Porque s\u00e3o mais numerosos os filhos da abandonada do que os filhos da esposa\u00bb, diz o Senhor.<br \/>\nAlarga o espa\u00e7o da tua tenda, sem olhar a despesas, estende sem medo as cortinas das tuas moradas; alonga as cordas, refor\u00e7a as estacas, porque vais expandir-te para a direita e para a esquerda: a tua descend\u00eancia conquistar\u00e1 as na\u00e7\u00f5es e povoar\u00e1 as cidades abandonadas. N\u00e3o temas, porque n\u00e3o ser\u00e1s confundida, n\u00e3o te envergonhes, porque n\u00e3o ser\u00e1s humilhada.<br \/>\n\u00abAinda que sejam abaladas as montanhas e vacilem as colinas, a minha miseric\u00f3rdia n\u00e3o te abandonar\u00e1, a minha alian\u00e7a de paz n\u00e3o vacilar\u00e1\u00bb, \u2013 diz o Senhor, compadecido de ti. <\/p>\n","protected":false},"author":7,"featured_media":0,"comment_status":"closed","ping_status":"closed","sticky":false,"template":"","format":"standard","meta":{"rop_custom_images_group":[],"rop_custom_messages_group":[],"rop_publish_now":"initial","rop_publish_now_accounts":[],"rop_publish_now_history":[],"rop_publish_now_status":"pending","neve_meta_sidebar":"","neve_meta_container":"","neve_meta_enable_content_width":"","neve_meta_content_width":0,"neve_meta_title_alignment":"","neve_meta_author_avatar":"","neve_post_elements_order":"","neve_meta_disable_header":"","neve_meta_disable_footer":"","neve_meta_disable_title":"","_themeisle_gutenberg_block_has_review":false,"_jetpack_memberships_contains_paid_content":false,"footnotes":""},"categories":[60],"tags":[],"class_list":["post-492","post","type-post","status-publish","format-standard","hentry","category-pistas-de-oracao"],"yoast_head":"<!-- This site is optimized with the Yoast SEO plugin v27.5 - https:\/\/yoast.com\/product\/yoast-seo-wordpress\/ -->\n<title>15 de Dezembro de 2016 - Verbum Dei Norte<\/title>\n<meta name=\"robots\" content=\"index, follow, max-snippet:-1, max-image-preview:large, max-video-preview:-1\" \/>\n<link rel=\"canonical\" href=\"https:\/\/verbumdei.org\/porto\/2016\/12\/15\/15-dezembro-2016\/\" \/>\n<meta property=\"og:locale\" content=\"pt_PT\" \/>\n<meta property=\"og:type\" content=\"article\" \/>\n<meta property=\"og:title\" content=\"15 de Dezembro de 2016 - Verbum Dei Norte\" \/>\n<meta property=\"og:description\" content=\"Ora\u00e7\u00e3o inicial: Bom dia, Senhor! Que bom que \u00e9 estarmos aqui! Que bom podermo-nos encontrar, tu a tu, cada dia! Eu falo, Tu escutas. Tu falas, eu escuto.  Palavra de Deus: E hoje falas-me atrav\u00e9s do Profeta Isa\u00edas, em Is 54, 1-10 \u00abAlegra-te, \u00f3 est\u00e9ril, que n\u00e3o tiveste filhos, solta brados de alegria e de j\u00fabilo, tu que n\u00e3o sentistes as dores da maternidade. Porque s\u00e3o mais numerosos os filhos da abandonada do que os filhos da esposa\u00bb, diz o Senhor. Alarga o espa\u00e7o da tua tenda, sem olhar a despesas, estende sem medo as cortinas das tuas moradas; alonga as cordas, refor\u00e7a as estacas, porque vais expandir-te para a direita e para a esquerda: a tua descend\u00eancia conquistar\u00e1 as na\u00e7\u00f5es e povoar\u00e1 as cidades abandonadas. N\u00e3o temas, porque n\u00e3o ser\u00e1s confundida, n\u00e3o te envergonhes, porque n\u00e3o ser\u00e1s humilhada. \u00abAinda que sejam abaladas as montanhas e vacilem as colinas, a minha miseric\u00f3rdia n\u00e3o te abandonar\u00e1, a minha alian\u00e7a de paz n\u00e3o vacilar\u00e1\u00bb, \u2013 diz o Senhor, compadecido de ti.\" \/>\n<meta property=\"og:url\" content=\"https:\/\/verbumdei.org\/porto\/2016\/12\/15\/15-dezembro-2016\/\" \/>\n<meta property=\"og:site_name\" content=\"Verbum Dei Norte\" \/>\n<meta property=\"article:publisher\" content=\"https:\/\/www.facebook.com\/vdportoaveiro\/\" \/>\n<meta property=\"article:published_time\" content=\"2016-12-15T09:45:57+00:00\" \/>\n<meta property=\"article:modified_time\" content=\"2016-12-15T09:52:49+00:00\" \/>\n<meta property=\"og:image\" content=\"http:\/\/verbumdei.pt\/wp-content\/uploads\/2016\/12\/Fe-150x150.jpg\" \/>\n<meta name=\"author\" content=\"Verbum Dei Porto\" \/>\n<meta name=\"twitter:card\" content=\"summary_large_image\" \/>\n<meta name=\"twitter:label1\" content=\"Escrito por\" \/>\n\t<meta name=\"twitter:data1\" content=\"Verbum Dei Porto\" \/>\n\t<meta name=\"twitter:label2\" content=\"Tempo estimado de leitura\" \/>\n\t<meta name=\"twitter:data2\" content=\"4 minutos\" \/>\n<script type=\"application\/ld+json\" class=\"yoast-schema-graph\">{\"@context\":\"https:\\\/\\\/schema.org\",\"@graph\":[{\"@type\":\"Article\",\"@id\":\"https:\\\/\\\/verbumdei.org\\\/porto\\\/2016\\\/12\\\/15\\\/15-dezembro-2016\\\/#article\",\"isPartOf\":{\"@id\":\"https:\\\/\\\/verbumdei.org\\\/porto\\\/2016\\\/12\\\/15\\\/15-dezembro-2016\\\/\"},\"author\":{\"name\":\"Verbum Dei Porto\",\"@id\":\"https:\\\/\\\/verbumdei.org\\\/porto\\\/#\\\/schema\\\/person\\\/96069deba805c81dbe7e17ffc893d04b\"},\"headline\":\"15 de Dezembro de 2016\",\"datePublished\":\"2016-12-15T09:45:57+00:00\",\"dateModified\":\"2016-12-15T09:52:49+00:00\",\"mainEntityOfPage\":{\"@id\":\"https:\\\/\\\/verbumdei.org\\\/porto\\\/2016\\\/12\\\/15\\\/15-dezembro-2016\\\/\"},\"wordCount\":724,\"publisher\":{\"@id\":\"https:\\\/\\\/verbumdei.org\\\/porto\\\/#organization\"},\"image\":{\"@id\":\"https:\\\/\\\/verbumdei.org\\\/porto\\\/2016\\\/12\\\/15\\\/15-dezembro-2016\\\/#primaryimage\"},\"thumbnailUrl\":\"http:\\\/\\\/verbumdei.pt\\\/wp-content\\\/uploads\\\/2016\\\/12\\\/Fe-150x150.jpg\",\"articleSection\":[\"Pistas de Ora\u00e7\u00e3o\"],\"inLanguage\":\"pt-PT\"},{\"@type\":\"WebPage\",\"@id\":\"https:\\\/\\\/verbumdei.org\\\/porto\\\/2016\\\/12\\\/15\\\/15-dezembro-2016\\\/\",\"url\":\"https:\\\/\\\/verbumdei.org\\\/porto\\\/2016\\\/12\\\/15\\\/15-dezembro-2016\\\/\",\"name\":\"15 de Dezembro de 2016 - Verbum Dei Norte\",\"isPartOf\":{\"@id\":\"https:\\\/\\\/verbumdei.org\\\/porto\\\/#website\"},\"primaryImageOfPage\":{\"@id\":\"https:\\\/\\\/verbumdei.org\\\/porto\\\/2016\\\/12\\\/15\\\/15-dezembro-2016\\\/#primaryimage\"},\"image\":{\"@id\":\"https:\\\/\\\/verbumdei.org\\\/porto\\\/2016\\\/12\\\/15\\\/15-dezembro-2016\\\/#primaryimage\"},\"thumbnailUrl\":\"http:\\\/\\\/verbumdei.pt\\\/wp-content\\\/uploads\\\/2016\\\/12\\\/Fe-150x150.jpg\",\"datePublished\":\"2016-12-15T09:45:57+00:00\",\"dateModified\":\"2016-12-15T09:52:49+00:00\",\"breadcrumb\":{\"@id\":\"https:\\\/\\\/verbumdei.org\\\/porto\\\/2016\\\/12\\\/15\\\/15-dezembro-2016\\\/#breadcrumb\"},\"inLanguage\":\"pt-PT\",\"potentialAction\":[{\"@type\":\"ReadAction\",\"target\":[\"https:\\\/\\\/verbumdei.org\\\/porto\\\/2016\\\/12\\\/15\\\/15-dezembro-2016\\\/\"]}]},{\"@type\":\"ImageObject\",\"inLanguage\":\"pt-PT\",\"@id\":\"https:\\\/\\\/verbumdei.org\\\/porto\\\/2016\\\/12\\\/15\\\/15-dezembro-2016\\\/#primaryimage\",\"url\":\"http:\\\/\\\/verbumdei.pt\\\/wp-content\\\/uploads\\\/2016\\\/12\\\/Fe-150x150.jpg\",\"contentUrl\":\"http:\\\/\\\/verbumdei.pt\\\/wp-content\\\/uploads\\\/2016\\\/12\\\/Fe-150x150.jpg\"},{\"@type\":\"BreadcrumbList\",\"@id\":\"https:\\\/\\\/verbumdei.org\\\/porto\\\/2016\\\/12\\\/15\\\/15-dezembro-2016\\\/#breadcrumb\",\"itemListElement\":[{\"@type\":\"ListItem\",\"position\":1,\"name\":\"In\u00edcio\",\"item\":\"https:\\\/\\\/verbumdei.org\\\/porto\\\/\"},{\"@type\":\"ListItem\",\"position\":2,\"name\":\"15 de Dezembro de 2016\"}]},{\"@type\":\"WebSite\",\"@id\":\"https:\\\/\\\/verbumdei.org\\\/porto\\\/#website\",\"url\":\"https:\\\/\\\/verbumdei.org\\\/porto\\\/\",\"name\":\"Verbum Dei Portugal Norte\",\"description\":\"Mission\u00e1rios Verbum Dei no Porto e Aveiro: ora\u00e7\u00e3o, retiro espiritual, forma\u00e7\u00e3o crist\u00e3 e evangeliza\u00e7\u00e3o\",\"publisher\":{\"@id\":\"https:\\\/\\\/verbumdei.org\\\/porto\\\/#organization\"},\"potentialAction\":[{\"@type\":\"SearchAction\",\"target\":{\"@type\":\"EntryPoint\",\"urlTemplate\":\"https:\\\/\\\/verbumdei.org\\\/porto\\\/?s={search_term_string}\"},\"query-input\":{\"@type\":\"PropertyValueSpecification\",\"valueRequired\":true,\"valueName\":\"search_term_string\"}}],\"inLanguage\":\"pt-PT\"},{\"@type\":\"Organization\",\"@id\":\"https:\\\/\\\/verbumdei.org\\\/porto\\\/#organization\",\"name\":\"Verbum Dei Portugal Norte\",\"url\":\"https:\\\/\\\/verbumdei.org\\\/porto\\\/\",\"logo\":{\"@type\":\"ImageObject\",\"inLanguage\":\"pt-PT\",\"@id\":\"https:\\\/\\\/verbumdei.org\\\/porto\\\/#\\\/schema\\\/logo\\\/image\\\/\",\"url\":\"https:\\\/\\\/verbumdei.org\\\/porto\\\/wp-content\\\/uploads\\\/2018\\\/07\\\/Logo2.jpg\",\"contentUrl\":\"https:\\\/\\\/verbumdei.org\\\/porto\\\/wp-content\\\/uploads\\\/2018\\\/07\\\/Logo2.jpg\",\"width\":123,\"height\":120,\"caption\":\"Verbum Dei Portugal Norte\"},\"image\":{\"@id\":\"https:\\\/\\\/verbumdei.org\\\/porto\\\/#\\\/schema\\\/logo\\\/image\\\/\"},\"sameAs\":[\"https:\\\/\\\/www.facebook.com\\\/vdportoaveiro\\\/\",\"https:\\\/\\\/instagram.com\\\/verbumdei.portugal.norte\\\/\"]},{\"@type\":\"Person\",\"@id\":\"https:\\\/\\\/verbumdei.org\\\/porto\\\/#\\\/schema\\\/person\\\/96069deba805c81dbe7e17ffc893d04b\",\"name\":\"Verbum Dei Porto\",\"url\":\"https:\\\/\\\/verbumdei.org\\\/porto\\\/author\\\/vdportod\\\/\"}]}<\/script>\n<!-- \/ Yoast SEO plugin. -->","yoast_head_json":{"title":"15 de Dezembro de 2016 - Verbum Dei Norte","robots":{"index":"index","follow":"follow","max-snippet":"max-snippet:-1","max-image-preview":"max-image-preview:large","max-video-preview":"max-video-preview:-1"},"canonical":"https:\/\/verbumdei.org\/porto\/2016\/12\/15\/15-dezembro-2016\/","og_locale":"pt_PT","og_type":"article","og_title":"15 de Dezembro de 2016 - Verbum Dei Norte","og_description":"Ora\u00e7\u00e3o inicial: Bom dia, Senhor! Que bom que \u00e9 estarmos aqui! Que bom podermo-nos encontrar, tu a tu, cada dia! Eu falo, Tu escutas. Tu falas, eu escuto.  Palavra de Deus: E hoje falas-me atrav\u00e9s do Profeta Isa\u00edas, em Is 54, 1-10 \u00abAlegra-te, \u00f3 est\u00e9ril, que n\u00e3o tiveste filhos, solta brados de alegria e de j\u00fabilo, tu que n\u00e3o sentistes as dores da maternidade. Porque s\u00e3o mais numerosos os filhos da abandonada do que os filhos da esposa\u00bb, diz o Senhor. Alarga o espa\u00e7o da tua tenda, sem olhar a despesas, estende sem medo as cortinas das tuas moradas; alonga as cordas, refor\u00e7a as estacas, porque vais expandir-te para a direita e para a esquerda: a tua descend\u00eancia conquistar\u00e1 as na\u00e7\u00f5es e povoar\u00e1 as cidades abandonadas. N\u00e3o temas, porque n\u00e3o ser\u00e1s confundida, n\u00e3o te envergonhes, porque n\u00e3o ser\u00e1s humilhada. \u00abAinda que sejam abaladas as montanhas e vacilem as colinas, a minha miseric\u00f3rdia n\u00e3o te abandonar\u00e1, a minha alian\u00e7a de paz n\u00e3o vacilar\u00e1\u00bb, \u2013 diz o Senhor, compadecido de ti.","og_url":"https:\/\/verbumdei.org\/porto\/2016\/12\/15\/15-dezembro-2016\/","og_site_name":"Verbum Dei Norte","article_publisher":"https:\/\/www.facebook.com\/vdportoaveiro\/","article_published_time":"2016-12-15T09:45:57+00:00","article_modified_time":"2016-12-15T09:52:49+00:00","og_image":[{"url":"http:\/\/verbumdei.pt\/wp-content\/uploads\/2016\/12\/Fe-150x150.jpg","type":"","width":"","height":""}],"author":"Verbum Dei Porto","twitter_card":"summary_large_image","twitter_misc":{"Escrito por":"Verbum Dei Porto","Tempo estimado de leitura":"4 minutos"},"schema":{"@context":"https:\/\/schema.org","@graph":[{"@type":"Article","@id":"https:\/\/verbumdei.org\/porto\/2016\/12\/15\/15-dezembro-2016\/#article","isPartOf":{"@id":"https:\/\/verbumdei.org\/porto\/2016\/12\/15\/15-dezembro-2016\/"},"author":{"name":"Verbum Dei Porto","@id":"https:\/\/verbumdei.org\/porto\/#\/schema\/person\/96069deba805c81dbe7e17ffc893d04b"},"headline":"15 de Dezembro de 2016","datePublished":"2016-12-15T09:45:57+00:00","dateModified":"2016-12-15T09:52:49+00:00","mainEntityOfPage":{"@id":"https:\/\/verbumdei.org\/porto\/2016\/12\/15\/15-dezembro-2016\/"},"wordCount":724,"publisher":{"@id":"https:\/\/verbumdei.org\/porto\/#organization"},"image":{"@id":"https:\/\/verbumdei.org\/porto\/2016\/12\/15\/15-dezembro-2016\/#primaryimage"},"thumbnailUrl":"http:\/\/verbumdei.pt\/wp-content\/uploads\/2016\/12\/Fe-150x150.jpg","articleSection":["Pistas de Ora\u00e7\u00e3o"],"inLanguage":"pt-PT"},{"@type":"WebPage","@id":"https:\/\/verbumdei.org\/porto\/2016\/12\/15\/15-dezembro-2016\/","url":"https:\/\/verbumdei.org\/porto\/2016\/12\/15\/15-dezembro-2016\/","name":"15 de Dezembro de 2016 - Verbum Dei Norte","isPartOf":{"@id":"https:\/\/verbumdei.org\/porto\/#website"},"primaryImageOfPage":{"@id":"https:\/\/verbumdei.org\/porto\/2016\/12\/15\/15-dezembro-2016\/#primaryimage"},"image":{"@id":"https:\/\/verbumdei.org\/porto\/2016\/12\/15\/15-dezembro-2016\/#primaryimage"},"thumbnailUrl":"http:\/\/verbumdei.pt\/wp-content\/uploads\/2016\/12\/Fe-150x150.jpg","datePublished":"2016-12-15T09:45:57+00:00","dateModified":"2016-12-15T09:52:49+00:00","breadcrumb":{"@id":"https:\/\/verbumdei.org\/porto\/2016\/12\/15\/15-dezembro-2016\/#breadcrumb"},"inLanguage":"pt-PT","potentialAction":[{"@type":"ReadAction","target":["https:\/\/verbumdei.org\/porto\/2016\/12\/15\/15-dezembro-2016\/"]}]},{"@type":"ImageObject","inLanguage":"pt-PT","@id":"https:\/\/verbumdei.org\/porto\/2016\/12\/15\/15-dezembro-2016\/#primaryimage","url":"http:\/\/verbumdei.pt\/wp-content\/uploads\/2016\/12\/Fe-150x150.jpg","contentUrl":"http:\/\/verbumdei.pt\/wp-content\/uploads\/2016\/12\/Fe-150x150.jpg"},{"@type":"BreadcrumbList","@id":"https:\/\/verbumdei.org\/porto\/2016\/12\/15\/15-dezembro-2016\/#breadcrumb","itemListElement":[{"@type":"ListItem","position":1,"name":"In\u00edcio","item":"https:\/\/verbumdei.org\/porto\/"},{"@type":"ListItem","position":2,"name":"15 de Dezembro de 2016"}]},{"@type":"WebSite","@id":"https:\/\/verbumdei.org\/porto\/#website","url":"https:\/\/verbumdei.org\/porto\/","name":"Verbum Dei Portugal Norte","description":"Mission\u00e1rios Verbum Dei no Porto e Aveiro: ora\u00e7\u00e3o, retiro espiritual, forma\u00e7\u00e3o crist\u00e3 e evangeliza\u00e7\u00e3o","publisher":{"@id":"https:\/\/verbumdei.org\/porto\/#organization"},"potentialAction":[{"@type":"SearchAction","target":{"@type":"EntryPoint","urlTemplate":"https:\/\/verbumdei.org\/porto\/?s={search_term_string}"},"query-input":{"@type":"PropertyValueSpecification","valueRequired":true,"valueName":"search_term_string"}}],"inLanguage":"pt-PT"},{"@type":"Organization","@id":"https:\/\/verbumdei.org\/porto\/#organization","name":"Verbum Dei Portugal Norte","url":"https:\/\/verbumdei.org\/porto\/","logo":{"@type":"ImageObject","inLanguage":"pt-PT","@id":"https:\/\/verbumdei.org\/porto\/#\/schema\/logo\/image\/","url":"https:\/\/verbumdei.org\/porto\/wp-content\/uploads\/2018\/07\/Logo2.jpg","contentUrl":"https:\/\/verbumdei.org\/porto\/wp-content\/uploads\/2018\/07\/Logo2.jpg","width":123,"height":120,"caption":"Verbum Dei Portugal Norte"},"image":{"@id":"https:\/\/verbumdei.org\/porto\/#\/schema\/logo\/image\/"},"sameAs":["https:\/\/www.facebook.com\/vdportoaveiro\/","https:\/\/instagram.com\/verbumdei.portugal.norte\/"]},{"@type":"Person","@id":"https:\/\/verbumdei.org\/porto\/#\/schema\/person\/96069deba805c81dbe7e17ffc893d04b","name":"Verbum Dei Porto","url":"https:\/\/verbumdei.org\/porto\/author\/vdportod\/"}]}},"jetpack_featured_media_url":"","jetpack_sharing_enabled":true,"_links":{"self":[{"href":"https:\/\/verbumdei.org\/porto\/wp-json\/wp\/v2\/posts\/492","targetHints":{"allow":["GET"]}}],"collection":[{"href":"https:\/\/verbumdei.org\/porto\/wp-json\/wp\/v2\/posts"}],"about":[{"href":"https:\/\/verbumdei.org\/porto\/wp-json\/wp\/v2\/types\/post"}],"author":[{"embeddable":true,"href":"https:\/\/verbumdei.org\/porto\/wp-json\/wp\/v2\/users\/7"}],"replies":[{"embeddable":true,"href":"https:\/\/verbumdei.org\/porto\/wp-json\/wp\/v2\/comments?post=492"}],"version-history":[{"count":2,"href":"https:\/\/verbumdei.org\/porto\/wp-json\/wp\/v2\/posts\/492\/revisions"}],"predecessor-version":[{"id":495,"href":"https:\/\/verbumdei.org\/porto\/wp-json\/wp\/v2\/posts\/492\/revisions\/495"}],"wp:attachment":[{"href":"https:\/\/verbumdei.org\/porto\/wp-json\/wp\/v2\/media?parent=492"}],"wp:term":[{"taxonomy":"category","embeddable":true,"href":"https:\/\/verbumdei.org\/porto\/wp-json\/wp\/v2\/categories?post=492"},{"taxonomy":"post_tag","embeddable":true,"href":"https:\/\/verbumdei.org\/porto\/wp-json\/wp\/v2\/tags?post=492"}],"curies":[{"name":"wp","href":"https:\/\/api.w.org\/{rel}","templated":true}]}}