{"id":474,"date":"2016-12-13T08:42:46","date_gmt":"2016-12-13T08:42:46","guid":{"rendered":"http:\/\/verbumdei.pt\/?p=474"},"modified":"2016-12-14T15:10:07","modified_gmt":"2016-12-14T15:10:07","slug":"13-dezembro-2016","status":"publish","type":"post","link":"https:\/\/verbumdei.org\/porto\/2016\/12\/13\/13-dezembro-2016\/","title":{"rendered":"13 de Dezembro de 2016"},"content":{"rendered":"<p>[cmsms_row data_padding_bottom=&#8221;50&#8243; data_padding_top=&#8221;0&#8243; data_bg_parallax_ratio=&#8221;0.5&#8243; data_bg_size=&#8221;cover&#8221; data_bg_attachment=&#8221;scroll&#8221; data_bg_repeat=&#8221;no-repeat&#8221; data_bg_position=&#8221;top center&#8221; data_color=&#8221;default&#8221; data_padding_right=&#8221;3&#8243; data_padding_left=&#8221;3&#8243; data_width=&#8221;boxed&#8221;][cmsms_column data_width=&#8221;1\/1&#8243;][cmsms_divider width=&#8221;long&#8221; height=&#8221;3&#8243; style=&#8221;solid&#8221; position=&#8221;center&#8221; color=&#8221;#d43c18&#8243; margin_top=&#8221;10&#8243; margin_bottom=&#8221;10&#8243; animation_delay=&#8221;0&#8243;][cmsms_text animation_delay=&#8221;0&#8243;]<\/p>\n<p><strong><img decoding=\"async\" class=\" wp-image-306 alignleft\" src=\"http:\/\/verbumdei.pt\/wp-content\/uploads\/2016\/12\/Fe-150x150.jpg\" alt=\"\" width=\"93\" height=\"93\" srcset=\"https:\/\/verbumdei.org\/porto\/wp-content\/uploads\/2016\/12\/Fe-150x150.jpg 150w, https:\/\/verbumdei.org\/porto\/wp-content\/uploads\/2016\/12\/Fe-55x55.jpg 55w, https:\/\/verbumdei.org\/porto\/wp-content\/uploads\/2016\/12\/Fe-300x300.jpg 300w\" sizes=\"(max-width: 93px) 100vw, 93px\" \/><\/strong><\/p>\n<p><em><strong><span style=\"font-family: 'comic sans ms', sans-serif; color: #d43c18;\">Ora\u00e7\u00e3o inicial:<\/span><\/strong><\/em><\/p>\n<p><em><span style=\"font-family: 'comic sans ms', sans-serif; color: #000000;\">Ol\u00e1, Senhor, o Advento j\u00e1 c\u00e1 est\u00e1 em pleno. N\u00e3o quero deixar esta oportunidade t\u00e3o grande que me das de estar \u00e0 tua espera. Sei que est\u00e1s tantas vezes onde estou mas n\u00e3o te procuro nem estou \u00e0 tua espera. Por isso hoje, faz-me procurar-te activamente, faz-me estar \u00e0 tua espera!<\/span><\/em><\/p>\n<p><em><strong><span style=\"font-family: 'comic sans ms', sans-serif; color: #d43c18;\">Palavra de Deus:<\/span><\/strong><\/em><\/p>\n<p><em><span style=\"font-family: 'comic sans ms', sans-serif; color: #000000;\">E fico \u00e0 tua espera na passagem de Mt 21, 28-32:<br \/>\nNaquele tempo, disse Jesus aos pr\u00edncipes dos sacerdotes e aos anci\u00e3os do povo: \u00abQue vos parece? Um homem tinha dois filhos. Foi ter com o primeiro e disse-lhe: \u2018Filho, vai hoje trabalhar na vinha\u2019. Mas ele respondeu-lhe: \u2018N\u00e3o quero\u2019. Depois, por\u00e9m, arrependeu-se e foi. O homem dirigiu-se ao segundo filho e falou-lhe do mesmo modo. Ele respondeu: \u2018Eu vou, Senhor\u2019. Mas de facto n\u00e3o foi. Qual dos dois fez a vontade ao pai?\u00bb Eles responderam-Lhe: \u00abO primeiro\u00bb. Jesus disse-lhes: \u00abEm verdade vos digo: Os publicanos e as mulheres de m\u00e1 vida ir\u00e3o diante de v\u00f3s para o reino de Deus. Jo\u00e3o Baptista veio at\u00e9 v\u00f3s, ensinando-vos o caminho da justi\u00e7a, e n\u00e3o acreditastes nele; mas os publicanos e as mulheres de m\u00e1 vida acreditaram. E v\u00f3s, que bem o vistes, n\u00e3o vos arrependestes, acreditando nele\u00bb.<\/span><\/em><\/p>\n<p><em><span style=\"font-family: 'comic sans ms', sans-serif; color: #d43c18;\"><strong>Pistas:<\/strong><\/span><\/em><\/p>\n<p><span style=\"font-family: 'comic sans ms', sans-serif; color: #000000;\">Em pleno Advento e a caminho do Natal que me queres dizer com est\u00e1 leitura. Parece-me f\u00e1cil e clara.<br \/>\nDois irm\u00e3os que respondem ao pai ao contrario daquilo que afinal acabam por fazer. Isto, Senhor, faz-me pensar nas v\u00e1rias culturas por onde j\u00e1 passei. Nalgumas o mais importante \u00e9 dizer aquilo que os outros querem ouvir e assim n\u00e3o arranjar problemas. Noutras o mais importante \u00e9 fazer realmente aquilo que se disse, de modo que aquilo que se diz compromete! Noutras o mais importante \u00e9 fazer, sendo que o se diz nem sempre tem tanta import\u00e2ncia!<\/span><\/p>\n<p><span style=\"font-family: 'comic sans ms', sans-serif; color: #000000;\">E para ti, Senhor, qual \u00e9 a cultura que me convidas viver? O dizer? O fazer? O dizer e fazer em conson\u00e2ncia?<br \/>\nSer\u00e1 que eu fa\u00e7o o que digo? Falo para ficar bem? Ou digo realmente aquilo que vou fazer?<\/span><\/p>\n<p><span style=\"font-family: 'comic sans ms', sans-serif; color: #000000;\">Parecem perguntas f\u00e1ceis e sem muita import\u00e2ncia mas realmente tem muito que se lhe diga \u00e9 muito que se lhe fa\u00e7a.<\/span><\/p>\n<p><span style=\"font-family: 'comic sans ms', sans-serif; color: #000000;\">No fundo aquilo que nos est\u00e1s a dizer \u00e9 que ainda que nem sempre fa\u00e7amos o que nos dizes, ou nem sempre digamos a verdade \u2013 o convite \u00e9 ao arrependimento verdadeiro. \u00c9 n\u00e3o fechar os ouvidos nem atar os nossos passos, mas seguir o teu convite a seguir pelos teus caminhos!<\/span><\/p>\n<p><span style=\"font-family: 'comic sans ms', sans-serif; color: #000000;\">Sim o convite hoje \u00e9 ao arrependimento! Na tua cultura h\u00e1 sempre espa\u00e7o para o arrependimento \u00e9 isso \u00e9 o mais importante! Porque tu sabes que nem sempre somos coerentes no que fazemos e dizemos. Tu sabes que n\u00e3o nos \u00e9 f\u00e1cil ser como tu o filho que diz ao Pai, \u2018Eu vou\u2019 e vai!<\/span><\/p>\n<p><span style=\"font-family: 'comic sans ms', sans-serif; color: #000000;\">Por isso, ajuda-me a perceber que o arrependimento \u00e9 sempre poss\u00edvel. N\u00e3o deixes que eu teimosamente fique agarrada aos meus falsos n\u00e3os e sins trai\u00e7oeiros!<\/span><\/p>\n<p><em><strong><span style=\"font-family: 'comic sans ms', sans-serif; color: #d43c18;\">Ora\u00e7\u00e3o final:<\/span><\/strong><\/em><\/p>\n<p><em><span style=\"font-family: 'comic sans ms', sans-serif; color: #000000;\">Senhor Deus, faz com que dia-a-dia cres\u00e7a em mim o amor e a admira\u00e7\u00e3o por este homem que \u00e9 Jesus. Bom seria viver na certeza de que Ele est\u00e1 sempre connosco. Que eu n\u00e3o me feche como aqueles que n\u00e3o quiseram acreditar em Jesus.<\/span><\/em><\/p>\n<p>[\/cmsms_text][cmsms_divider width=&#8221;long&#8221; height=&#8221;3&#8243; style=&#8221;solid&#8221; position=&#8221;center&#8221; color=&#8221;#d43c18&#8243; margin_top=&#8221;10&#8243; margin_bottom=&#8221;10&#8243; animation_delay=&#8221;0&#8243;][cmsms_heading type=&#8221;h2&#8243; font_weight=&#8221;bold&#8221; font_style=&#8221;normal&#8221; text_align=&#8221;left&#8221; color=&#8221;#d43c18&#8243; margin_top=&#8221;10&#8243; margin_bottom=&#8221;10&#8243; animation_delay=&#8221;0&#8243;]\u00c1udio para Reflex\u00e3o[\/cmsms_heading][cmsms_audios preload=&#8221;none&#8221; animation_delay=&#8221;0&#8243;][cmsms_audio]475|http:\/\/verbumdei.pt\/wp-content\/uploads\/2016\/12\/Audio-2016-12-13.mp3[\/cmsms_audio][\/cmsms_audios][cmsms_divider width=&#8221;long&#8221; height=&#8221;3&#8243; style=&#8221;solid&#8221; position=&#8221;center&#8221; color=&#8221;#d43c18&#8243; margin_top=&#8221;10&#8243; margin_bottom=&#8221;10&#8243; animation_delay=&#8221;0&#8243;][\/cmsms_column][\/cmsms_row]<\/p>\n","protected":false},"excerpt":{"rendered":"<p>Ora\u00e7\u00e3o inicial:<\/p>\n<p>Ol\u00e1, Senhor, o Advento j\u00e1 c\u00e1 est\u00e1 em pleno. N\u00e3o quero deixar esta oportunidade t\u00e3o grande que me das de estar \u00e0 tua espera. Sei que est\u00e1s tantas vezes onde estou mas n\u00e3o te procuro nem estou \u00e0 tua espera. Por isso hoje, faz-me procurar-te activamente, faz-me estar \u00e0 tua espera!<\/p>\n<p>Palavra de Deus:<\/p>\n<p>E fico \u00e0 tua espera na passagem de Mt 21, 28-32:<br \/>\nNaquele tempo, disse Jesus aos pr\u00edncipes dos sacerdotes e aos anci\u00e3os do povo: \u00abQue vos parece? Um homem tinha dois filhos. Foi ter com o primeiro e disse-lhe: \u2018Filho, vai hoje trabalhar na vinha\u2019. Mas ele respondeu-lhe: \u2018N\u00e3o quero\u2019. Depois, por\u00e9m, arrependeu-se e foi. O homem dirigiu-se ao segundo filho e falou-lhe do mesmo modo. Ele respondeu: \u2018Eu vou, Senhor\u2019. Mas de facto n\u00e3o foi. Qual dos dois fez a vontade ao pai?\u00bb Eles responderam-Lhe: \u00abO primeiro\u00bb. Jesus disse-lhes: \u00abEm verdade vos digo: Os publicanos e as mulheres de m\u00e1 vida ir\u00e3o diante de v\u00f3s para o reino de Deus. Jo\u00e3o Baptista veio at\u00e9 v\u00f3s, ensinando-vos o caminho da justi\u00e7a, e n\u00e3o acreditastes nele; mas os publicanos e as mulheres de m\u00e1 vida acreditaram. E v\u00f3s, que bem o vistes, n\u00e3o vos arrependestes, acreditando nele\u00bb.<\/p>\n","protected":false},"author":7,"featured_media":0,"comment_status":"closed","ping_status":"closed","sticky":false,"template":"","format":"standard","meta":{"rop_custom_images_group":[],"rop_custom_messages_group":[],"rop_publish_now":"initial","rop_publish_now_accounts":[],"rop_publish_now_history":[],"rop_publish_now_status":"pending","neve_meta_sidebar":"","neve_meta_container":"","neve_meta_enable_content_width":"","neve_meta_content_width":0,"neve_meta_title_alignment":"","neve_meta_author_avatar":"","neve_post_elements_order":"","neve_meta_disable_header":"","neve_meta_disable_footer":"","neve_meta_disable_title":"","_themeisle_gutenberg_block_has_review":false,"_jetpack_memberships_contains_paid_content":false,"footnotes":""},"categories":[60],"tags":[],"class_list":["post-474","post","type-post","status-publish","format-standard","hentry","category-pistas-de-oracao"],"yoast_head":"<!-- This site is optimized with the Yoast SEO plugin v27.5 - https:\/\/yoast.com\/product\/yoast-seo-wordpress\/ -->\n<title>13 de Dezembro de 2016 - Verbum Dei Norte<\/title>\n<meta name=\"robots\" content=\"index, follow, max-snippet:-1, max-image-preview:large, max-video-preview:-1\" \/>\n<link rel=\"canonical\" href=\"https:\/\/verbumdei.org\/porto\/2016\/12\/13\/13-dezembro-2016\/\" \/>\n<meta property=\"og:locale\" content=\"pt_PT\" \/>\n<meta property=\"og:type\" content=\"article\" \/>\n<meta property=\"og:title\" content=\"13 de Dezembro de 2016 - Verbum Dei Norte\" \/>\n<meta property=\"og:description\" content=\"Ora\u00e7\u00e3o inicial:  Ol\u00e1, Senhor, o Advento j\u00e1 c\u00e1 est\u00e1 em pleno. N\u00e3o quero deixar esta oportunidade t\u00e3o grande que me das de estar \u00e0 tua espera. Sei que est\u00e1s tantas vezes onde estou mas n\u00e3o te procuro nem estou \u00e0 tua espera. Por isso hoje, faz-me procurar-te activamente, faz-me estar \u00e0 tua espera!  Palavra de Deus:  E fico \u00e0 tua espera na passagem de Mt 21, 28-32: Naquele tempo, disse Jesus aos pr\u00edncipes dos sacerdotes e aos anci\u00e3os do povo: \u00abQue vos parece? Um homem tinha dois filhos. Foi ter com o primeiro e disse-lhe: \u2018Filho, vai hoje trabalhar na vinha\u2019. Mas ele respondeu-lhe: \u2018N\u00e3o quero\u2019. Depois, por\u00e9m, arrependeu-se e foi. O homem dirigiu-se ao segundo filho e falou-lhe do mesmo modo. Ele respondeu: \u2018Eu vou, Senhor\u2019. Mas de facto n\u00e3o foi. Qual dos dois fez a vontade ao pai?\u00bb Eles responderam-Lhe: \u00abO primeiro\u00bb. Jesus disse-lhes: \u00abEm verdade vos digo: Os publicanos e as mulheres de m\u00e1 vida ir\u00e3o diante de v\u00f3s para o reino de Deus. Jo\u00e3o Baptista veio at\u00e9 v\u00f3s, ensinando-vos o caminho da justi\u00e7a, e n\u00e3o acreditastes nele; mas os publicanos e as mulheres de m\u00e1 vida acreditaram. E v\u00f3s, que bem o vistes, n\u00e3o vos arrependestes, acreditando nele\u00bb.\" \/>\n<meta property=\"og:url\" content=\"https:\/\/verbumdei.org\/porto\/2016\/12\/13\/13-dezembro-2016\/\" \/>\n<meta property=\"og:site_name\" content=\"Verbum Dei Norte\" \/>\n<meta property=\"article:publisher\" content=\"https:\/\/www.facebook.com\/vdportoaveiro\/\" \/>\n<meta property=\"article:published_time\" content=\"2016-12-13T08:42:46+00:00\" \/>\n<meta property=\"article:modified_time\" content=\"2016-12-14T15:10:07+00:00\" \/>\n<meta property=\"og:image\" content=\"http:\/\/verbumdei.pt\/wp-content\/uploads\/2016\/12\/Fe-150x150.jpg\" \/>\n<meta name=\"author\" content=\"Verbum Dei Porto\" \/>\n<meta name=\"twitter:card\" content=\"summary_large_image\" \/>\n<meta name=\"twitter:label1\" content=\"Escrito por\" \/>\n\t<meta name=\"twitter:data1\" content=\"Verbum Dei Porto\" \/>\n\t<meta name=\"twitter:label2\" content=\"Tempo estimado de leitura\" \/>\n\t<meta name=\"twitter:data2\" content=\"4 minutos\" \/>\n<script type=\"application\/ld+json\" class=\"yoast-schema-graph\">{\"@context\":\"https:\\\/\\\/schema.org\",\"@graph\":[{\"@type\":\"Article\",\"@id\":\"https:\\\/\\\/verbumdei.org\\\/porto\\\/2016\\\/12\\\/13\\\/13-dezembro-2016\\\/#article\",\"isPartOf\":{\"@id\":\"https:\\\/\\\/verbumdei.org\\\/porto\\\/2016\\\/12\\\/13\\\/13-dezembro-2016\\\/\"},\"author\":{\"name\":\"Verbum Dei Porto\",\"@id\":\"https:\\\/\\\/verbumdei.org\\\/porto\\\/#\\\/schema\\\/person\\\/96069deba805c81dbe7e17ffc893d04b\"},\"headline\":\"13 de Dezembro de 2016\",\"datePublished\":\"2016-12-13T08:42:46+00:00\",\"dateModified\":\"2016-12-14T15:10:07+00:00\",\"mainEntityOfPage\":{\"@id\":\"https:\\\/\\\/verbumdei.org\\\/porto\\\/2016\\\/12\\\/13\\\/13-dezembro-2016\\\/\"},\"wordCount\":722,\"publisher\":{\"@id\":\"https:\\\/\\\/verbumdei.org\\\/porto\\\/#organization\"},\"image\":{\"@id\":\"https:\\\/\\\/verbumdei.org\\\/porto\\\/2016\\\/12\\\/13\\\/13-dezembro-2016\\\/#primaryimage\"},\"thumbnailUrl\":\"http:\\\/\\\/verbumdei.pt\\\/wp-content\\\/uploads\\\/2016\\\/12\\\/Fe-150x150.jpg\",\"articleSection\":[\"Pistas de Ora\u00e7\u00e3o\"],\"inLanguage\":\"pt-PT\"},{\"@type\":\"WebPage\",\"@id\":\"https:\\\/\\\/verbumdei.org\\\/porto\\\/2016\\\/12\\\/13\\\/13-dezembro-2016\\\/\",\"url\":\"https:\\\/\\\/verbumdei.org\\\/porto\\\/2016\\\/12\\\/13\\\/13-dezembro-2016\\\/\",\"name\":\"13 de Dezembro de 2016 - Verbum Dei Norte\",\"isPartOf\":{\"@id\":\"https:\\\/\\\/verbumdei.org\\\/porto\\\/#website\"},\"primaryImageOfPage\":{\"@id\":\"https:\\\/\\\/verbumdei.org\\\/porto\\\/2016\\\/12\\\/13\\\/13-dezembro-2016\\\/#primaryimage\"},\"image\":{\"@id\":\"https:\\\/\\\/verbumdei.org\\\/porto\\\/2016\\\/12\\\/13\\\/13-dezembro-2016\\\/#primaryimage\"},\"thumbnailUrl\":\"http:\\\/\\\/verbumdei.pt\\\/wp-content\\\/uploads\\\/2016\\\/12\\\/Fe-150x150.jpg\",\"datePublished\":\"2016-12-13T08:42:46+00:00\",\"dateModified\":\"2016-12-14T15:10:07+00:00\",\"breadcrumb\":{\"@id\":\"https:\\\/\\\/verbumdei.org\\\/porto\\\/2016\\\/12\\\/13\\\/13-dezembro-2016\\\/#breadcrumb\"},\"inLanguage\":\"pt-PT\",\"potentialAction\":[{\"@type\":\"ReadAction\",\"target\":[\"https:\\\/\\\/verbumdei.org\\\/porto\\\/2016\\\/12\\\/13\\\/13-dezembro-2016\\\/\"]}]},{\"@type\":\"ImageObject\",\"inLanguage\":\"pt-PT\",\"@id\":\"https:\\\/\\\/verbumdei.org\\\/porto\\\/2016\\\/12\\\/13\\\/13-dezembro-2016\\\/#primaryimage\",\"url\":\"http:\\\/\\\/verbumdei.pt\\\/wp-content\\\/uploads\\\/2016\\\/12\\\/Fe-150x150.jpg\",\"contentUrl\":\"http:\\\/\\\/verbumdei.pt\\\/wp-content\\\/uploads\\\/2016\\\/12\\\/Fe-150x150.jpg\"},{\"@type\":\"BreadcrumbList\",\"@id\":\"https:\\\/\\\/verbumdei.org\\\/porto\\\/2016\\\/12\\\/13\\\/13-dezembro-2016\\\/#breadcrumb\",\"itemListElement\":[{\"@type\":\"ListItem\",\"position\":1,\"name\":\"In\u00edcio\",\"item\":\"https:\\\/\\\/verbumdei.org\\\/porto\\\/\"},{\"@type\":\"ListItem\",\"position\":2,\"name\":\"13 de Dezembro de 2016\"}]},{\"@type\":\"WebSite\",\"@id\":\"https:\\\/\\\/verbumdei.org\\\/porto\\\/#website\",\"url\":\"https:\\\/\\\/verbumdei.org\\\/porto\\\/\",\"name\":\"Verbum Dei Portugal Norte\",\"description\":\"Mission\u00e1rios Verbum Dei no Porto e Aveiro: ora\u00e7\u00e3o, retiro espiritual, forma\u00e7\u00e3o crist\u00e3 e evangeliza\u00e7\u00e3o\",\"publisher\":{\"@id\":\"https:\\\/\\\/verbumdei.org\\\/porto\\\/#organization\"},\"potentialAction\":[{\"@type\":\"SearchAction\",\"target\":{\"@type\":\"EntryPoint\",\"urlTemplate\":\"https:\\\/\\\/verbumdei.org\\\/porto\\\/?s={search_term_string}\"},\"query-input\":{\"@type\":\"PropertyValueSpecification\",\"valueRequired\":true,\"valueName\":\"search_term_string\"}}],\"inLanguage\":\"pt-PT\"},{\"@type\":\"Organization\",\"@id\":\"https:\\\/\\\/verbumdei.org\\\/porto\\\/#organization\",\"name\":\"Verbum Dei Portugal Norte\",\"url\":\"https:\\\/\\\/verbumdei.org\\\/porto\\\/\",\"logo\":{\"@type\":\"ImageObject\",\"inLanguage\":\"pt-PT\",\"@id\":\"https:\\\/\\\/verbumdei.org\\\/porto\\\/#\\\/schema\\\/logo\\\/image\\\/\",\"url\":\"https:\\\/\\\/verbumdei.org\\\/porto\\\/wp-content\\\/uploads\\\/2018\\\/07\\\/Logo2.jpg\",\"contentUrl\":\"https:\\\/\\\/verbumdei.org\\\/porto\\\/wp-content\\\/uploads\\\/2018\\\/07\\\/Logo2.jpg\",\"width\":123,\"height\":120,\"caption\":\"Verbum Dei Portugal Norte\"},\"image\":{\"@id\":\"https:\\\/\\\/verbumdei.org\\\/porto\\\/#\\\/schema\\\/logo\\\/image\\\/\"},\"sameAs\":[\"https:\\\/\\\/www.facebook.com\\\/vdportoaveiro\\\/\",\"https:\\\/\\\/instagram.com\\\/verbumdei.portugal.norte\\\/\"]},{\"@type\":\"Person\",\"@id\":\"https:\\\/\\\/verbumdei.org\\\/porto\\\/#\\\/schema\\\/person\\\/96069deba805c81dbe7e17ffc893d04b\",\"name\":\"Verbum Dei Porto\",\"url\":\"https:\\\/\\\/verbumdei.org\\\/porto\\\/author\\\/vdportod\\\/\"}]}<\/script>\n<!-- \/ Yoast SEO plugin. -->","yoast_head_json":{"title":"13 de Dezembro de 2016 - Verbum Dei Norte","robots":{"index":"index","follow":"follow","max-snippet":"max-snippet:-1","max-image-preview":"max-image-preview:large","max-video-preview":"max-video-preview:-1"},"canonical":"https:\/\/verbumdei.org\/porto\/2016\/12\/13\/13-dezembro-2016\/","og_locale":"pt_PT","og_type":"article","og_title":"13 de Dezembro de 2016 - Verbum Dei Norte","og_description":"Ora\u00e7\u00e3o inicial:  Ol\u00e1, Senhor, o Advento j\u00e1 c\u00e1 est\u00e1 em pleno. N\u00e3o quero deixar esta oportunidade t\u00e3o grande que me das de estar \u00e0 tua espera. Sei que est\u00e1s tantas vezes onde estou mas n\u00e3o te procuro nem estou \u00e0 tua espera. Por isso hoje, faz-me procurar-te activamente, faz-me estar \u00e0 tua espera!  Palavra de Deus:  E fico \u00e0 tua espera na passagem de Mt 21, 28-32: Naquele tempo, disse Jesus aos pr\u00edncipes dos sacerdotes e aos anci\u00e3os do povo: \u00abQue vos parece? Um homem tinha dois filhos. Foi ter com o primeiro e disse-lhe: \u2018Filho, vai hoje trabalhar na vinha\u2019. Mas ele respondeu-lhe: \u2018N\u00e3o quero\u2019. Depois, por\u00e9m, arrependeu-se e foi. O homem dirigiu-se ao segundo filho e falou-lhe do mesmo modo. Ele respondeu: \u2018Eu vou, Senhor\u2019. Mas de facto n\u00e3o foi. Qual dos dois fez a vontade ao pai?\u00bb Eles responderam-Lhe: \u00abO primeiro\u00bb. Jesus disse-lhes: \u00abEm verdade vos digo: Os publicanos e as mulheres de m\u00e1 vida ir\u00e3o diante de v\u00f3s para o reino de Deus. Jo\u00e3o Baptista veio at\u00e9 v\u00f3s, ensinando-vos o caminho da justi\u00e7a, e n\u00e3o acreditastes nele; mas os publicanos e as mulheres de m\u00e1 vida acreditaram. E v\u00f3s, que bem o vistes, n\u00e3o vos arrependestes, acreditando nele\u00bb.","og_url":"https:\/\/verbumdei.org\/porto\/2016\/12\/13\/13-dezembro-2016\/","og_site_name":"Verbum Dei Norte","article_publisher":"https:\/\/www.facebook.com\/vdportoaveiro\/","article_published_time":"2016-12-13T08:42:46+00:00","article_modified_time":"2016-12-14T15:10:07+00:00","og_image":[{"url":"http:\/\/verbumdei.pt\/wp-content\/uploads\/2016\/12\/Fe-150x150.jpg","type":"","width":"","height":""}],"author":"Verbum Dei Porto","twitter_card":"summary_large_image","twitter_misc":{"Escrito por":"Verbum Dei Porto","Tempo estimado de leitura":"4 minutos"},"schema":{"@context":"https:\/\/schema.org","@graph":[{"@type":"Article","@id":"https:\/\/verbumdei.org\/porto\/2016\/12\/13\/13-dezembro-2016\/#article","isPartOf":{"@id":"https:\/\/verbumdei.org\/porto\/2016\/12\/13\/13-dezembro-2016\/"},"author":{"name":"Verbum Dei Porto","@id":"https:\/\/verbumdei.org\/porto\/#\/schema\/person\/96069deba805c81dbe7e17ffc893d04b"},"headline":"13 de Dezembro de 2016","datePublished":"2016-12-13T08:42:46+00:00","dateModified":"2016-12-14T15:10:07+00:00","mainEntityOfPage":{"@id":"https:\/\/verbumdei.org\/porto\/2016\/12\/13\/13-dezembro-2016\/"},"wordCount":722,"publisher":{"@id":"https:\/\/verbumdei.org\/porto\/#organization"},"image":{"@id":"https:\/\/verbumdei.org\/porto\/2016\/12\/13\/13-dezembro-2016\/#primaryimage"},"thumbnailUrl":"http:\/\/verbumdei.pt\/wp-content\/uploads\/2016\/12\/Fe-150x150.jpg","articleSection":["Pistas de Ora\u00e7\u00e3o"],"inLanguage":"pt-PT"},{"@type":"WebPage","@id":"https:\/\/verbumdei.org\/porto\/2016\/12\/13\/13-dezembro-2016\/","url":"https:\/\/verbumdei.org\/porto\/2016\/12\/13\/13-dezembro-2016\/","name":"13 de Dezembro de 2016 - Verbum Dei Norte","isPartOf":{"@id":"https:\/\/verbumdei.org\/porto\/#website"},"primaryImageOfPage":{"@id":"https:\/\/verbumdei.org\/porto\/2016\/12\/13\/13-dezembro-2016\/#primaryimage"},"image":{"@id":"https:\/\/verbumdei.org\/porto\/2016\/12\/13\/13-dezembro-2016\/#primaryimage"},"thumbnailUrl":"http:\/\/verbumdei.pt\/wp-content\/uploads\/2016\/12\/Fe-150x150.jpg","datePublished":"2016-12-13T08:42:46+00:00","dateModified":"2016-12-14T15:10:07+00:00","breadcrumb":{"@id":"https:\/\/verbumdei.org\/porto\/2016\/12\/13\/13-dezembro-2016\/#breadcrumb"},"inLanguage":"pt-PT","potentialAction":[{"@type":"ReadAction","target":["https:\/\/verbumdei.org\/porto\/2016\/12\/13\/13-dezembro-2016\/"]}]},{"@type":"ImageObject","inLanguage":"pt-PT","@id":"https:\/\/verbumdei.org\/porto\/2016\/12\/13\/13-dezembro-2016\/#primaryimage","url":"http:\/\/verbumdei.pt\/wp-content\/uploads\/2016\/12\/Fe-150x150.jpg","contentUrl":"http:\/\/verbumdei.pt\/wp-content\/uploads\/2016\/12\/Fe-150x150.jpg"},{"@type":"BreadcrumbList","@id":"https:\/\/verbumdei.org\/porto\/2016\/12\/13\/13-dezembro-2016\/#breadcrumb","itemListElement":[{"@type":"ListItem","position":1,"name":"In\u00edcio","item":"https:\/\/verbumdei.org\/porto\/"},{"@type":"ListItem","position":2,"name":"13 de Dezembro de 2016"}]},{"@type":"WebSite","@id":"https:\/\/verbumdei.org\/porto\/#website","url":"https:\/\/verbumdei.org\/porto\/","name":"Verbum Dei Portugal Norte","description":"Mission\u00e1rios Verbum Dei no Porto e Aveiro: ora\u00e7\u00e3o, retiro espiritual, forma\u00e7\u00e3o crist\u00e3 e evangeliza\u00e7\u00e3o","publisher":{"@id":"https:\/\/verbumdei.org\/porto\/#organization"},"potentialAction":[{"@type":"SearchAction","target":{"@type":"EntryPoint","urlTemplate":"https:\/\/verbumdei.org\/porto\/?s={search_term_string}"},"query-input":{"@type":"PropertyValueSpecification","valueRequired":true,"valueName":"search_term_string"}}],"inLanguage":"pt-PT"},{"@type":"Organization","@id":"https:\/\/verbumdei.org\/porto\/#organization","name":"Verbum Dei Portugal Norte","url":"https:\/\/verbumdei.org\/porto\/","logo":{"@type":"ImageObject","inLanguage":"pt-PT","@id":"https:\/\/verbumdei.org\/porto\/#\/schema\/logo\/image\/","url":"https:\/\/verbumdei.org\/porto\/wp-content\/uploads\/2018\/07\/Logo2.jpg","contentUrl":"https:\/\/verbumdei.org\/porto\/wp-content\/uploads\/2018\/07\/Logo2.jpg","width":123,"height":120,"caption":"Verbum Dei Portugal Norte"},"image":{"@id":"https:\/\/verbumdei.org\/porto\/#\/schema\/logo\/image\/"},"sameAs":["https:\/\/www.facebook.com\/vdportoaveiro\/","https:\/\/instagram.com\/verbumdei.portugal.norte\/"]},{"@type":"Person","@id":"https:\/\/verbumdei.org\/porto\/#\/schema\/person\/96069deba805c81dbe7e17ffc893d04b","name":"Verbum Dei Porto","url":"https:\/\/verbumdei.org\/porto\/author\/vdportod\/"}]}},"jetpack_featured_media_url":"","jetpack_sharing_enabled":true,"_links":{"self":[{"href":"https:\/\/verbumdei.org\/porto\/wp-json\/wp\/v2\/posts\/474","targetHints":{"allow":["GET"]}}],"collection":[{"href":"https:\/\/verbumdei.org\/porto\/wp-json\/wp\/v2\/posts"}],"about":[{"href":"https:\/\/verbumdei.org\/porto\/wp-json\/wp\/v2\/types\/post"}],"author":[{"embeddable":true,"href":"https:\/\/verbumdei.org\/porto\/wp-json\/wp\/v2\/users\/7"}],"replies":[{"embeddable":true,"href":"https:\/\/verbumdei.org\/porto\/wp-json\/wp\/v2\/comments?post=474"}],"version-history":[{"count":3,"href":"https:\/\/verbumdei.org\/porto\/wp-json\/wp\/v2\/posts\/474\/revisions"}],"predecessor-version":[{"id":491,"href":"https:\/\/verbumdei.org\/porto\/wp-json\/wp\/v2\/posts\/474\/revisions\/491"}],"wp:attachment":[{"href":"https:\/\/verbumdei.org\/porto\/wp-json\/wp\/v2\/media?parent=474"}],"wp:term":[{"taxonomy":"category","embeddable":true,"href":"https:\/\/verbumdei.org\/porto\/wp-json\/wp\/v2\/categories?post=474"},{"taxonomy":"post_tag","embeddable":true,"href":"https:\/\/verbumdei.org\/porto\/wp-json\/wp\/v2\/tags?post=474"}],"curies":[{"name":"wp","href":"https:\/\/api.w.org\/{rel}","templated":true}]}}