{"id":465,"date":"2016-12-12T06:30:20","date_gmt":"2016-12-12T06:30:20","guid":{"rendered":"http:\/\/verbumdei.pt\/?p=465"},"modified":"2016-12-14T09:22:01","modified_gmt":"2016-12-14T09:22:01","slug":"12-dezembro-2016","status":"publish","type":"post","link":"https:\/\/verbumdei.org\/porto\/2016\/12\/12\/12-dezembro-2016\/","title":{"rendered":"12 de Dezembro de 2016"},"content":{"rendered":"<p>[cmsms_row data_padding_bottom=&#8221;50&#8243; data_padding_top=&#8221;0&#8243; data_bg_parallax_ratio=&#8221;0.5&#8243; data_bg_size=&#8221;cover&#8221; data_bg_attachment=&#8221;scroll&#8221; data_bg_repeat=&#8221;no-repeat&#8221; data_bg_position=&#8221;top center&#8221; data_color=&#8221;default&#8221; data_padding_right=&#8221;3&#8243; data_padding_left=&#8221;3&#8243; data_width=&#8221;boxed&#8221;][cmsms_column data_width=&#8221;1\/1&#8243;][cmsms_divider width=&#8221;long&#8221; height=&#8221;3&#8243; style=&#8221;solid&#8221; position=&#8221;center&#8221; color=&#8221;#d43c18&#8243; margin_top=&#8221;10&#8243; margin_bottom=&#8221;10&#8243; animation_delay=&#8221;0&#8243;][cmsms_text animation_delay=&#8221;0&#8243;]<\/p>\n<p><strong><img decoding=\"async\" class=\" wp-image-306 alignleft\" src=\"http:\/\/verbumdei.pt\/wp-content\/uploads\/2016\/12\/Fe-150x150.jpg\" alt=\"\" width=\"93\" height=\"93\" srcset=\"https:\/\/verbumdei.org\/porto\/wp-content\/uploads\/2016\/12\/Fe-150x150.jpg 150w, https:\/\/verbumdei.org\/porto\/wp-content\/uploads\/2016\/12\/Fe-55x55.jpg 55w, https:\/\/verbumdei.org\/porto\/wp-content\/uploads\/2016\/12\/Fe-300x300.jpg 300w\" sizes=\"(max-width: 93px) 100vw, 93px\" \/><\/strong><\/p>\n<p><em><strong><span style=\"font-family: 'comic sans ms', sans-serif; color: #d43c18;\">Ora\u00e7\u00e3o inicial:<\/span><\/strong><\/em><\/p>\n<p><em><span style=\"font-family: 'comic sans ms', sans-serif; color: #000000;\">Senhor, obrigada por hoje voltares a vir ao meu encontro, obrigada por continuar a ser t\u00e3o especial na Tua vida. Ensina-me a abrir o cora\u00e7\u00e3o para que possas tamb\u00e9m Tu ser especial na minha.<\/span><\/em><\/p>\n<p><em><strong><span style=\"font-family: 'comic sans ms', sans-serif; color: #d43c18;\">Palavra de Deus:<\/span><\/strong><\/em><\/p>\n<p><em><span style=\"font-family: 'comic sans ms', sans-serif; color: #000000;\">O Evangelho de hoje \u00e9 Mt 21, 23-27:<br \/>\nNaquele tempo, Jesus foi ao templo e, enquanto ensinava, aproximaram-se d\u2019Ele os pr\u00edncipes dos sacerdotes e os anci\u00e3os do povo, que Lhe perguntaram: \u00abCom que autoridade fazes tudo isto? Quem Te deu tal direito?\u00bb Jesus respondeu-lhes: \u00abVou fazer-vos tamb\u00e9m uma pergunta e, se Me responderdes a ela, dir-vos-ei com que autoridade fa\u00e7o isto. Donde era o baptismo de Jo\u00e3o? Do C\u00e9u ou dos homens?\u00bb Mas eles come\u00e7aram a deliberar, dizendo entre si: \u00abSe respondermos que \u00e9 do C\u00e9u, vai dizer-nos: \u2018Porque n\u00e3o lhe destes cr\u00e9dito?\u2019 E se respondermos que \u00e9 dos homens, ficamos com receio da multid\u00e3o, pois todos consideram Jo\u00e3o como profeta\u00bb. E responderam a Jesus: \u00abN\u00e3o sabemos\u00bb. Ele por sua vez disse-lhes: \u00abEnt\u00e3o n\u00e3o vos digo com que autoridade fa\u00e7o isto\u00bb.<\/span><\/em><\/p>\n<p><em><span style=\"font-family: 'comic sans ms', sans-serif; color: #d43c18;\"><strong>Pistas:<\/strong><\/span><\/em><\/p>\n<p><span style=\"font-family: 'comic sans ms', sans-serif; color: #000000;\"><br \/>\nHoje, nas Tuas palavras sinto-me interpelada a contemplar a Tua ast\u00facia humilde e a tua autoridade s\u00e1bia.<br \/>\nCom a Tua ast\u00facia humilde revelas que conheces muito bem o cora\u00e7\u00e3o do homem, conheces profundamente o meu cora\u00e7\u00e3o. Com a Tua autoridade s\u00e1bia revelas que conheces muito bem o Teu Pai, conheces profundamente o meu Deus.<\/span><\/p>\n<p><span style=\"font-family: 'comic sans ms', sans-serif; color: #000000;\">Inquieta-me a seguran\u00e7a com falas e vives. E isso faz-me perguntar: Quais s\u00e3o as minhas pr\u00f3prias seguran\u00e7as? A que me agarro para poder continuar?<\/span><\/p>\n<p><span style=\"font-family: 'comic sans ms', sans-serif; color: #000000;\">O objetivo de todas aquelas perguntas feitas pelos sacerdotes e pelos anci\u00e3os do povo n\u00e3o era mais que para colocar-Te em cheque. Isso fez com que, na verdade, a tua palavra acabasse por n\u00e3o ter autoridade para entrar neles. Eles tinham-se fechado e n\u00e3o havia modo de os demover, nem mesmo tu, Jesus. Ser\u00e1 que fa\u00e7o isso com as minhas pseudo-seguran\u00e7as? Ser\u00e1 que me agarro a elas para n\u00e3o ter que me abrir \u00e0s tuas palavras?<\/span><\/p>\n<p><span style=\"font-family: 'comic sans ms', sans-serif; color: #000000;\">Tu que nascestes pobre e sem nada, viveste rico e com tudo porque sabias donde vinha o baptismo de Jo\u00e3o, vinha de Deus e Ele foi a Tua seguran\u00e7a. \u00c9 que reconhecer o car\u00e1ter divino do batismo de Jo\u00e3o acarretava reconhecer a autoridade das tuas palavras, reconhecer que tu tamb\u00e9m vinhas de Deus.<\/span><\/p>\n<p><span style=\"font-family: 'comic sans ms', sans-serif; color: #000000;\">E eu, Jesus, acredito na tua autoridade, acredito que Tu nunca prop\u00f5es nada que n\u00e3o tenhas antes vivido, ou fa\u00e7o perguntas e perguntas porque n\u00e3o quero no fundo acreditar em ti?<br \/>\n<span style=\"font-family: 'comic sans ms', sans-serif; color: #000000;\">Conquista-me com a Tua humildade e simplicidade.<\/span><\/span><\/p>\n<p><span style=\"font-family: 'comic sans ms', sans-serif; color: #000000;\">Jesus, hoje voltas a recordar-me que queres ser essa seguran\u00e7a que nos leva ao Pai. Que tudo o que fazes e dizes tem a sua raiz no Pai.<\/span><\/p>\n<p><em><strong><span style=\"font-family: 'comic sans ms', sans-serif; color: #d43c18;\">Ora\u00e7\u00e3o final:<\/span><\/strong><\/em><\/p>\n<p><em><span style=\"font-family: 'comic sans ms', sans-serif; color: #000000;\">Senhor Deus, faz com que dia-a-dia cres\u00e7a em mim o amor e a admira\u00e7\u00e3o por este homem que \u00e9 Jesus. Bom seria viver na certeza de que Ele est\u00e1 sempre connosco. Que eu n\u00e3o me feche como aqueles que n\u00e3o quiseram acreditar em Jesus.<\/span><\/em><\/p>\n<p>[\/cmsms_text][cmsms_divider width=&#8221;long&#8221; height=&#8221;3&#8243; style=&#8221;solid&#8221; position=&#8221;center&#8221; color=&#8221;#d43c18&#8243; margin_top=&#8221;10&#8243; margin_bottom=&#8221;10&#8243; animation_delay=&#8221;0&#8243;][cmsms_heading type=&#8221;h2&#8243; font_weight=&#8221;bold&#8221; font_style=&#8221;normal&#8221; text_align=&#8221;left&#8221; color=&#8221;#d43c18&#8243; margin_top=&#8221;10&#8243; margin_bottom=&#8221;10&#8243; animation_delay=&#8221;0&#8243;]\u00c1udio para Reflex\u00e3o[\/cmsms_heading][cmsms_audios preload=&#8221;none&#8221; animation_delay=&#8221;0&#8243;][cmsms_audio]466|http:\/\/verbumdei.pt\/wp-content\/uploads\/2016\/12\/Audio-2016-12-12.mp3[\/cmsms_audio][\/cmsms_audios][cmsms_divider width=&#8221;long&#8221; height=&#8221;3&#8243; style=&#8221;solid&#8221; position=&#8221;center&#8221; color=&#8221;#d43c18&#8243; margin_top=&#8221;10&#8243; margin_bottom=&#8221;10&#8243; animation_delay=&#8221;0&#8243;][\/cmsms_column][\/cmsms_row]<\/p>\n","protected":false},"excerpt":{"rendered":"<p>Ora\u00e7\u00e3o inicial:<\/p>\n<p>Senhor, obrigada por hoje voltares a vir ao meu encontro, obrigada por continuar a ser t\u00e3o especial na Tua vida. Ensina-me a abrir o cora\u00e7\u00e3o para que possas tamb\u00e9m Tu ser especial na minha.<\/p>\n<p>Palavra de Deus:<\/p>\n<p>O Evangelho de hoje \u00e9 Mt 21, 23-27:<br \/>\nNaquele tempo, Jesus foi ao templo e, enquanto ensinava, aproximaram-se d\u2019Ele os pr\u00edncipes dos sacerdotes e os anci\u00e3os do povo, que Lhe perguntaram: \u00abCom que autoridade fazes tudo isto? Quem Te deu tal direito?\u00bb Jesus respondeu-lhes: \u00abVou fazer-vos tamb\u00e9m uma pergunta e, se Me responderdes a ela, dir-vos-ei com que autoridade fa\u00e7o isto. Donde era o baptismo de Jo\u00e3o? Do C\u00e9u ou dos homens?\u00bb Mas eles come\u00e7aram a deliberar, dizendo entre si: \u00abSe respondermos que \u00e9 do C\u00e9u, vai dizer-nos: \u2018Porque n\u00e3o lhe destes cr\u00e9dito?\u2019 E se respondermos que \u00e9 dos homens, ficamos com receio da multid\u00e3o, pois todos consideram Jo\u00e3o como profeta\u00bb. E responderam a Jesus: \u00abN\u00e3o sabemos\u00bb. Ele por sua vez disse-lhes: \u00abEnt\u00e3o n\u00e3o vos digo com que autoridade fa\u00e7o isto\u00bb.<\/p>\n","protected":false},"author":7,"featured_media":0,"comment_status":"closed","ping_status":"closed","sticky":false,"template":"","format":"standard","meta":{"rop_custom_images_group":[],"rop_custom_messages_group":[],"rop_publish_now":"initial","rop_publish_now_accounts":[],"rop_publish_now_history":[],"rop_publish_now_status":"pending","neve_meta_sidebar":"","neve_meta_container":"","neve_meta_enable_content_width":"","neve_meta_content_width":0,"neve_meta_title_alignment":"","neve_meta_author_avatar":"","neve_post_elements_order":"","neve_meta_disable_header":"","neve_meta_disable_footer":"","neve_meta_disable_title":"","_themeisle_gutenberg_block_has_review":false,"_jetpack_memberships_contains_paid_content":false,"footnotes":""},"categories":[60],"tags":[],"class_list":["post-465","post","type-post","status-publish","format-standard","hentry","category-pistas-de-oracao"],"yoast_head":"<!-- This site is optimized with the Yoast SEO plugin v27.5 - https:\/\/yoast.com\/product\/yoast-seo-wordpress\/ -->\n<title>12 de Dezembro de 2016 - Verbum Dei Norte<\/title>\n<meta name=\"robots\" content=\"index, follow, max-snippet:-1, max-image-preview:large, max-video-preview:-1\" \/>\n<link rel=\"canonical\" href=\"https:\/\/verbumdei.org\/porto\/2016\/12\/12\/12-dezembro-2016\/\" \/>\n<meta property=\"og:locale\" content=\"pt_PT\" \/>\n<meta property=\"og:type\" content=\"article\" \/>\n<meta property=\"og:title\" content=\"12 de Dezembro de 2016 - Verbum Dei Norte\" \/>\n<meta property=\"og:description\" content=\"Ora\u00e7\u00e3o inicial:  Senhor, obrigada por hoje voltares a vir ao meu encontro, obrigada por continuar a ser t\u00e3o especial na Tua vida. Ensina-me a abrir o cora\u00e7\u00e3o para que possas tamb\u00e9m Tu ser especial na minha.  Palavra de Deus:  O Evangelho de hoje \u00e9 Mt 21, 23-27: Naquele tempo, Jesus foi ao templo e, enquanto ensinava, aproximaram-se d\u2019Ele os pr\u00edncipes dos sacerdotes e os anci\u00e3os do povo, que Lhe perguntaram: \u00abCom que autoridade fazes tudo isto? Quem Te deu tal direito?\u00bb Jesus respondeu-lhes: \u00abVou fazer-vos tamb\u00e9m uma pergunta e, se Me responderdes a ela, dir-vos-ei com que autoridade fa\u00e7o isto. Donde era o baptismo de Jo\u00e3o? Do C\u00e9u ou dos homens?\u00bb Mas eles come\u00e7aram a deliberar, dizendo entre si: \u00abSe respondermos que \u00e9 do C\u00e9u, vai dizer-nos: \u2018Porque n\u00e3o lhe destes cr\u00e9dito?\u2019 E se respondermos que \u00e9 dos homens, ficamos com receio da multid\u00e3o, pois todos consideram Jo\u00e3o como profeta\u00bb. E responderam a Jesus: \u00abN\u00e3o sabemos\u00bb. Ele por sua vez disse-lhes: \u00abEnt\u00e3o n\u00e3o vos digo com que autoridade fa\u00e7o isto\u00bb.\" \/>\n<meta property=\"og:url\" content=\"https:\/\/verbumdei.org\/porto\/2016\/12\/12\/12-dezembro-2016\/\" \/>\n<meta property=\"og:site_name\" content=\"Verbum Dei Norte\" \/>\n<meta property=\"article:publisher\" content=\"https:\/\/www.facebook.com\/vdportoaveiro\/\" \/>\n<meta property=\"article:published_time\" content=\"2016-12-12T06:30:20+00:00\" \/>\n<meta property=\"article:modified_time\" content=\"2016-12-14T09:22:01+00:00\" \/>\n<meta property=\"og:image\" content=\"http:\/\/verbumdei.pt\/wp-content\/uploads\/2016\/12\/Fe-150x150.jpg\" \/>\n<meta name=\"author\" content=\"Verbum Dei Porto\" \/>\n<meta name=\"twitter:card\" content=\"summary_large_image\" \/>\n<meta name=\"twitter:label1\" content=\"Escrito por\" \/>\n\t<meta name=\"twitter:data1\" content=\"Verbum Dei Porto\" \/>\n\t<meta name=\"twitter:label2\" content=\"Tempo estimado de leitura\" \/>\n\t<meta name=\"twitter:data2\" content=\"3 minutos\" \/>\n<script type=\"application\/ld+json\" class=\"yoast-schema-graph\">{\"@context\":\"https:\\\/\\\/schema.org\",\"@graph\":[{\"@type\":\"Article\",\"@id\":\"https:\\\/\\\/verbumdei.org\\\/porto\\\/2016\\\/12\\\/12\\\/12-dezembro-2016\\\/#article\",\"isPartOf\":{\"@id\":\"https:\\\/\\\/verbumdei.org\\\/porto\\\/2016\\\/12\\\/12\\\/12-dezembro-2016\\\/\"},\"author\":{\"name\":\"Verbum Dei Porto\",\"@id\":\"https:\\\/\\\/verbumdei.org\\\/porto\\\/#\\\/schema\\\/person\\\/96069deba805c81dbe7e17ffc893d04b\"},\"headline\":\"12 de Dezembro de 2016\",\"datePublished\":\"2016-12-12T06:30:20+00:00\",\"dateModified\":\"2016-12-14T09:22:01+00:00\",\"mainEntityOfPage\":{\"@id\":\"https:\\\/\\\/verbumdei.org\\\/porto\\\/2016\\\/12\\\/12\\\/12-dezembro-2016\\\/\"},\"wordCount\":698,\"publisher\":{\"@id\":\"https:\\\/\\\/verbumdei.org\\\/porto\\\/#organization\"},\"image\":{\"@id\":\"https:\\\/\\\/verbumdei.org\\\/porto\\\/2016\\\/12\\\/12\\\/12-dezembro-2016\\\/#primaryimage\"},\"thumbnailUrl\":\"http:\\\/\\\/verbumdei.pt\\\/wp-content\\\/uploads\\\/2016\\\/12\\\/Fe-150x150.jpg\",\"articleSection\":[\"Pistas de Ora\u00e7\u00e3o\"],\"inLanguage\":\"pt-PT\"},{\"@type\":\"WebPage\",\"@id\":\"https:\\\/\\\/verbumdei.org\\\/porto\\\/2016\\\/12\\\/12\\\/12-dezembro-2016\\\/\",\"url\":\"https:\\\/\\\/verbumdei.org\\\/porto\\\/2016\\\/12\\\/12\\\/12-dezembro-2016\\\/\",\"name\":\"12 de Dezembro de 2016 - Verbum Dei Norte\",\"isPartOf\":{\"@id\":\"https:\\\/\\\/verbumdei.org\\\/porto\\\/#website\"},\"primaryImageOfPage\":{\"@id\":\"https:\\\/\\\/verbumdei.org\\\/porto\\\/2016\\\/12\\\/12\\\/12-dezembro-2016\\\/#primaryimage\"},\"image\":{\"@id\":\"https:\\\/\\\/verbumdei.org\\\/porto\\\/2016\\\/12\\\/12\\\/12-dezembro-2016\\\/#primaryimage\"},\"thumbnailUrl\":\"http:\\\/\\\/verbumdei.pt\\\/wp-content\\\/uploads\\\/2016\\\/12\\\/Fe-150x150.jpg\",\"datePublished\":\"2016-12-12T06:30:20+00:00\",\"dateModified\":\"2016-12-14T09:22:01+00:00\",\"breadcrumb\":{\"@id\":\"https:\\\/\\\/verbumdei.org\\\/porto\\\/2016\\\/12\\\/12\\\/12-dezembro-2016\\\/#breadcrumb\"},\"inLanguage\":\"pt-PT\",\"potentialAction\":[{\"@type\":\"ReadAction\",\"target\":[\"https:\\\/\\\/verbumdei.org\\\/porto\\\/2016\\\/12\\\/12\\\/12-dezembro-2016\\\/\"]}]},{\"@type\":\"ImageObject\",\"inLanguage\":\"pt-PT\",\"@id\":\"https:\\\/\\\/verbumdei.org\\\/porto\\\/2016\\\/12\\\/12\\\/12-dezembro-2016\\\/#primaryimage\",\"url\":\"http:\\\/\\\/verbumdei.pt\\\/wp-content\\\/uploads\\\/2016\\\/12\\\/Fe-150x150.jpg\",\"contentUrl\":\"http:\\\/\\\/verbumdei.pt\\\/wp-content\\\/uploads\\\/2016\\\/12\\\/Fe-150x150.jpg\"},{\"@type\":\"BreadcrumbList\",\"@id\":\"https:\\\/\\\/verbumdei.org\\\/porto\\\/2016\\\/12\\\/12\\\/12-dezembro-2016\\\/#breadcrumb\",\"itemListElement\":[{\"@type\":\"ListItem\",\"position\":1,\"name\":\"In\u00edcio\",\"item\":\"https:\\\/\\\/verbumdei.org\\\/porto\\\/\"},{\"@type\":\"ListItem\",\"position\":2,\"name\":\"12 de Dezembro de 2016\"}]},{\"@type\":\"WebSite\",\"@id\":\"https:\\\/\\\/verbumdei.org\\\/porto\\\/#website\",\"url\":\"https:\\\/\\\/verbumdei.org\\\/porto\\\/\",\"name\":\"Verbum Dei Portugal Norte\",\"description\":\"Mission\u00e1rios Verbum Dei no Porto e Aveiro: ora\u00e7\u00e3o, retiro espiritual, forma\u00e7\u00e3o crist\u00e3 e evangeliza\u00e7\u00e3o\",\"publisher\":{\"@id\":\"https:\\\/\\\/verbumdei.org\\\/porto\\\/#organization\"},\"potentialAction\":[{\"@type\":\"SearchAction\",\"target\":{\"@type\":\"EntryPoint\",\"urlTemplate\":\"https:\\\/\\\/verbumdei.org\\\/porto\\\/?s={search_term_string}\"},\"query-input\":{\"@type\":\"PropertyValueSpecification\",\"valueRequired\":true,\"valueName\":\"search_term_string\"}}],\"inLanguage\":\"pt-PT\"},{\"@type\":\"Organization\",\"@id\":\"https:\\\/\\\/verbumdei.org\\\/porto\\\/#organization\",\"name\":\"Verbum Dei Portugal Norte\",\"url\":\"https:\\\/\\\/verbumdei.org\\\/porto\\\/\",\"logo\":{\"@type\":\"ImageObject\",\"inLanguage\":\"pt-PT\",\"@id\":\"https:\\\/\\\/verbumdei.org\\\/porto\\\/#\\\/schema\\\/logo\\\/image\\\/\",\"url\":\"https:\\\/\\\/verbumdei.org\\\/porto\\\/wp-content\\\/uploads\\\/2018\\\/07\\\/Logo2.jpg\",\"contentUrl\":\"https:\\\/\\\/verbumdei.org\\\/porto\\\/wp-content\\\/uploads\\\/2018\\\/07\\\/Logo2.jpg\",\"width\":123,\"height\":120,\"caption\":\"Verbum Dei Portugal Norte\"},\"image\":{\"@id\":\"https:\\\/\\\/verbumdei.org\\\/porto\\\/#\\\/schema\\\/logo\\\/image\\\/\"},\"sameAs\":[\"https:\\\/\\\/www.facebook.com\\\/vdportoaveiro\\\/\",\"https:\\\/\\\/instagram.com\\\/verbumdei.portugal.norte\\\/\"]},{\"@type\":\"Person\",\"@id\":\"https:\\\/\\\/verbumdei.org\\\/porto\\\/#\\\/schema\\\/person\\\/96069deba805c81dbe7e17ffc893d04b\",\"name\":\"Verbum Dei Porto\",\"url\":\"https:\\\/\\\/verbumdei.org\\\/porto\\\/author\\\/vdportod\\\/\"}]}<\/script>\n<!-- \/ Yoast SEO plugin. -->","yoast_head_json":{"title":"12 de Dezembro de 2016 - Verbum Dei Norte","robots":{"index":"index","follow":"follow","max-snippet":"max-snippet:-1","max-image-preview":"max-image-preview:large","max-video-preview":"max-video-preview:-1"},"canonical":"https:\/\/verbumdei.org\/porto\/2016\/12\/12\/12-dezembro-2016\/","og_locale":"pt_PT","og_type":"article","og_title":"12 de Dezembro de 2016 - Verbum Dei Norte","og_description":"Ora\u00e7\u00e3o inicial:  Senhor, obrigada por hoje voltares a vir ao meu encontro, obrigada por continuar a ser t\u00e3o especial na Tua vida. Ensina-me a abrir o cora\u00e7\u00e3o para que possas tamb\u00e9m Tu ser especial na minha.  Palavra de Deus:  O Evangelho de hoje \u00e9 Mt 21, 23-27: Naquele tempo, Jesus foi ao templo e, enquanto ensinava, aproximaram-se d\u2019Ele os pr\u00edncipes dos sacerdotes e os anci\u00e3os do povo, que Lhe perguntaram: \u00abCom que autoridade fazes tudo isto? Quem Te deu tal direito?\u00bb Jesus respondeu-lhes: \u00abVou fazer-vos tamb\u00e9m uma pergunta e, se Me responderdes a ela, dir-vos-ei com que autoridade fa\u00e7o isto. Donde era o baptismo de Jo\u00e3o? Do C\u00e9u ou dos homens?\u00bb Mas eles come\u00e7aram a deliberar, dizendo entre si: \u00abSe respondermos que \u00e9 do C\u00e9u, vai dizer-nos: \u2018Porque n\u00e3o lhe destes cr\u00e9dito?\u2019 E se respondermos que \u00e9 dos homens, ficamos com receio da multid\u00e3o, pois todos consideram Jo\u00e3o como profeta\u00bb. E responderam a Jesus: \u00abN\u00e3o sabemos\u00bb. Ele por sua vez disse-lhes: \u00abEnt\u00e3o n\u00e3o vos digo com que autoridade fa\u00e7o isto\u00bb.","og_url":"https:\/\/verbumdei.org\/porto\/2016\/12\/12\/12-dezembro-2016\/","og_site_name":"Verbum Dei Norte","article_publisher":"https:\/\/www.facebook.com\/vdportoaveiro\/","article_published_time":"2016-12-12T06:30:20+00:00","article_modified_time":"2016-12-14T09:22:01+00:00","og_image":[{"url":"http:\/\/verbumdei.pt\/wp-content\/uploads\/2016\/12\/Fe-150x150.jpg","type":"","width":"","height":""}],"author":"Verbum Dei Porto","twitter_card":"summary_large_image","twitter_misc":{"Escrito por":"Verbum Dei Porto","Tempo estimado de leitura":"3 minutos"},"schema":{"@context":"https:\/\/schema.org","@graph":[{"@type":"Article","@id":"https:\/\/verbumdei.org\/porto\/2016\/12\/12\/12-dezembro-2016\/#article","isPartOf":{"@id":"https:\/\/verbumdei.org\/porto\/2016\/12\/12\/12-dezembro-2016\/"},"author":{"name":"Verbum Dei Porto","@id":"https:\/\/verbumdei.org\/porto\/#\/schema\/person\/96069deba805c81dbe7e17ffc893d04b"},"headline":"12 de Dezembro de 2016","datePublished":"2016-12-12T06:30:20+00:00","dateModified":"2016-12-14T09:22:01+00:00","mainEntityOfPage":{"@id":"https:\/\/verbumdei.org\/porto\/2016\/12\/12\/12-dezembro-2016\/"},"wordCount":698,"publisher":{"@id":"https:\/\/verbumdei.org\/porto\/#organization"},"image":{"@id":"https:\/\/verbumdei.org\/porto\/2016\/12\/12\/12-dezembro-2016\/#primaryimage"},"thumbnailUrl":"http:\/\/verbumdei.pt\/wp-content\/uploads\/2016\/12\/Fe-150x150.jpg","articleSection":["Pistas de Ora\u00e7\u00e3o"],"inLanguage":"pt-PT"},{"@type":"WebPage","@id":"https:\/\/verbumdei.org\/porto\/2016\/12\/12\/12-dezembro-2016\/","url":"https:\/\/verbumdei.org\/porto\/2016\/12\/12\/12-dezembro-2016\/","name":"12 de Dezembro de 2016 - Verbum Dei Norte","isPartOf":{"@id":"https:\/\/verbumdei.org\/porto\/#website"},"primaryImageOfPage":{"@id":"https:\/\/verbumdei.org\/porto\/2016\/12\/12\/12-dezembro-2016\/#primaryimage"},"image":{"@id":"https:\/\/verbumdei.org\/porto\/2016\/12\/12\/12-dezembro-2016\/#primaryimage"},"thumbnailUrl":"http:\/\/verbumdei.pt\/wp-content\/uploads\/2016\/12\/Fe-150x150.jpg","datePublished":"2016-12-12T06:30:20+00:00","dateModified":"2016-12-14T09:22:01+00:00","breadcrumb":{"@id":"https:\/\/verbumdei.org\/porto\/2016\/12\/12\/12-dezembro-2016\/#breadcrumb"},"inLanguage":"pt-PT","potentialAction":[{"@type":"ReadAction","target":["https:\/\/verbumdei.org\/porto\/2016\/12\/12\/12-dezembro-2016\/"]}]},{"@type":"ImageObject","inLanguage":"pt-PT","@id":"https:\/\/verbumdei.org\/porto\/2016\/12\/12\/12-dezembro-2016\/#primaryimage","url":"http:\/\/verbumdei.pt\/wp-content\/uploads\/2016\/12\/Fe-150x150.jpg","contentUrl":"http:\/\/verbumdei.pt\/wp-content\/uploads\/2016\/12\/Fe-150x150.jpg"},{"@type":"BreadcrumbList","@id":"https:\/\/verbumdei.org\/porto\/2016\/12\/12\/12-dezembro-2016\/#breadcrumb","itemListElement":[{"@type":"ListItem","position":1,"name":"In\u00edcio","item":"https:\/\/verbumdei.org\/porto\/"},{"@type":"ListItem","position":2,"name":"12 de Dezembro de 2016"}]},{"@type":"WebSite","@id":"https:\/\/verbumdei.org\/porto\/#website","url":"https:\/\/verbumdei.org\/porto\/","name":"Verbum Dei Portugal Norte","description":"Mission\u00e1rios Verbum Dei no Porto e Aveiro: ora\u00e7\u00e3o, retiro espiritual, forma\u00e7\u00e3o crist\u00e3 e evangeliza\u00e7\u00e3o","publisher":{"@id":"https:\/\/verbumdei.org\/porto\/#organization"},"potentialAction":[{"@type":"SearchAction","target":{"@type":"EntryPoint","urlTemplate":"https:\/\/verbumdei.org\/porto\/?s={search_term_string}"},"query-input":{"@type":"PropertyValueSpecification","valueRequired":true,"valueName":"search_term_string"}}],"inLanguage":"pt-PT"},{"@type":"Organization","@id":"https:\/\/verbumdei.org\/porto\/#organization","name":"Verbum Dei Portugal Norte","url":"https:\/\/verbumdei.org\/porto\/","logo":{"@type":"ImageObject","inLanguage":"pt-PT","@id":"https:\/\/verbumdei.org\/porto\/#\/schema\/logo\/image\/","url":"https:\/\/verbumdei.org\/porto\/wp-content\/uploads\/2018\/07\/Logo2.jpg","contentUrl":"https:\/\/verbumdei.org\/porto\/wp-content\/uploads\/2018\/07\/Logo2.jpg","width":123,"height":120,"caption":"Verbum Dei Portugal Norte"},"image":{"@id":"https:\/\/verbumdei.org\/porto\/#\/schema\/logo\/image\/"},"sameAs":["https:\/\/www.facebook.com\/vdportoaveiro\/","https:\/\/instagram.com\/verbumdei.portugal.norte\/"]},{"@type":"Person","@id":"https:\/\/verbumdei.org\/porto\/#\/schema\/person\/96069deba805c81dbe7e17ffc893d04b","name":"Verbum Dei Porto","url":"https:\/\/verbumdei.org\/porto\/author\/vdportod\/"}]}},"jetpack_featured_media_url":"","jetpack_sharing_enabled":true,"_links":{"self":[{"href":"https:\/\/verbumdei.org\/porto\/wp-json\/wp\/v2\/posts\/465","targetHints":{"allow":["GET"]}}],"collection":[{"href":"https:\/\/verbumdei.org\/porto\/wp-json\/wp\/v2\/posts"}],"about":[{"href":"https:\/\/verbumdei.org\/porto\/wp-json\/wp\/v2\/types\/post"}],"author":[{"embeddable":true,"href":"https:\/\/verbumdei.org\/porto\/wp-json\/wp\/v2\/users\/7"}],"replies":[{"embeddable":true,"href":"https:\/\/verbumdei.org\/porto\/wp-json\/wp\/v2\/comments?post=465"}],"version-history":[{"count":3,"href":"https:\/\/verbumdei.org\/porto\/wp-json\/wp\/v2\/posts\/465\/revisions"}],"predecessor-version":[{"id":477,"href":"https:\/\/verbumdei.org\/porto\/wp-json\/wp\/v2\/posts\/465\/revisions\/477"}],"wp:attachment":[{"href":"https:\/\/verbumdei.org\/porto\/wp-json\/wp\/v2\/media?parent=465"}],"wp:term":[{"taxonomy":"category","embeddable":true,"href":"https:\/\/verbumdei.org\/porto\/wp-json\/wp\/v2\/categories?post=465"},{"taxonomy":"post_tag","embeddable":true,"href":"https:\/\/verbumdei.org\/porto\/wp-json\/wp\/v2\/tags?post=465"}],"curies":[{"name":"wp","href":"https:\/\/api.w.org\/{rel}","templated":true}]}}