{"id":451,"date":"2016-12-11T11:32:21","date_gmt":"2016-12-11T11:32:21","guid":{"rendered":"http:\/\/verbumdei.pt\/?p=451"},"modified":"2016-12-14T09:22:01","modified_gmt":"2016-12-14T09:22:01","slug":"11-dezembro-2016","status":"publish","type":"post","link":"https:\/\/verbumdei.org\/porto\/2016\/12\/11\/11-dezembro-2016\/","title":{"rendered":"11 de Dezembro de 2016"},"content":{"rendered":"<p>[cmsms_row data_width=&#8221;boxed&#8221; data_padding_left=&#8221;3&#8243; data_padding_right=&#8221;3&#8243; data_color=&#8221;default&#8221; data_bg_position=&#8221;top center&#8221; data_bg_repeat=&#8221;no-repeat&#8221; data_bg_attachment=&#8221;scroll&#8221; data_bg_size=&#8221;cover&#8221; data_bg_parallax_ratio=&#8221;0.5&#8243; data_padding_top=&#8221;0&#8243; data_padding_bottom=&#8221;50&#8243;][cmsms_column data_width=&#8221;1\/1&#8243;][cmsms_divider width=&#8221;long&#8221; height=&#8221;3&#8243; style=&#8221;solid&#8221; position=&#8221;center&#8221; color=&#8221;#d43c18&#8243; margin_top=&#8221;10&#8243; margin_bottom=&#8221;10&#8243; animation_delay=&#8221;0&#8243;][cmsms_text animation_delay=&#8221;0&#8243;]<\/p>\n<p><strong><img decoding=\"async\" class=\" wp-image-306 alignleft\" src=\"http:\/\/verbumdei.pt\/wp-content\/uploads\/2016\/12\/Fe-150x150.jpg\" alt=\"\" width=\"93\" height=\"93\" srcset=\"https:\/\/verbumdei.org\/porto\/wp-content\/uploads\/2016\/12\/Fe-150x150.jpg 150w, https:\/\/verbumdei.org\/porto\/wp-content\/uploads\/2016\/12\/Fe-55x55.jpg 55w, https:\/\/verbumdei.org\/porto\/wp-content\/uploads\/2016\/12\/Fe-300x300.jpg 300w\" sizes=\"(max-width: 93px) 100vw, 93px\" \/><\/strong><\/p>\n<p><em><strong><span style=\"font-family: 'comic sans ms', sans-serif; color: #d43c18;\">Ora\u00e7\u00e3o inicial:<\/span><\/strong><\/em><\/p>\n<p><em><span style=\"font-family: 'comic sans ms', sans-serif; color: #000000;\">Jesus, estou \u00e0 Tua espera. \u00c9s Tu quem me cura, me faz ver para l\u00e1 da minha desaten\u00e7\u00e3o, me faz andar no meio do meu cansa\u00e7o, me faz ouvir quando me quero fazer ouvir. \u00c9s Tu quem me d\u00e1 uma vida nova, uma vida que vale a pena e que quero propor a toda a gente. Hoje quero agradecer-Te por esperares que Te espere; pedir-Te que venhas ao meu encontro e que possas nascer cada vez mais nas minhas atitudes e gestos concretos do dia-a-dia.<\/span><\/em><\/p>\n<p><em><strong><span style=\"font-family: 'comic sans ms', sans-serif; color: #d43c18;\">Palavra de Deus:<\/span><\/strong><\/em><\/p>\n<p><em><span style=\"font-family: 'comic sans ms', sans-serif; color: #000000;\">Hoje falas-me atrav\u00e9s do Evangelho de S Mateus, cap\u00edtulo 11, vers\u00edculos 2-11<br \/>\nNaquele tempo, Jo\u00e3o Baptista ouviu falar, na pris\u00e3o, das obras de Cristo e mandou-Lhe dizer pelos disc\u00edpulos: \u00ab\u00c9s Tu Aquele que h\u00e1-de vir, ou devemos esperar outro?\u00bb. Jesus respondeu-lhes: \u00abIde contar a Jo\u00e3o o que vedes e ouvis: os cegos v\u00eaem, os coxos andam, os leprosos s\u00e3o curados, os surdos ouvem, os mortos ressuscitam e a Boa Nova \u00e9 anunciada aos pobres. E bem-aventurado aquele que n\u00e3o encontrar em Mim motivo de esc\u00e2ndalo\u00bb. Quando os mensageiros partiram, Jesus come\u00e7ou a falar de Jo\u00e3o \u00e0s multid\u00f5es: \u00abQue fostes ver ao deserto? Uma cana agitada pelo vento? Ent\u00e3o que fostes ver? Um homem vestido com roupas delicadas? Mas aqueles que usam roupas delicadas encontram-se nos pal\u00e1cios dos reis. Que fostes ver ent\u00e3o? Um profeta? Sim \u2013 Eu vo-lo digo \u2013 e mais que profeta. \u00c9 dele que est\u00e1 escrito: \u2018Vou enviar \u00e0 tua frente o meu mensageiro, para te preparar o caminho\u2019. Em verdade vos digo: Entre os filhos de mulher, n\u00e3o apareceu ningu\u00e9m maior do que Jo\u00e3o Baptista. Mas o menor no reino dos C\u00e9us \u00e9 maior do que ele\u00bb.\u00a0<\/span><\/em><\/p>\n<p><em><span style=\"font-family: 'comic sans ms', sans-serif; color: #d43c18;\"><strong>Pistas:<\/strong><\/span><\/em><\/p>\n<p><span style=\"font-family: 'comic sans ms', sans-serif; color: #000000;\">Neste terceiro Domingo do Advento, centramo-nos na voca\u00e7\u00e3o de Jo\u00e3o Baptista: o mensageiro que prepara o caminho a Jesus. Esta voca\u00e7\u00e3o de Jo\u00e3o n\u00e3o \u00e9 diferente da nossa e este \u00e9 o tempo privilegiado para que cada um possa preparar o caminho de Jesus tanto para a nossa vida, como para a de todos o que est\u00e3o \u00e0 nossa volta.<br \/>\nToca-me particularmente o facto do pr\u00f3prio mensageiro ter as suas d\u00favidas e que Jesus envie mensageiros ao mensageiro, para que o ajudem atrav\u00e9s do seu testemunho da experi\u00eancia de Jesus que viveram ou observaram.<br \/>\nTamb\u00e9m n\u00f3s somos chamados a ser mensageiros uns dos outros, que acolhem e oferecem o testemunho de Jesus, numa partilha constante daquele que \u00e9 o nosso tesouro: porque com Ele n\u00f3s vemos, andamos, somos curados, ouvimos e vivemos uma vida nova que n\u00e3o podemos deixar de partilhar com os outros.<br \/>\nFica assim, para este dia e semana do Advento, um duplo convite de Jesus: est\u00e1 atento \u00e0 presen\u00e7a de Jesus nos que te rodeiam, redescobre-O no teu quotidiano; e faz-te presen\u00e7a de Jesus para os que te rodeiam, para que o possam redescobrir.<br \/>\nComo? Nos gestos mais simples e concretos, deixa a marca de Jesus. Jesus convida-nos a ser mensageiros de uma forma muito especial: incorporando a mensagem na nossa vida e oferecendo-a a quem nos encontra.<\/span><\/p>\n<p><em><strong><span style=\"font-family: 'comic sans ms', sans-serif; color: #d43c18;\">Ora\u00e7\u00e3o final:<\/span><\/strong><\/em><\/p>\n<p><em><span style=\"font-family: 'comic sans ms', sans-serif; color: #000000;\">Senhor, obrigado por me convidares a preparar a Tua chegada a cada dia, a cada vez que te deixo nascer em mim e reconhe\u00e7o o Teu nascimento \u00e0 minha volta. Assim, com Maria, alegramo-nos com esta oportunidade de preparar a vinda de Jesus: \u201cA minha alma glorifica o Senhor\u00a0e o meu esp\u00edrito se alegra em Deus, meu Salvador.\u201d<\/span><\/em><\/p>\n<p>[\/cmsms_text][cmsms_divider width=&#8221;long&#8221; height=&#8221;3&#8243; style=&#8221;solid&#8221; position=&#8221;center&#8221; color=&#8221;#d43c18&#8243; margin_top=&#8221;10&#8243; margin_bottom=&#8221;10&#8243; animation_delay=&#8221;0&#8243;][cmsms_heading type=&#8221;h2&#8243; font_weight=&#8221;bold&#8221; font_style=&#8221;normal&#8221; text_align=&#8221;left&#8221; color=&#8221;#d43c18&#8243; margin_top=&#8221;10&#8243; margin_bottom=&#8221;10&#8243; animation_delay=&#8221;0&#8243;]\u00c1udio para Reflex\u00e3o[\/cmsms_heading][cmsms_audios preload=&#8221;none&#8221; animation_delay=&#8221;0&#8243;][cmsms_audio]452|http:\/\/verbumdei.pt\/wp-content\/uploads\/2016\/12\/Audio-2016-12-11.mp3[\/cmsms_audio][\/cmsms_audios][cmsms_divider width=&#8221;long&#8221; height=&#8221;3&#8243; style=&#8221;solid&#8221; position=&#8221;center&#8221; color=&#8221;#d43c18&#8243; margin_top=&#8221;10&#8243; margin_bottom=&#8221;10&#8243; animation_delay=&#8221;0&#8243;][\/cmsms_column][\/cmsms_row]<\/p>\n","protected":false},"excerpt":{"rendered":"<p>Ora\u00e7\u00e3o inicial:<\/p>\n<p>Jesus, estou \u00e0 Tua espera. \u00c9s Tu quem me cura, me faz ver para l\u00e1 da minha desaten\u00e7\u00e3o, me faz andar no meio do meu cansa\u00e7o, me faz ouvir quando me quero fazer ouvir. \u00c9s Tu quem me d\u00e1 uma vida nova, uma vida que vale a pena e que quero propor a toda a gente. Hoje quero agradecer-Te por esperares que Te espere; pedir-Te que venhas ao meu encontro e que possas nascer cada vez mais nas minhas atitudes e gestos concretos do dia-a-dia.<\/p>\n<p>Palavra de Deus:<\/p>\n<p>Hoje falas-me atrav\u00e9s do Evangelho de S Mateus, cap\u00edtulo 11, vers\u00edculos 2-11<br \/>\nNaquele tempo, Jo\u00e3o Baptista ouviu falar, na pris\u00e3o, das obras de Cristo e mandou-Lhe dizer pelos disc\u00edpulos: \u00ab\u00c9s Tu Aquele que h\u00e1-de vir, ou devemos esperar outro?\u00bb. Jesus respondeu-lhes: \u00abIde contar a Jo\u00e3o o que vedes e ouvis: os cegos v\u00eaem, os coxos andam, os leprosos s\u00e3o curados, os surdos ouvem, os mortos ressuscitam e a Boa Nova \u00e9 anunciada aos pobres. E bem-aventurado aquele que n\u00e3o encontrar em Mim motivo de esc\u00e2ndalo\u00bb. Quando os mensageiros partiram, Jesus come\u00e7ou a falar <\/p>\n","protected":false},"author":7,"featured_media":0,"comment_status":"closed","ping_status":"closed","sticky":false,"template":"","format":"standard","meta":{"rop_custom_images_group":[],"rop_custom_messages_group":[],"rop_publish_now":"initial","rop_publish_now_accounts":[],"rop_publish_now_history":[],"rop_publish_now_status":"pending","neve_meta_sidebar":"","neve_meta_container":"","neve_meta_enable_content_width":"","neve_meta_content_width":0,"neve_meta_title_alignment":"","neve_meta_author_avatar":"","neve_post_elements_order":"","neve_meta_disable_header":"","neve_meta_disable_footer":"","neve_meta_disable_title":"","_themeisle_gutenberg_block_has_review":false,"_jetpack_memberships_contains_paid_content":false,"footnotes":""},"categories":[60],"tags":[],"class_list":["post-451","post","type-post","status-publish","format-standard","hentry","category-pistas-de-oracao"],"yoast_head":"<!-- This site is optimized with the Yoast SEO plugin v27.5 - https:\/\/yoast.com\/product\/yoast-seo-wordpress\/ -->\n<title>11 de Dezembro de 2016 - Verbum Dei Norte<\/title>\n<meta name=\"robots\" content=\"index, follow, max-snippet:-1, max-image-preview:large, max-video-preview:-1\" \/>\n<link rel=\"canonical\" href=\"https:\/\/verbumdei.org\/porto\/2016\/12\/11\/11-dezembro-2016\/\" \/>\n<meta property=\"og:locale\" content=\"pt_PT\" \/>\n<meta property=\"og:type\" content=\"article\" \/>\n<meta property=\"og:title\" content=\"11 de Dezembro de 2016 - Verbum Dei Norte\" \/>\n<meta property=\"og:description\" content=\"Ora\u00e7\u00e3o inicial:  Jesus, estou \u00e0 Tua espera. \u00c9s Tu quem me cura, me faz ver para l\u00e1 da minha desaten\u00e7\u00e3o, me faz andar no meio do meu cansa\u00e7o, me faz ouvir quando me quero fazer ouvir. \u00c9s Tu quem me d\u00e1 uma vida nova, uma vida que vale a pena e que quero propor a toda a gente. Hoje quero agradecer-Te por esperares que Te espere; pedir-Te que venhas ao meu encontro e que possas nascer cada vez mais nas minhas atitudes e gestos concretos do dia-a-dia.  Palavra de Deus:  Hoje falas-me atrav\u00e9s do Evangelho de S Mateus, cap\u00edtulo 11, vers\u00edculos 2-11 Naquele tempo, Jo\u00e3o Baptista ouviu falar, na pris\u00e3o, das obras de Cristo e mandou-Lhe dizer pelos disc\u00edpulos: \u00ab\u00c9s Tu Aquele que h\u00e1-de vir, ou devemos esperar outro?\u00bb. Jesus respondeu-lhes: \u00abIde contar a Jo\u00e3o o que vedes e ouvis: os cegos v\u00eaem, os coxos andam, os leprosos s\u00e3o curados, os surdos ouvem, os mortos ressuscitam e a Boa Nova \u00e9 anunciada aos pobres. E bem-aventurado aquele que n\u00e3o encontrar em Mim motivo de esc\u00e2ndalo\u00bb. Quando os mensageiros partiram, Jesus come\u00e7ou a falar\" \/>\n<meta property=\"og:url\" content=\"https:\/\/verbumdei.org\/porto\/2016\/12\/11\/11-dezembro-2016\/\" \/>\n<meta property=\"og:site_name\" content=\"Verbum Dei Norte\" \/>\n<meta property=\"article:publisher\" content=\"https:\/\/www.facebook.com\/vdportoaveiro\/\" \/>\n<meta property=\"article:published_time\" content=\"2016-12-11T11:32:21+00:00\" \/>\n<meta property=\"article:modified_time\" content=\"2016-12-14T09:22:01+00:00\" \/>\n<meta property=\"og:image\" content=\"http:\/\/verbumdei.pt\/wp-content\/uploads\/2016\/12\/Fe-150x150.jpg\" \/>\n<meta name=\"author\" content=\"Verbum Dei Porto\" \/>\n<meta name=\"twitter:card\" content=\"summary_large_image\" \/>\n<meta name=\"twitter:label1\" content=\"Escrito por\" \/>\n\t<meta name=\"twitter:data1\" content=\"Verbum Dei Porto\" \/>\n\t<meta name=\"twitter:label2\" content=\"Tempo estimado de leitura\" \/>\n\t<meta name=\"twitter:data2\" content=\"4 minutos\" \/>\n<script type=\"application\/ld+json\" class=\"yoast-schema-graph\">{\"@context\":\"https:\\\/\\\/schema.org\",\"@graph\":[{\"@type\":\"Article\",\"@id\":\"https:\\\/\\\/verbumdei.org\\\/porto\\\/2016\\\/12\\\/11\\\/11-dezembro-2016\\\/#article\",\"isPartOf\":{\"@id\":\"https:\\\/\\\/verbumdei.org\\\/porto\\\/2016\\\/12\\\/11\\\/11-dezembro-2016\\\/\"},\"author\":{\"name\":\"Verbum Dei Porto\",\"@id\":\"https:\\\/\\\/verbumdei.org\\\/porto\\\/#\\\/schema\\\/person\\\/96069deba805c81dbe7e17ffc893d04b\"},\"headline\":\"11 de Dezembro de 2016\",\"datePublished\":\"2016-12-11T11:32:21+00:00\",\"dateModified\":\"2016-12-14T09:22:01+00:00\",\"mainEntityOfPage\":{\"@id\":\"https:\\\/\\\/verbumdei.org\\\/porto\\\/2016\\\/12\\\/11\\\/11-dezembro-2016\\\/\"},\"wordCount\":755,\"publisher\":{\"@id\":\"https:\\\/\\\/verbumdei.org\\\/porto\\\/#organization\"},\"image\":{\"@id\":\"https:\\\/\\\/verbumdei.org\\\/porto\\\/2016\\\/12\\\/11\\\/11-dezembro-2016\\\/#primaryimage\"},\"thumbnailUrl\":\"http:\\\/\\\/verbumdei.pt\\\/wp-content\\\/uploads\\\/2016\\\/12\\\/Fe-150x150.jpg\",\"articleSection\":[\"Pistas de Ora\u00e7\u00e3o\"],\"inLanguage\":\"pt-PT\"},{\"@type\":\"WebPage\",\"@id\":\"https:\\\/\\\/verbumdei.org\\\/porto\\\/2016\\\/12\\\/11\\\/11-dezembro-2016\\\/\",\"url\":\"https:\\\/\\\/verbumdei.org\\\/porto\\\/2016\\\/12\\\/11\\\/11-dezembro-2016\\\/\",\"name\":\"11 de Dezembro de 2016 - Verbum Dei Norte\",\"isPartOf\":{\"@id\":\"https:\\\/\\\/verbumdei.org\\\/porto\\\/#website\"},\"primaryImageOfPage\":{\"@id\":\"https:\\\/\\\/verbumdei.org\\\/porto\\\/2016\\\/12\\\/11\\\/11-dezembro-2016\\\/#primaryimage\"},\"image\":{\"@id\":\"https:\\\/\\\/verbumdei.org\\\/porto\\\/2016\\\/12\\\/11\\\/11-dezembro-2016\\\/#primaryimage\"},\"thumbnailUrl\":\"http:\\\/\\\/verbumdei.pt\\\/wp-content\\\/uploads\\\/2016\\\/12\\\/Fe-150x150.jpg\",\"datePublished\":\"2016-12-11T11:32:21+00:00\",\"dateModified\":\"2016-12-14T09:22:01+00:00\",\"breadcrumb\":{\"@id\":\"https:\\\/\\\/verbumdei.org\\\/porto\\\/2016\\\/12\\\/11\\\/11-dezembro-2016\\\/#breadcrumb\"},\"inLanguage\":\"pt-PT\",\"potentialAction\":[{\"@type\":\"ReadAction\",\"target\":[\"https:\\\/\\\/verbumdei.org\\\/porto\\\/2016\\\/12\\\/11\\\/11-dezembro-2016\\\/\"]}]},{\"@type\":\"ImageObject\",\"inLanguage\":\"pt-PT\",\"@id\":\"https:\\\/\\\/verbumdei.org\\\/porto\\\/2016\\\/12\\\/11\\\/11-dezembro-2016\\\/#primaryimage\",\"url\":\"http:\\\/\\\/verbumdei.pt\\\/wp-content\\\/uploads\\\/2016\\\/12\\\/Fe-150x150.jpg\",\"contentUrl\":\"http:\\\/\\\/verbumdei.pt\\\/wp-content\\\/uploads\\\/2016\\\/12\\\/Fe-150x150.jpg\"},{\"@type\":\"BreadcrumbList\",\"@id\":\"https:\\\/\\\/verbumdei.org\\\/porto\\\/2016\\\/12\\\/11\\\/11-dezembro-2016\\\/#breadcrumb\",\"itemListElement\":[{\"@type\":\"ListItem\",\"position\":1,\"name\":\"In\u00edcio\",\"item\":\"https:\\\/\\\/verbumdei.org\\\/porto\\\/\"},{\"@type\":\"ListItem\",\"position\":2,\"name\":\"11 de Dezembro de 2016\"}]},{\"@type\":\"WebSite\",\"@id\":\"https:\\\/\\\/verbumdei.org\\\/porto\\\/#website\",\"url\":\"https:\\\/\\\/verbumdei.org\\\/porto\\\/\",\"name\":\"Verbum Dei Portugal Norte\",\"description\":\"Mission\u00e1rios Verbum Dei no Porto e Aveiro: ora\u00e7\u00e3o, retiro espiritual, forma\u00e7\u00e3o crist\u00e3 e evangeliza\u00e7\u00e3o\",\"publisher\":{\"@id\":\"https:\\\/\\\/verbumdei.org\\\/porto\\\/#organization\"},\"potentialAction\":[{\"@type\":\"SearchAction\",\"target\":{\"@type\":\"EntryPoint\",\"urlTemplate\":\"https:\\\/\\\/verbumdei.org\\\/porto\\\/?s={search_term_string}\"},\"query-input\":{\"@type\":\"PropertyValueSpecification\",\"valueRequired\":true,\"valueName\":\"search_term_string\"}}],\"inLanguage\":\"pt-PT\"},{\"@type\":\"Organization\",\"@id\":\"https:\\\/\\\/verbumdei.org\\\/porto\\\/#organization\",\"name\":\"Verbum Dei Portugal Norte\",\"url\":\"https:\\\/\\\/verbumdei.org\\\/porto\\\/\",\"logo\":{\"@type\":\"ImageObject\",\"inLanguage\":\"pt-PT\",\"@id\":\"https:\\\/\\\/verbumdei.org\\\/porto\\\/#\\\/schema\\\/logo\\\/image\\\/\",\"url\":\"https:\\\/\\\/verbumdei.org\\\/porto\\\/wp-content\\\/uploads\\\/2018\\\/07\\\/Logo2.jpg\",\"contentUrl\":\"https:\\\/\\\/verbumdei.org\\\/porto\\\/wp-content\\\/uploads\\\/2018\\\/07\\\/Logo2.jpg\",\"width\":123,\"height\":120,\"caption\":\"Verbum Dei Portugal Norte\"},\"image\":{\"@id\":\"https:\\\/\\\/verbumdei.org\\\/porto\\\/#\\\/schema\\\/logo\\\/image\\\/\"},\"sameAs\":[\"https:\\\/\\\/www.facebook.com\\\/vdportoaveiro\\\/\",\"https:\\\/\\\/instagram.com\\\/verbumdei.portugal.norte\\\/\"]},{\"@type\":\"Person\",\"@id\":\"https:\\\/\\\/verbumdei.org\\\/porto\\\/#\\\/schema\\\/person\\\/96069deba805c81dbe7e17ffc893d04b\",\"name\":\"Verbum Dei Porto\",\"url\":\"https:\\\/\\\/verbumdei.org\\\/porto\\\/author\\\/vdportod\\\/\"}]}<\/script>\n<!-- \/ Yoast SEO plugin. -->","yoast_head_json":{"title":"11 de Dezembro de 2016 - Verbum Dei Norte","robots":{"index":"index","follow":"follow","max-snippet":"max-snippet:-1","max-image-preview":"max-image-preview:large","max-video-preview":"max-video-preview:-1"},"canonical":"https:\/\/verbumdei.org\/porto\/2016\/12\/11\/11-dezembro-2016\/","og_locale":"pt_PT","og_type":"article","og_title":"11 de Dezembro de 2016 - Verbum Dei Norte","og_description":"Ora\u00e7\u00e3o inicial:  Jesus, estou \u00e0 Tua espera. \u00c9s Tu quem me cura, me faz ver para l\u00e1 da minha desaten\u00e7\u00e3o, me faz andar no meio do meu cansa\u00e7o, me faz ouvir quando me quero fazer ouvir. \u00c9s Tu quem me d\u00e1 uma vida nova, uma vida que vale a pena e que quero propor a toda a gente. Hoje quero agradecer-Te por esperares que Te espere; pedir-Te que venhas ao meu encontro e que possas nascer cada vez mais nas minhas atitudes e gestos concretos do dia-a-dia.  Palavra de Deus:  Hoje falas-me atrav\u00e9s do Evangelho de S Mateus, cap\u00edtulo 11, vers\u00edculos 2-11 Naquele tempo, Jo\u00e3o Baptista ouviu falar, na pris\u00e3o, das obras de Cristo e mandou-Lhe dizer pelos disc\u00edpulos: \u00ab\u00c9s Tu Aquele que h\u00e1-de vir, ou devemos esperar outro?\u00bb. Jesus respondeu-lhes: \u00abIde contar a Jo\u00e3o o que vedes e ouvis: os cegos v\u00eaem, os coxos andam, os leprosos s\u00e3o curados, os surdos ouvem, os mortos ressuscitam e a Boa Nova \u00e9 anunciada aos pobres. E bem-aventurado aquele que n\u00e3o encontrar em Mim motivo de esc\u00e2ndalo\u00bb. Quando os mensageiros partiram, Jesus come\u00e7ou a falar","og_url":"https:\/\/verbumdei.org\/porto\/2016\/12\/11\/11-dezembro-2016\/","og_site_name":"Verbum Dei Norte","article_publisher":"https:\/\/www.facebook.com\/vdportoaveiro\/","article_published_time":"2016-12-11T11:32:21+00:00","article_modified_time":"2016-12-14T09:22:01+00:00","og_image":[{"url":"http:\/\/verbumdei.pt\/wp-content\/uploads\/2016\/12\/Fe-150x150.jpg","type":"","width":"","height":""}],"author":"Verbum Dei Porto","twitter_card":"summary_large_image","twitter_misc":{"Escrito por":"Verbum Dei Porto","Tempo estimado de leitura":"4 minutos"},"schema":{"@context":"https:\/\/schema.org","@graph":[{"@type":"Article","@id":"https:\/\/verbumdei.org\/porto\/2016\/12\/11\/11-dezembro-2016\/#article","isPartOf":{"@id":"https:\/\/verbumdei.org\/porto\/2016\/12\/11\/11-dezembro-2016\/"},"author":{"name":"Verbum Dei Porto","@id":"https:\/\/verbumdei.org\/porto\/#\/schema\/person\/96069deba805c81dbe7e17ffc893d04b"},"headline":"11 de Dezembro de 2016","datePublished":"2016-12-11T11:32:21+00:00","dateModified":"2016-12-14T09:22:01+00:00","mainEntityOfPage":{"@id":"https:\/\/verbumdei.org\/porto\/2016\/12\/11\/11-dezembro-2016\/"},"wordCount":755,"publisher":{"@id":"https:\/\/verbumdei.org\/porto\/#organization"},"image":{"@id":"https:\/\/verbumdei.org\/porto\/2016\/12\/11\/11-dezembro-2016\/#primaryimage"},"thumbnailUrl":"http:\/\/verbumdei.pt\/wp-content\/uploads\/2016\/12\/Fe-150x150.jpg","articleSection":["Pistas de Ora\u00e7\u00e3o"],"inLanguage":"pt-PT"},{"@type":"WebPage","@id":"https:\/\/verbumdei.org\/porto\/2016\/12\/11\/11-dezembro-2016\/","url":"https:\/\/verbumdei.org\/porto\/2016\/12\/11\/11-dezembro-2016\/","name":"11 de Dezembro de 2016 - Verbum Dei Norte","isPartOf":{"@id":"https:\/\/verbumdei.org\/porto\/#website"},"primaryImageOfPage":{"@id":"https:\/\/verbumdei.org\/porto\/2016\/12\/11\/11-dezembro-2016\/#primaryimage"},"image":{"@id":"https:\/\/verbumdei.org\/porto\/2016\/12\/11\/11-dezembro-2016\/#primaryimage"},"thumbnailUrl":"http:\/\/verbumdei.pt\/wp-content\/uploads\/2016\/12\/Fe-150x150.jpg","datePublished":"2016-12-11T11:32:21+00:00","dateModified":"2016-12-14T09:22:01+00:00","breadcrumb":{"@id":"https:\/\/verbumdei.org\/porto\/2016\/12\/11\/11-dezembro-2016\/#breadcrumb"},"inLanguage":"pt-PT","potentialAction":[{"@type":"ReadAction","target":["https:\/\/verbumdei.org\/porto\/2016\/12\/11\/11-dezembro-2016\/"]}]},{"@type":"ImageObject","inLanguage":"pt-PT","@id":"https:\/\/verbumdei.org\/porto\/2016\/12\/11\/11-dezembro-2016\/#primaryimage","url":"http:\/\/verbumdei.pt\/wp-content\/uploads\/2016\/12\/Fe-150x150.jpg","contentUrl":"http:\/\/verbumdei.pt\/wp-content\/uploads\/2016\/12\/Fe-150x150.jpg"},{"@type":"BreadcrumbList","@id":"https:\/\/verbumdei.org\/porto\/2016\/12\/11\/11-dezembro-2016\/#breadcrumb","itemListElement":[{"@type":"ListItem","position":1,"name":"In\u00edcio","item":"https:\/\/verbumdei.org\/porto\/"},{"@type":"ListItem","position":2,"name":"11 de Dezembro de 2016"}]},{"@type":"WebSite","@id":"https:\/\/verbumdei.org\/porto\/#website","url":"https:\/\/verbumdei.org\/porto\/","name":"Verbum Dei Portugal Norte","description":"Mission\u00e1rios Verbum Dei no Porto e Aveiro: ora\u00e7\u00e3o, retiro espiritual, forma\u00e7\u00e3o crist\u00e3 e evangeliza\u00e7\u00e3o","publisher":{"@id":"https:\/\/verbumdei.org\/porto\/#organization"},"potentialAction":[{"@type":"SearchAction","target":{"@type":"EntryPoint","urlTemplate":"https:\/\/verbumdei.org\/porto\/?s={search_term_string}"},"query-input":{"@type":"PropertyValueSpecification","valueRequired":true,"valueName":"search_term_string"}}],"inLanguage":"pt-PT"},{"@type":"Organization","@id":"https:\/\/verbumdei.org\/porto\/#organization","name":"Verbum Dei Portugal Norte","url":"https:\/\/verbumdei.org\/porto\/","logo":{"@type":"ImageObject","inLanguage":"pt-PT","@id":"https:\/\/verbumdei.org\/porto\/#\/schema\/logo\/image\/","url":"https:\/\/verbumdei.org\/porto\/wp-content\/uploads\/2018\/07\/Logo2.jpg","contentUrl":"https:\/\/verbumdei.org\/porto\/wp-content\/uploads\/2018\/07\/Logo2.jpg","width":123,"height":120,"caption":"Verbum Dei Portugal Norte"},"image":{"@id":"https:\/\/verbumdei.org\/porto\/#\/schema\/logo\/image\/"},"sameAs":["https:\/\/www.facebook.com\/vdportoaveiro\/","https:\/\/instagram.com\/verbumdei.portugal.norte\/"]},{"@type":"Person","@id":"https:\/\/verbumdei.org\/porto\/#\/schema\/person\/96069deba805c81dbe7e17ffc893d04b","name":"Verbum Dei Porto","url":"https:\/\/verbumdei.org\/porto\/author\/vdportod\/"}]}},"jetpack_featured_media_url":"","jetpack_sharing_enabled":true,"_links":{"self":[{"href":"https:\/\/verbumdei.org\/porto\/wp-json\/wp\/v2\/posts\/451","targetHints":{"allow":["GET"]}}],"collection":[{"href":"https:\/\/verbumdei.org\/porto\/wp-json\/wp\/v2\/posts"}],"about":[{"href":"https:\/\/verbumdei.org\/porto\/wp-json\/wp\/v2\/types\/post"}],"author":[{"embeddable":true,"href":"https:\/\/verbumdei.org\/porto\/wp-json\/wp\/v2\/users\/7"}],"replies":[{"embeddable":true,"href":"https:\/\/verbumdei.org\/porto\/wp-json\/wp\/v2\/comments?post=451"}],"version-history":[{"count":3,"href":"https:\/\/verbumdei.org\/porto\/wp-json\/wp\/v2\/posts\/451\/revisions"}],"predecessor-version":[{"id":455,"href":"https:\/\/verbumdei.org\/porto\/wp-json\/wp\/v2\/posts\/451\/revisions\/455"}],"wp:attachment":[{"href":"https:\/\/verbumdei.org\/porto\/wp-json\/wp\/v2\/media?parent=451"}],"wp:term":[{"taxonomy":"category","embeddable":true,"href":"https:\/\/verbumdei.org\/porto\/wp-json\/wp\/v2\/categories?post=451"},{"taxonomy":"post_tag","embeddable":true,"href":"https:\/\/verbumdei.org\/porto\/wp-json\/wp\/v2\/tags?post=451"}],"curies":[{"name":"wp","href":"https:\/\/api.w.org\/{rel}","templated":true}]}}