{"id":375,"date":"2016-12-10T12:49:21","date_gmt":"2016-12-10T12:49:21","guid":{"rendered":"http:\/\/verbumdei.pt\/?p=375"},"modified":"2016-12-14T09:22:01","modified_gmt":"2016-12-14T09:22:01","slug":"pera-ai-10-dezembro-2016","status":"publish","type":"post","link":"https:\/\/verbumdei.org\/porto\/2016\/12\/10\/pera-ai-10-dezembro-2016\/","title":{"rendered":"10 de Dezembro de 2016"},"content":{"rendered":"<p>[cmsms_row data_padding_bottom=&#8221;50&#8243; data_padding_top=&#8221;0&#8243; data_bg_parallax_ratio=&#8221;0.5&#8243; data_bg_size=&#8221;cover&#8221; data_bg_attachment=&#8221;scroll&#8221; data_bg_repeat=&#8221;no-repeat&#8221; data_bg_position=&#8221;top center&#8221; data_color=&#8221;default&#8221; data_padding_right=&#8221;3&#8243; data_padding_left=&#8221;3&#8243; data_width=&#8221;boxed&#8221;][cmsms_column data_width=&#8221;1\/1&#8243;][cmsms_divider width=&#8221;long&#8221; height=&#8221;3&#8243; style=&#8221;solid&#8221; position=&#8221;center&#8221; color=&#8221;#d43c18&#8243; margin_top=&#8221;10&#8243; margin_bottom=&#8221;10&#8243; animation_delay=&#8221;0&#8243;][cmsms_text animation_delay=&#8221;0&#8243;]<\/p>\n<p><strong><img decoding=\"async\" class=\" wp-image-306 alignleft\" src=\"http:\/\/verbumdei.pt\/wp-content\/uploads\/2016\/12\/Fe-150x150.jpg\" alt=\"\" width=\"93\" height=\"93\" srcset=\"https:\/\/verbumdei.org\/porto\/wp-content\/uploads\/2016\/12\/Fe-150x150.jpg 150w, https:\/\/verbumdei.org\/porto\/wp-content\/uploads\/2016\/12\/Fe-55x55.jpg 55w, https:\/\/verbumdei.org\/porto\/wp-content\/uploads\/2016\/12\/Fe-300x300.jpg 300w\" sizes=\"(max-width: 93px) 100vw, 93px\" \/><\/strong><\/p>\n<p><em><strong><span style=\"font-family: 'comic sans ms', sans-serif; color: #d43c18;\">Ora\u00e7\u00e3o inicial:<\/span><\/strong><\/em><\/p>\n<p><em><span style=\"font-family: 'comic sans ms', sans-serif; color: #000000;\">Jesus, hoje ajuda-me atrever-me a p\u00f4r-Te perguntas, e a ter coragem de ouvir o que me dizes de mim, e do mundo. Abre o meu entendimento ao que me queres mostrar hoje.<\/span><\/em><\/p>\n<p><em><strong><span style=\"font-family: 'comic sans ms', sans-serif; color: #d43c18;\">Palavra de Deus:<\/span><\/strong><\/em><\/p>\n<p><em><span style=\"font-family: 'comic sans ms', sans-serif; color: #000000;\">E hoje chamas-me a escutar a tua palavra em Mt 17, 10-13:<br \/>\n<\/span><\/em><\/p>\n<p><em><span style=\"font-family: 'comic sans ms', sans-serif; color: #000000;\">&#8220;Ao descerem do monte, os disc\u00edpulos perguntaram a Jesus: \u00abPorque dizem os escribas que Elias tem de vir primeiro?\u00bb Jesus respondeu-lhes: \u00abCertamente Elias h\u00e1-de vir para restaurar todas as coisas. Eu vos digo, por\u00e9m, que Elias j\u00e1 veio; mas, em vez de o reconhecerem, fizeram-lhe tudo o que quiseram. Assim tamb\u00e9m o Filho do homem ser\u00e1 maltratado por eles\u00bb. Ent\u00e3o os disc\u00edpulos compreenderam que Jesus lhes falava de Jo\u00e3o Baptista. &#8220;<\/span><\/em><\/p>\n<p><em><span style=\"font-family: 'comic sans ms', sans-serif; color: #d43c18;\"><strong>Pistas:<\/strong><\/span><\/em><\/p>\n<p><span style=\"font-family: 'comic sans ms', sans-serif; color: #000000;\">Jesus, nesta passagem mostras aos disc\u00edpulos como aquilo que est\u00e1 escrito, e tinha sido prometido se cumpre. Jo\u00e3o Baptista, como prometido, veio primeiro. No entanto n\u00e3o o reconheceram.<\/span><\/p>\n<p><span style=\"font-family: 'comic sans ms', sans-serif; color: #000000;\">Jesus, quem s\u00e3o as pessoas no meu mundo que te anunciam e eu n\u00e3o reconhe\u00e7o? Quem s\u00e3o os &#8220;Jo\u00e3o Baptista&#8221; na minha vida?<\/span><\/p>\n<p><span style=\"font-family: 'comic sans ms', sans-serif; color: #000000;\">Olho os meus dias, e procuro ver estas pessoas que preparam o meu cora\u00e7\u00e3o para te receber? Trato-as bem ou mal?<\/span><\/p>\n<p><span style=\"font-family: 'comic sans ms', sans-serif; color: #000000;\">Jesus, ajuda-me a reconhecer os sinais do Teu Amor, os sinais de Esperan\u00e7a no nosso mundo. Hoje sou desafiado a encontrar um sinal de Esperan\u00e7a que me ofereces Jesus, numa conversa, num gesto, olhar, situa\u00e7\u00e3o, pessoa, no meu mundo e no mundo<\/span><\/p>\n<p><span style=\"font-family: 'comic sans ms', sans-serif; color: #000000;\">\u00c9 que tantas vezes n\u00e3o sou capaz de reconhecer que me envias pessoas que me falam de ti, ainda que nem sempre me digam aquilo que me apetece ouvir.<\/span><\/p>\n<p><em><strong><span style=\"font-family: 'comic sans ms', sans-serif; color: #d43c18;\">Ora\u00e7\u00e3o final:<\/span><\/strong><\/em><\/p>\n<p><em><span style=\"font-family: 'comic sans ms', sans-serif; color: #000000;\">Jesus, hoje pe\u00e7o-te este olhar capaz de ver os sinais que me d\u00e1s, e que j\u00e1 s\u00e3o o cumprir da tua promessa de Amor, que cumpres sem cessar mesmo que eu n\u00e3o reconhe\u00e7a.<\/span><\/em><\/p>\n<p>[\/cmsms_text][cmsms_divider width=&#8221;long&#8221; height=&#8221;3&#8243; style=&#8221;solid&#8221; position=&#8221;center&#8221; color=&#8221;#d43c18&#8243; margin_top=&#8221;10&#8243; margin_bottom=&#8221;10&#8243; animation_delay=&#8221;0&#8243;][cmsms_heading type=&#8221;h2&#8243; font_weight=&#8221;bold&#8221; font_style=&#8221;normal&#8221; text_align=&#8221;left&#8221; color=&#8221;#d43c18&#8243; margin_top=&#8221;10&#8243; margin_bottom=&#8221;10&#8243; animation_delay=&#8221;0&#8243;]\u00c1udio para Reflex\u00e3o[\/cmsms_heading][cmsms_audios preload=&#8221;none&#8221; animation_delay=&#8221;0&#8243;][cmsms_audio]378|http:\/\/verbumdei.pt\/wp-content\/uploads\/2016\/12\/Audio-2016-12-10.mp3[\/cmsms_audio][\/cmsms_audios][cmsms_divider width=&#8221;long&#8221; height=&#8221;3&#8243; style=&#8221;solid&#8221; position=&#8221;center&#8221; color=&#8221;#d43c18&#8243; margin_top=&#8221;10&#8243; margin_bottom=&#8221;10&#8243; animation_delay=&#8221;0&#8243;][\/cmsms_column][\/cmsms_row]<\/p>\n","protected":false},"excerpt":{"rendered":"<p>Ora\u00e7\u00e3o inicial:<\/p>\n<p>Jesus, hoje ajuda-me atrever-me a p\u00f4r-Te perguntas, e a ter coragem de ouvir o que me dizes de mim, e do mundo. Abre o meu entendimento ao que me queres mostrar hoje.<\/p>\n<p>Palavra de Deus:<\/p>\n<p>E hoje chamas-me a escutar a tua palavra em Mt 17, 10-13:<br \/>\n&#8220;Ao descerem do monte, os disc\u00edpulos perguntaram a Jesus: \u00abPorque dizem os escribas que Elias tem de vir primeiro?\u00bb Jesus respondeu-lhes: \u00abCertamente Elias h\u00e1-de vir para restaurar todas as coisas. Eu vos digo, por\u00e9m, que Elias j\u00e1 veio; mas, em vez de o reconhecerem, fizeram-lhe tudo o que quiseram. Assim tamb\u00e9m o Filho do homem ser\u00e1 maltratado por eles\u00bb. Ent\u00e3o os disc\u00edpulos compreenderam que Jesus lhes falava de Jo\u00e3o Baptista. &#8220;<\/p>\n","protected":false},"author":7,"featured_media":0,"comment_status":"closed","ping_status":"open","sticky":false,"template":"","format":"standard","meta":{"rop_custom_images_group":[],"rop_custom_messages_group":[],"rop_publish_now":"initial","rop_publish_now_accounts":[],"rop_publish_now_history":[],"rop_publish_now_status":"pending","neve_meta_sidebar":"","neve_meta_container":"","neve_meta_enable_content_width":"","neve_meta_content_width":0,"neve_meta_title_alignment":"","neve_meta_author_avatar":"","neve_post_elements_order":"","neve_meta_disable_header":"","neve_meta_disable_footer":"","neve_meta_disable_title":"","_themeisle_gutenberg_block_has_review":false,"_jetpack_memberships_contains_paid_content":false,"footnotes":""},"categories":[60],"tags":[],"class_list":["post-375","post","type-post","status-publish","format-standard","hentry","category-pistas-de-oracao"],"yoast_head":"<!-- This site is optimized with the Yoast SEO plugin v27.5 - https:\/\/yoast.com\/product\/yoast-seo-wordpress\/ -->\n<title>10 de Dezembro de 2016 - Verbum Dei Norte<\/title>\n<meta name=\"robots\" content=\"index, follow, max-snippet:-1, max-image-preview:large, max-video-preview:-1\" \/>\n<link rel=\"canonical\" href=\"https:\/\/verbumdei.org\/porto\/2016\/12\/10\/pera-ai-10-dezembro-2016\/\" \/>\n<meta property=\"og:locale\" content=\"pt_PT\" \/>\n<meta property=\"og:type\" content=\"article\" \/>\n<meta property=\"og:title\" content=\"10 de Dezembro de 2016 - Verbum Dei Norte\" \/>\n<meta property=\"og:description\" content=\"Ora\u00e7\u00e3o inicial:  Jesus, hoje ajuda-me atrever-me a p\u00f4r-Te perguntas, e a ter coragem de ouvir o que me dizes de mim, e do mundo. Abre o meu entendimento ao que me queres mostrar hoje.  Palavra de Deus:  E hoje chamas-me a escutar a tua palavra em Mt 17, 10-13: &quot;Ao descerem do monte, os disc\u00edpulos perguntaram a Jesus: \u00abPorque dizem os escribas que Elias tem de vir primeiro?\u00bb Jesus respondeu-lhes: \u00abCertamente Elias h\u00e1-de vir para restaurar todas as coisas. Eu vos digo, por\u00e9m, que Elias j\u00e1 veio; mas, em vez de o reconhecerem, fizeram-lhe tudo o que quiseram. Assim tamb\u00e9m o Filho do homem ser\u00e1 maltratado por eles\u00bb. Ent\u00e3o os disc\u00edpulos compreenderam que Jesus lhes falava de Jo\u00e3o Baptista. &quot;\" \/>\n<meta property=\"og:url\" content=\"https:\/\/verbumdei.org\/porto\/2016\/12\/10\/pera-ai-10-dezembro-2016\/\" \/>\n<meta property=\"og:site_name\" content=\"Verbum Dei Norte\" \/>\n<meta property=\"article:publisher\" content=\"https:\/\/www.facebook.com\/vdportoaveiro\/\" \/>\n<meta property=\"article:published_time\" content=\"2016-12-10T12:49:21+00:00\" \/>\n<meta property=\"article:modified_time\" content=\"2016-12-14T09:22:01+00:00\" \/>\n<meta property=\"og:image\" content=\"http:\/\/verbumdei.pt\/wp-content\/uploads\/2016\/12\/Fe-150x150.jpg\" \/>\n<meta name=\"author\" content=\"Verbum Dei Porto\" \/>\n<meta name=\"twitter:card\" content=\"summary_large_image\" \/>\n<meta name=\"twitter:label1\" content=\"Escrito por\" \/>\n\t<meta name=\"twitter:data1\" content=\"Verbum Dei Porto\" \/>\n\t<meta name=\"twitter:label2\" content=\"Tempo estimado de leitura\" \/>\n\t<meta name=\"twitter:data2\" content=\"2 minutos\" \/>\n<script type=\"application\/ld+json\" class=\"yoast-schema-graph\">{\"@context\":\"https:\\\/\\\/schema.org\",\"@graph\":[{\"@type\":\"Article\",\"@id\":\"https:\\\/\\\/verbumdei.org\\\/porto\\\/2016\\\/12\\\/10\\\/pera-ai-10-dezembro-2016\\\/#article\",\"isPartOf\":{\"@id\":\"https:\\\/\\\/verbumdei.org\\\/porto\\\/2016\\\/12\\\/10\\\/pera-ai-10-dezembro-2016\\\/\"},\"author\":{\"name\":\"Verbum Dei Porto\",\"@id\":\"https:\\\/\\\/verbumdei.org\\\/porto\\\/#\\\/schema\\\/person\\\/96069deba805c81dbe7e17ffc893d04b\"},\"headline\":\"10 de Dezembro de 2016\",\"datePublished\":\"2016-12-10T12:49:21+00:00\",\"dateModified\":\"2016-12-14T09:22:01+00:00\",\"mainEntityOfPage\":{\"@id\":\"https:\\\/\\\/verbumdei.org\\\/porto\\\/2016\\\/12\\\/10\\\/pera-ai-10-dezembro-2016\\\/\"},\"wordCount\":485,\"publisher\":{\"@id\":\"https:\\\/\\\/verbumdei.org\\\/porto\\\/#organization\"},\"image\":{\"@id\":\"https:\\\/\\\/verbumdei.org\\\/porto\\\/2016\\\/12\\\/10\\\/pera-ai-10-dezembro-2016\\\/#primaryimage\"},\"thumbnailUrl\":\"http:\\\/\\\/verbumdei.pt\\\/wp-content\\\/uploads\\\/2016\\\/12\\\/Fe-150x150.jpg\",\"articleSection\":[\"Pistas de Ora\u00e7\u00e3o\"],\"inLanguage\":\"pt-PT\"},{\"@type\":\"WebPage\",\"@id\":\"https:\\\/\\\/verbumdei.org\\\/porto\\\/2016\\\/12\\\/10\\\/pera-ai-10-dezembro-2016\\\/\",\"url\":\"https:\\\/\\\/verbumdei.org\\\/porto\\\/2016\\\/12\\\/10\\\/pera-ai-10-dezembro-2016\\\/\",\"name\":\"10 de Dezembro de 2016 - Verbum Dei Norte\",\"isPartOf\":{\"@id\":\"https:\\\/\\\/verbumdei.org\\\/porto\\\/#website\"},\"primaryImageOfPage\":{\"@id\":\"https:\\\/\\\/verbumdei.org\\\/porto\\\/2016\\\/12\\\/10\\\/pera-ai-10-dezembro-2016\\\/#primaryimage\"},\"image\":{\"@id\":\"https:\\\/\\\/verbumdei.org\\\/porto\\\/2016\\\/12\\\/10\\\/pera-ai-10-dezembro-2016\\\/#primaryimage\"},\"thumbnailUrl\":\"http:\\\/\\\/verbumdei.pt\\\/wp-content\\\/uploads\\\/2016\\\/12\\\/Fe-150x150.jpg\",\"datePublished\":\"2016-12-10T12:49:21+00:00\",\"dateModified\":\"2016-12-14T09:22:01+00:00\",\"breadcrumb\":{\"@id\":\"https:\\\/\\\/verbumdei.org\\\/porto\\\/2016\\\/12\\\/10\\\/pera-ai-10-dezembro-2016\\\/#breadcrumb\"},\"inLanguage\":\"pt-PT\",\"potentialAction\":[{\"@type\":\"ReadAction\",\"target\":[\"https:\\\/\\\/verbumdei.org\\\/porto\\\/2016\\\/12\\\/10\\\/pera-ai-10-dezembro-2016\\\/\"]}]},{\"@type\":\"ImageObject\",\"inLanguage\":\"pt-PT\",\"@id\":\"https:\\\/\\\/verbumdei.org\\\/porto\\\/2016\\\/12\\\/10\\\/pera-ai-10-dezembro-2016\\\/#primaryimage\",\"url\":\"http:\\\/\\\/verbumdei.pt\\\/wp-content\\\/uploads\\\/2016\\\/12\\\/Fe-150x150.jpg\",\"contentUrl\":\"http:\\\/\\\/verbumdei.pt\\\/wp-content\\\/uploads\\\/2016\\\/12\\\/Fe-150x150.jpg\"},{\"@type\":\"BreadcrumbList\",\"@id\":\"https:\\\/\\\/verbumdei.org\\\/porto\\\/2016\\\/12\\\/10\\\/pera-ai-10-dezembro-2016\\\/#breadcrumb\",\"itemListElement\":[{\"@type\":\"ListItem\",\"position\":1,\"name\":\"In\u00edcio\",\"item\":\"https:\\\/\\\/verbumdei.org\\\/porto\\\/\"},{\"@type\":\"ListItem\",\"position\":2,\"name\":\"10 de Dezembro de 2016\"}]},{\"@type\":\"WebSite\",\"@id\":\"https:\\\/\\\/verbumdei.org\\\/porto\\\/#website\",\"url\":\"https:\\\/\\\/verbumdei.org\\\/porto\\\/\",\"name\":\"Verbum Dei Portugal Norte\",\"description\":\"Mission\u00e1rios Verbum Dei no Porto e Aveiro: ora\u00e7\u00e3o, retiro espiritual, forma\u00e7\u00e3o crist\u00e3 e evangeliza\u00e7\u00e3o\",\"publisher\":{\"@id\":\"https:\\\/\\\/verbumdei.org\\\/porto\\\/#organization\"},\"potentialAction\":[{\"@type\":\"SearchAction\",\"target\":{\"@type\":\"EntryPoint\",\"urlTemplate\":\"https:\\\/\\\/verbumdei.org\\\/porto\\\/?s={search_term_string}\"},\"query-input\":{\"@type\":\"PropertyValueSpecification\",\"valueRequired\":true,\"valueName\":\"search_term_string\"}}],\"inLanguage\":\"pt-PT\"},{\"@type\":\"Organization\",\"@id\":\"https:\\\/\\\/verbumdei.org\\\/porto\\\/#organization\",\"name\":\"Verbum Dei Portugal Norte\",\"url\":\"https:\\\/\\\/verbumdei.org\\\/porto\\\/\",\"logo\":{\"@type\":\"ImageObject\",\"inLanguage\":\"pt-PT\",\"@id\":\"https:\\\/\\\/verbumdei.org\\\/porto\\\/#\\\/schema\\\/logo\\\/image\\\/\",\"url\":\"https:\\\/\\\/verbumdei.org\\\/porto\\\/wp-content\\\/uploads\\\/2018\\\/07\\\/Logo2.jpg\",\"contentUrl\":\"https:\\\/\\\/verbumdei.org\\\/porto\\\/wp-content\\\/uploads\\\/2018\\\/07\\\/Logo2.jpg\",\"width\":123,\"height\":120,\"caption\":\"Verbum Dei Portugal Norte\"},\"image\":{\"@id\":\"https:\\\/\\\/verbumdei.org\\\/porto\\\/#\\\/schema\\\/logo\\\/image\\\/\"},\"sameAs\":[\"https:\\\/\\\/www.facebook.com\\\/vdportoaveiro\\\/\",\"https:\\\/\\\/instagram.com\\\/verbumdei.portugal.norte\\\/\"]},{\"@type\":\"Person\",\"@id\":\"https:\\\/\\\/verbumdei.org\\\/porto\\\/#\\\/schema\\\/person\\\/96069deba805c81dbe7e17ffc893d04b\",\"name\":\"Verbum Dei Porto\",\"url\":\"https:\\\/\\\/verbumdei.org\\\/porto\\\/author\\\/vdportod\\\/\"}]}<\/script>\n<!-- \/ Yoast SEO plugin. -->","yoast_head_json":{"title":"10 de Dezembro de 2016 - Verbum Dei Norte","robots":{"index":"index","follow":"follow","max-snippet":"max-snippet:-1","max-image-preview":"max-image-preview:large","max-video-preview":"max-video-preview:-1"},"canonical":"https:\/\/verbumdei.org\/porto\/2016\/12\/10\/pera-ai-10-dezembro-2016\/","og_locale":"pt_PT","og_type":"article","og_title":"10 de Dezembro de 2016 - Verbum Dei Norte","og_description":"Ora\u00e7\u00e3o inicial:  Jesus, hoje ajuda-me atrever-me a p\u00f4r-Te perguntas, e a ter coragem de ouvir o que me dizes de mim, e do mundo. Abre o meu entendimento ao que me queres mostrar hoje.  Palavra de Deus:  E hoje chamas-me a escutar a tua palavra em Mt 17, 10-13: \"Ao descerem do monte, os disc\u00edpulos perguntaram a Jesus: \u00abPorque dizem os escribas que Elias tem de vir primeiro?\u00bb Jesus respondeu-lhes: \u00abCertamente Elias h\u00e1-de vir para restaurar todas as coisas. Eu vos digo, por\u00e9m, que Elias j\u00e1 veio; mas, em vez de o reconhecerem, fizeram-lhe tudo o que quiseram. Assim tamb\u00e9m o Filho do homem ser\u00e1 maltratado por eles\u00bb. Ent\u00e3o os disc\u00edpulos compreenderam que Jesus lhes falava de Jo\u00e3o Baptista. \"","og_url":"https:\/\/verbumdei.org\/porto\/2016\/12\/10\/pera-ai-10-dezembro-2016\/","og_site_name":"Verbum Dei Norte","article_publisher":"https:\/\/www.facebook.com\/vdportoaveiro\/","article_published_time":"2016-12-10T12:49:21+00:00","article_modified_time":"2016-12-14T09:22:01+00:00","og_image":[{"url":"http:\/\/verbumdei.pt\/wp-content\/uploads\/2016\/12\/Fe-150x150.jpg","type":"","width":"","height":""}],"author":"Verbum Dei Porto","twitter_card":"summary_large_image","twitter_misc":{"Escrito por":"Verbum Dei Porto","Tempo estimado de leitura":"2 minutos"},"schema":{"@context":"https:\/\/schema.org","@graph":[{"@type":"Article","@id":"https:\/\/verbumdei.org\/porto\/2016\/12\/10\/pera-ai-10-dezembro-2016\/#article","isPartOf":{"@id":"https:\/\/verbumdei.org\/porto\/2016\/12\/10\/pera-ai-10-dezembro-2016\/"},"author":{"name":"Verbum Dei Porto","@id":"https:\/\/verbumdei.org\/porto\/#\/schema\/person\/96069deba805c81dbe7e17ffc893d04b"},"headline":"10 de Dezembro de 2016","datePublished":"2016-12-10T12:49:21+00:00","dateModified":"2016-12-14T09:22:01+00:00","mainEntityOfPage":{"@id":"https:\/\/verbumdei.org\/porto\/2016\/12\/10\/pera-ai-10-dezembro-2016\/"},"wordCount":485,"publisher":{"@id":"https:\/\/verbumdei.org\/porto\/#organization"},"image":{"@id":"https:\/\/verbumdei.org\/porto\/2016\/12\/10\/pera-ai-10-dezembro-2016\/#primaryimage"},"thumbnailUrl":"http:\/\/verbumdei.pt\/wp-content\/uploads\/2016\/12\/Fe-150x150.jpg","articleSection":["Pistas de Ora\u00e7\u00e3o"],"inLanguage":"pt-PT"},{"@type":"WebPage","@id":"https:\/\/verbumdei.org\/porto\/2016\/12\/10\/pera-ai-10-dezembro-2016\/","url":"https:\/\/verbumdei.org\/porto\/2016\/12\/10\/pera-ai-10-dezembro-2016\/","name":"10 de Dezembro de 2016 - Verbum Dei Norte","isPartOf":{"@id":"https:\/\/verbumdei.org\/porto\/#website"},"primaryImageOfPage":{"@id":"https:\/\/verbumdei.org\/porto\/2016\/12\/10\/pera-ai-10-dezembro-2016\/#primaryimage"},"image":{"@id":"https:\/\/verbumdei.org\/porto\/2016\/12\/10\/pera-ai-10-dezembro-2016\/#primaryimage"},"thumbnailUrl":"http:\/\/verbumdei.pt\/wp-content\/uploads\/2016\/12\/Fe-150x150.jpg","datePublished":"2016-12-10T12:49:21+00:00","dateModified":"2016-12-14T09:22:01+00:00","breadcrumb":{"@id":"https:\/\/verbumdei.org\/porto\/2016\/12\/10\/pera-ai-10-dezembro-2016\/#breadcrumb"},"inLanguage":"pt-PT","potentialAction":[{"@type":"ReadAction","target":["https:\/\/verbumdei.org\/porto\/2016\/12\/10\/pera-ai-10-dezembro-2016\/"]}]},{"@type":"ImageObject","inLanguage":"pt-PT","@id":"https:\/\/verbumdei.org\/porto\/2016\/12\/10\/pera-ai-10-dezembro-2016\/#primaryimage","url":"http:\/\/verbumdei.pt\/wp-content\/uploads\/2016\/12\/Fe-150x150.jpg","contentUrl":"http:\/\/verbumdei.pt\/wp-content\/uploads\/2016\/12\/Fe-150x150.jpg"},{"@type":"BreadcrumbList","@id":"https:\/\/verbumdei.org\/porto\/2016\/12\/10\/pera-ai-10-dezembro-2016\/#breadcrumb","itemListElement":[{"@type":"ListItem","position":1,"name":"In\u00edcio","item":"https:\/\/verbumdei.org\/porto\/"},{"@type":"ListItem","position":2,"name":"10 de Dezembro de 2016"}]},{"@type":"WebSite","@id":"https:\/\/verbumdei.org\/porto\/#website","url":"https:\/\/verbumdei.org\/porto\/","name":"Verbum Dei Portugal Norte","description":"Mission\u00e1rios Verbum Dei no Porto e Aveiro: ora\u00e7\u00e3o, retiro espiritual, forma\u00e7\u00e3o crist\u00e3 e evangeliza\u00e7\u00e3o","publisher":{"@id":"https:\/\/verbumdei.org\/porto\/#organization"},"potentialAction":[{"@type":"SearchAction","target":{"@type":"EntryPoint","urlTemplate":"https:\/\/verbumdei.org\/porto\/?s={search_term_string}"},"query-input":{"@type":"PropertyValueSpecification","valueRequired":true,"valueName":"search_term_string"}}],"inLanguage":"pt-PT"},{"@type":"Organization","@id":"https:\/\/verbumdei.org\/porto\/#organization","name":"Verbum Dei Portugal Norte","url":"https:\/\/verbumdei.org\/porto\/","logo":{"@type":"ImageObject","inLanguage":"pt-PT","@id":"https:\/\/verbumdei.org\/porto\/#\/schema\/logo\/image\/","url":"https:\/\/verbumdei.org\/porto\/wp-content\/uploads\/2018\/07\/Logo2.jpg","contentUrl":"https:\/\/verbumdei.org\/porto\/wp-content\/uploads\/2018\/07\/Logo2.jpg","width":123,"height":120,"caption":"Verbum Dei Portugal Norte"},"image":{"@id":"https:\/\/verbumdei.org\/porto\/#\/schema\/logo\/image\/"},"sameAs":["https:\/\/www.facebook.com\/vdportoaveiro\/","https:\/\/instagram.com\/verbumdei.portugal.norte\/"]},{"@type":"Person","@id":"https:\/\/verbumdei.org\/porto\/#\/schema\/person\/96069deba805c81dbe7e17ffc893d04b","name":"Verbum Dei Porto","url":"https:\/\/verbumdei.org\/porto\/author\/vdportod\/"}]}},"jetpack_featured_media_url":"","jetpack_sharing_enabled":true,"_links":{"self":[{"href":"https:\/\/verbumdei.org\/porto\/wp-json\/wp\/v2\/posts\/375","targetHints":{"allow":["GET"]}}],"collection":[{"href":"https:\/\/verbumdei.org\/porto\/wp-json\/wp\/v2\/posts"}],"about":[{"href":"https:\/\/verbumdei.org\/porto\/wp-json\/wp\/v2\/types\/post"}],"author":[{"embeddable":true,"href":"https:\/\/verbumdei.org\/porto\/wp-json\/wp\/v2\/users\/7"}],"replies":[{"embeddable":true,"href":"https:\/\/verbumdei.org\/porto\/wp-json\/wp\/v2\/comments?post=375"}],"version-history":[{"count":5,"href":"https:\/\/verbumdei.org\/porto\/wp-json\/wp\/v2\/posts\/375\/revisions"}],"predecessor-version":[{"id":382,"href":"https:\/\/verbumdei.org\/porto\/wp-json\/wp\/v2\/posts\/375\/revisions\/382"}],"wp:attachment":[{"href":"https:\/\/verbumdei.org\/porto\/wp-json\/wp\/v2\/media?parent=375"}],"wp:term":[{"taxonomy":"category","embeddable":true,"href":"https:\/\/verbumdei.org\/porto\/wp-json\/wp\/v2\/categories?post=375"},{"taxonomy":"post_tag","embeddable":true,"href":"https:\/\/verbumdei.org\/porto\/wp-json\/wp\/v2\/tags?post=375"}],"curies":[{"name":"wp","href":"https:\/\/api.w.org\/{rel}","templated":true}]}}