{"id":345,"date":"2016-12-07T00:01:53","date_gmt":"2016-12-07T00:01:53","guid":{"rendered":"http:\/\/verbumdei.pt\/?p=345"},"modified":"2016-12-14T09:22:02","modified_gmt":"2016-12-14T09:22:02","slug":"pera-ai-07-dezembro-2016","status":"publish","type":"post","link":"https:\/\/verbumdei.org\/porto\/2016\/12\/07\/pera-ai-07-dezembro-2016\/","title":{"rendered":"07 de Dezembro de 2016"},"content":{"rendered":"<p>[cmsms_row data_width=&#8221;boxed&#8221; data_padding_left=&#8221;3&#8243; data_padding_right=&#8221;3&#8243; data_color=&#8221;default&#8221; data_bg_position=&#8221;top center&#8221; data_bg_repeat=&#8221;no-repeat&#8221; data_bg_attachment=&#8221;scroll&#8221; data_bg_size=&#8221;cover&#8221; data_bg_parallax_ratio=&#8221;0.5&#8243; data_padding_top=&#8221;0&#8243; data_padding_bottom=&#8221;50&#8243;][cmsms_column data_width=&#8221;1\/1&#8243;][cmsms_divider width=&#8221;long&#8221; height=&#8221;3&#8243; style=&#8221;solid&#8221; position=&#8221;center&#8221; color=&#8221;#d43c18&#8243; margin_top=&#8221;10&#8243; margin_bottom=&#8221;10&#8243; animation_delay=&#8221;0&#8243;][cmsms_text animation_delay=&#8221;0&#8243;]<\/p>\n<p><strong><img decoding=\"async\" class=\" wp-image-306 alignleft\" src=\"http:\/\/verbumdei.pt\/wp-content\/uploads\/2016\/12\/Fe-150x150.jpg\" alt=\"\" width=\"93\" height=\"93\" srcset=\"https:\/\/verbumdei.org\/porto\/wp-content\/uploads\/2016\/12\/Fe-150x150.jpg 150w, https:\/\/verbumdei.org\/porto\/wp-content\/uploads\/2016\/12\/Fe-55x55.jpg 55w, https:\/\/verbumdei.org\/porto\/wp-content\/uploads\/2016\/12\/Fe-300x300.jpg 300w\" sizes=\"(max-width: 93px) 100vw, 93px\" \/><\/strong><\/p>\n<p><em><strong><span style=\"font-family: 'comic sans ms', sans-serif; color: #d43c18;\">Ora\u00e7\u00e3o inicial:<\/span><\/strong><\/em><\/p>\n<p><em><span style=\"font-family: 'comic sans ms', sans-serif; color: #000000;\">Bom dia Pai! Obrigado por este novo dia! Quero fazer-me consciente que est\u00e1s sempre com cada um e tens uma palavra apropriada para o momento concreto que vivemos. Fa\u00e7o tamb\u00e9m o acto de f\u00e9 de crer que, atrav\u00e9s do Teu Esp\u00edrito Santo, actuas continuamente na Hist\u00f3ria e em mim; que hoje mover\u00e1s cora\u00e7\u00f5es e inten\u00e7\u00f5es, e assim em muitos locais o dia ser\u00e1 melhor.<\/span><\/em><\/p>\n<p><em><strong><span style=\"font-family: 'comic sans ms', sans-serif; color: #d43c18;\">Palavra de Deus:<\/span><\/strong><\/em><\/p>\n<p><em><span style=\"font-family: 'comic sans ms', sans-serif; color: #000000;\">Hoje celebra-se Santo Ambr\u00f3sio, funcion\u00e1rio do Imp\u00e9rio Romano no s\u00e9c IV, que sendo governador do norte de It\u00e1lia foi aclamado bispo pelos fieis de Mil\u00e3o, n\u00e3o sendo ainda batizado! Uma das leituras que nos \u00e9 proposta \u00e9 Isa\u00edas 40, 25-31:<br \/>\n\u00abA quem Me comparareis que seja semelhante a Mim? \u2014 diz o Deus Santo. Erguei os olhos para o alto e olhai. Quem criou estas estrelas? Aquele que as conta e as faz marchar como um ex\u00e9rcito e as chama a todas pelos seus nomes. Tal \u00e9 a sua for\u00e7a e t\u00e3o grande \u00e9 o seu poder, que nenhuma falta \u00e0 chamada.<br \/>\nJacob, porque dizes; Israel, porque afirmas: \u2018O meu destino est\u00e1 oculto ao Senhor e a minha causa passa despercebida ao meu Deus\u2019? N\u00e3o o sabes, n\u00e3o o ouvistes dizer? O Senhor \u00e9 um Deus eterno, criador da terra at\u00e9 aos seus confins. Ele n\u00e3o Se cansa nem Se fatiga e a sua intelig\u00eancia \u00e9 insond\u00e1vel. D\u00e1 for\u00e7a ao que anda exausto e vigor ao que anda enfraquecido. Os jovens cansam-se e fatigam-se e os adultos trope\u00e7am e vacilam. Mas os que esperam no Senhor renovam as suas for\u00e7as, formam asas como as \u00e1guias. Correm sem se fatigarem, caminham sem se cansarem\u00bb.<\/span><\/em><\/p>\n<p><em><span style=\"font-family: 'comic sans ms', sans-serif; color: #d43c18;\"><strong>Pistas:<\/strong><\/span><\/em><\/p>\n<p><em><span style=\"font-family: 'comic sans ms', sans-serif; color: #000000;\">Esta leitura \u00e9 j\u00e1 em si um conjunto de \u201cpistas\u201d, j\u00e1 que Deus nos coloca quest\u00f5es muito diretas e lhes d\u00e1 resposta:<br \/>\n\u201cA quem Me comparareis que seja semelhante a Mim?\u201d: \u00a0Vivemos afogados em informa\u00e7\u00e3o e nas pr\u00f3prias capacidades humanas, que tanto t\u00eam transformado a vida da Humanidade, atrav\u00e9s da engenharia, tecnologia, medicina, etc. Tal \u00e9 o volume de coisas que alcan\u00e7\u00e1mos que quase exclu\u00edmos Deus no quotidiano, poia tudo \u00e9 \u00e0 medida do que conseguimos e daquilo com que nos entretemos&#8230; Ajuda-me, Jesus, a viver consciente de que \u00e9 em Deus que nos movemos e existimos, a dar-Lhe espa\u00e7o, porque isso \u00e9 essencial para viver bem.<br \/>\n\u201cO meu destino est\u00e1 oculto ao Senhor e a minha causa passa despercebida ao meu Deus\u201d: ser\u00e1 este o nosso desabafo, por estarmos imiscu\u00eddos nesta realidade que nos absorve, \u00a0perdendo a no\u00e7\u00e3o da actua\u00e7\u00e3o de Deus? Por isso, Ele desafia-nos a viver na f\u00e9 firme de que \u201cEle \u00e9 o criador, que n\u00e3o Se cansa nem se fatiga\u201d, recorda que Ele nos tem dado tantas vezes a for\u00e7a quando estamos exaustos, relembra que quem nele vive confiadamente o quotidiano renova constantemente as suas for\u00e7as, ainda que se canse. Por isso perguntar: como tenho caminhado nestes \u00faltimos dias? Que realidades me est\u00e3o a cansar? Acredito que a resposta para renovar as minhas for\u00e7as \u00e9 confiar em Deus? Em que devo continuar a dizer-Lhe \u201csim\u201d?<\/span><\/em><\/p>\n<p><em><strong><span style=\"font-family: 'comic sans ms', sans-serif; color: #d43c18;\">Ora\u00e7\u00e3o final:<\/span><\/strong><\/em><\/p>\n<p><em><span style=\"font-family: 'comic sans ms', sans-serif; color: #000000;\">Nesta caminhada de Advento, ajuda-nos Jesus, como Santo Ambr\u00f3sio, a viver uma f\u00e9 contagiante e firme, pondo o nosso momento atual nas Tuas m\u00e3os, confiando-Te as op\u00e7\u00f5es e decis\u00f5es que tomamos e os gestos de amor que nos chamas a ter.<\/span><\/em><\/p>\n<p>[\/cmsms_text][cmsms_divider width=&#8221;long&#8221; height=&#8221;3&#8243; style=&#8221;solid&#8221; position=&#8221;center&#8221; color=&#8221;#d43c18&#8243; margin_top=&#8221;10&#8243; margin_bottom=&#8221;10&#8243; animation_delay=&#8221;0&#8243;][cmsms_heading type=&#8221;h2&#8243; font_weight=&#8221;normal&#8221; font_style=&#8221;normal&#8221; text_align=&#8221;left&#8221; color=&#8221;#d43c18&#8243; margin_top=&#8221;10&#8243; margin_bottom=&#8221;10&#8243; animation_delay=&#8221;0&#8243;]\u00c1udio para Reflex\u00e3o[\/cmsms_heading][cmsms_audios preload=&#8221;none&#8221; animation_delay=&#8221;0&#8243;][cmsms_audio]346|http:\/\/verbumdei.pt\/wp-content\/uploads\/2016\/12\/Audio-2016-12-07.mp3[\/cmsms_audio][\/cmsms_audios][cmsms_divider width=&#8221;long&#8221; height=&#8221;3&#8243; style=&#8221;solid&#8221; position=&#8221;center&#8221; color=&#8221;#d43c18&#8243; margin_top=&#8221;10&#8243; margin_bottom=&#8221;10&#8243; animation_delay=&#8221;0&#8243;][\/cmsms_column][\/cmsms_row]<\/p>\n","protected":false},"excerpt":{"rendered":"<p>Ora\u00e7\u00e3o inicial:<\/p>\n<p>Bom dia Pai! Obrigado por este novo dia! Quero fazer-me consciente que est\u00e1s sempre com cada um e tens uma palavra apropriada para o momento concreto que vivemos. Fa\u00e7o tamb\u00e9m o acto de f\u00e9 de crer que, atrav\u00e9s do Teu Esp\u00edrito Santo, actuas continuamente na Hist\u00f3ria e em mim; que hoje mover\u00e1s cora\u00e7\u00f5es e inten\u00e7\u00f5es, e assim em muitos locais o dia ser\u00e1 melhor.<\/p>\n<p>Palavra de Deus:<\/p>\n","protected":false},"author":7,"featured_media":0,"comment_status":"closed","ping_status":"closed","sticky":false,"template":"","format":"standard","meta":{"rop_custom_images_group":[],"rop_custom_messages_group":[],"rop_publish_now":"initial","rop_publish_now_accounts":[],"rop_publish_now_history":[],"rop_publish_now_status":"pending","neve_meta_sidebar":"","neve_meta_container":"","neve_meta_enable_content_width":"","neve_meta_content_width":0,"neve_meta_title_alignment":"","neve_meta_author_avatar":"","neve_post_elements_order":"","neve_meta_disable_header":"","neve_meta_disable_footer":"","neve_meta_disable_title":"","_themeisle_gutenberg_block_has_review":false,"_jetpack_memberships_contains_paid_content":false,"footnotes":""},"categories":[60],"tags":[],"class_list":["post-345","post","type-post","status-publish","format-standard","hentry","category-pistas-de-oracao"],"yoast_head":"<!-- This site is optimized with the Yoast SEO plugin v27.5 - https:\/\/yoast.com\/product\/yoast-seo-wordpress\/ -->\n<title>07 de Dezembro de 2016 - Verbum Dei Norte<\/title>\n<meta name=\"robots\" content=\"index, follow, max-snippet:-1, max-image-preview:large, max-video-preview:-1\" \/>\n<link rel=\"canonical\" href=\"https:\/\/verbumdei.org\/porto\/2016\/12\/07\/pera-ai-07-dezembro-2016\/\" \/>\n<meta property=\"og:locale\" content=\"pt_PT\" \/>\n<meta property=\"og:type\" content=\"article\" \/>\n<meta property=\"og:title\" content=\"07 de Dezembro de 2016 - Verbum Dei Norte\" \/>\n<meta property=\"og:description\" content=\"Ora\u00e7\u00e3o inicial:  Bom dia Pai! Obrigado por este novo dia! Quero fazer-me consciente que est\u00e1s sempre com cada um e tens uma palavra apropriada para o momento concreto que vivemos. Fa\u00e7o tamb\u00e9m o acto de f\u00e9 de crer que, atrav\u00e9s do Teu Esp\u00edrito Santo, actuas continuamente na Hist\u00f3ria e em mim; que hoje mover\u00e1s cora\u00e7\u00f5es e inten\u00e7\u00f5es, e assim em muitos locais o dia ser\u00e1 melhor.  Palavra de Deus:\" \/>\n<meta property=\"og:url\" content=\"https:\/\/verbumdei.org\/porto\/2016\/12\/07\/pera-ai-07-dezembro-2016\/\" \/>\n<meta property=\"og:site_name\" content=\"Verbum Dei Norte\" \/>\n<meta property=\"article:publisher\" content=\"https:\/\/www.facebook.com\/vdportoaveiro\/\" \/>\n<meta property=\"article:published_time\" content=\"2016-12-07T00:01:53+00:00\" \/>\n<meta property=\"article:modified_time\" content=\"2016-12-14T09:22:02+00:00\" \/>\n<meta property=\"og:image\" content=\"http:\/\/verbumdei.pt\/wp-content\/uploads\/2016\/12\/Fe-150x150.jpg\" \/>\n<meta name=\"author\" content=\"Verbum Dei Porto\" \/>\n<meta name=\"twitter:card\" content=\"summary_large_image\" \/>\n<meta name=\"twitter:label1\" content=\"Escrito por\" \/>\n\t<meta name=\"twitter:data1\" content=\"Verbum Dei Porto\" \/>\n\t<meta name=\"twitter:label2\" content=\"Tempo estimado de leitura\" \/>\n\t<meta name=\"twitter:data2\" content=\"4 minutos\" \/>\n<script type=\"application\/ld+json\" class=\"yoast-schema-graph\">{\"@context\":\"https:\\\/\\\/schema.org\",\"@graph\":[{\"@type\":\"Article\",\"@id\":\"https:\\\/\\\/verbumdei.org\\\/porto\\\/2016\\\/12\\\/07\\\/pera-ai-07-dezembro-2016\\\/#article\",\"isPartOf\":{\"@id\":\"https:\\\/\\\/verbumdei.org\\\/porto\\\/2016\\\/12\\\/07\\\/pera-ai-07-dezembro-2016\\\/\"},\"author\":{\"name\":\"Verbum Dei Porto\",\"@id\":\"https:\\\/\\\/verbumdei.org\\\/porto\\\/#\\\/schema\\\/person\\\/96069deba805c81dbe7e17ffc893d04b\"},\"headline\":\"07 de Dezembro de 2016\",\"datePublished\":\"2016-12-07T00:01:53+00:00\",\"dateModified\":\"2016-12-14T09:22:02+00:00\",\"mainEntityOfPage\":{\"@id\":\"https:\\\/\\\/verbumdei.org\\\/porto\\\/2016\\\/12\\\/07\\\/pera-ai-07-dezembro-2016\\\/\"},\"wordCount\":740,\"publisher\":{\"@id\":\"https:\\\/\\\/verbumdei.org\\\/porto\\\/#organization\"},\"image\":{\"@id\":\"https:\\\/\\\/verbumdei.org\\\/porto\\\/2016\\\/12\\\/07\\\/pera-ai-07-dezembro-2016\\\/#primaryimage\"},\"thumbnailUrl\":\"http:\\\/\\\/verbumdei.pt\\\/wp-content\\\/uploads\\\/2016\\\/12\\\/Fe-150x150.jpg\",\"articleSection\":[\"Pistas de Ora\u00e7\u00e3o\"],\"inLanguage\":\"pt-PT\"},{\"@type\":\"WebPage\",\"@id\":\"https:\\\/\\\/verbumdei.org\\\/porto\\\/2016\\\/12\\\/07\\\/pera-ai-07-dezembro-2016\\\/\",\"url\":\"https:\\\/\\\/verbumdei.org\\\/porto\\\/2016\\\/12\\\/07\\\/pera-ai-07-dezembro-2016\\\/\",\"name\":\"07 de Dezembro de 2016 - Verbum Dei Norte\",\"isPartOf\":{\"@id\":\"https:\\\/\\\/verbumdei.org\\\/porto\\\/#website\"},\"primaryImageOfPage\":{\"@id\":\"https:\\\/\\\/verbumdei.org\\\/porto\\\/2016\\\/12\\\/07\\\/pera-ai-07-dezembro-2016\\\/#primaryimage\"},\"image\":{\"@id\":\"https:\\\/\\\/verbumdei.org\\\/porto\\\/2016\\\/12\\\/07\\\/pera-ai-07-dezembro-2016\\\/#primaryimage\"},\"thumbnailUrl\":\"http:\\\/\\\/verbumdei.pt\\\/wp-content\\\/uploads\\\/2016\\\/12\\\/Fe-150x150.jpg\",\"datePublished\":\"2016-12-07T00:01:53+00:00\",\"dateModified\":\"2016-12-14T09:22:02+00:00\",\"breadcrumb\":{\"@id\":\"https:\\\/\\\/verbumdei.org\\\/porto\\\/2016\\\/12\\\/07\\\/pera-ai-07-dezembro-2016\\\/#breadcrumb\"},\"inLanguage\":\"pt-PT\",\"potentialAction\":[{\"@type\":\"ReadAction\",\"target\":[\"https:\\\/\\\/verbumdei.org\\\/porto\\\/2016\\\/12\\\/07\\\/pera-ai-07-dezembro-2016\\\/\"]}]},{\"@type\":\"ImageObject\",\"inLanguage\":\"pt-PT\",\"@id\":\"https:\\\/\\\/verbumdei.org\\\/porto\\\/2016\\\/12\\\/07\\\/pera-ai-07-dezembro-2016\\\/#primaryimage\",\"url\":\"http:\\\/\\\/verbumdei.pt\\\/wp-content\\\/uploads\\\/2016\\\/12\\\/Fe-150x150.jpg\",\"contentUrl\":\"http:\\\/\\\/verbumdei.pt\\\/wp-content\\\/uploads\\\/2016\\\/12\\\/Fe-150x150.jpg\"},{\"@type\":\"BreadcrumbList\",\"@id\":\"https:\\\/\\\/verbumdei.org\\\/porto\\\/2016\\\/12\\\/07\\\/pera-ai-07-dezembro-2016\\\/#breadcrumb\",\"itemListElement\":[{\"@type\":\"ListItem\",\"position\":1,\"name\":\"In\u00edcio\",\"item\":\"https:\\\/\\\/verbumdei.org\\\/porto\\\/\"},{\"@type\":\"ListItem\",\"position\":2,\"name\":\"07 de Dezembro de 2016\"}]},{\"@type\":\"WebSite\",\"@id\":\"https:\\\/\\\/verbumdei.org\\\/porto\\\/#website\",\"url\":\"https:\\\/\\\/verbumdei.org\\\/porto\\\/\",\"name\":\"Verbum Dei Portugal Norte\",\"description\":\"Mission\u00e1rios Verbum Dei no Porto e Aveiro: ora\u00e7\u00e3o, retiro espiritual, forma\u00e7\u00e3o crist\u00e3 e evangeliza\u00e7\u00e3o\",\"publisher\":{\"@id\":\"https:\\\/\\\/verbumdei.org\\\/porto\\\/#organization\"},\"potentialAction\":[{\"@type\":\"SearchAction\",\"target\":{\"@type\":\"EntryPoint\",\"urlTemplate\":\"https:\\\/\\\/verbumdei.org\\\/porto\\\/?s={search_term_string}\"},\"query-input\":{\"@type\":\"PropertyValueSpecification\",\"valueRequired\":true,\"valueName\":\"search_term_string\"}}],\"inLanguage\":\"pt-PT\"},{\"@type\":\"Organization\",\"@id\":\"https:\\\/\\\/verbumdei.org\\\/porto\\\/#organization\",\"name\":\"Verbum Dei Portugal Norte\",\"url\":\"https:\\\/\\\/verbumdei.org\\\/porto\\\/\",\"logo\":{\"@type\":\"ImageObject\",\"inLanguage\":\"pt-PT\",\"@id\":\"https:\\\/\\\/verbumdei.org\\\/porto\\\/#\\\/schema\\\/logo\\\/image\\\/\",\"url\":\"https:\\\/\\\/verbumdei.org\\\/porto\\\/wp-content\\\/uploads\\\/2018\\\/07\\\/Logo2.jpg\",\"contentUrl\":\"https:\\\/\\\/verbumdei.org\\\/porto\\\/wp-content\\\/uploads\\\/2018\\\/07\\\/Logo2.jpg\",\"width\":123,\"height\":120,\"caption\":\"Verbum Dei Portugal Norte\"},\"image\":{\"@id\":\"https:\\\/\\\/verbumdei.org\\\/porto\\\/#\\\/schema\\\/logo\\\/image\\\/\"},\"sameAs\":[\"https:\\\/\\\/www.facebook.com\\\/vdportoaveiro\\\/\",\"https:\\\/\\\/instagram.com\\\/verbumdei.portugal.norte\\\/\"]},{\"@type\":\"Person\",\"@id\":\"https:\\\/\\\/verbumdei.org\\\/porto\\\/#\\\/schema\\\/person\\\/96069deba805c81dbe7e17ffc893d04b\",\"name\":\"Verbum Dei Porto\",\"url\":\"https:\\\/\\\/verbumdei.org\\\/porto\\\/author\\\/vdportod\\\/\"}]}<\/script>\n<!-- \/ Yoast SEO plugin. -->","yoast_head_json":{"title":"07 de Dezembro de 2016 - Verbum Dei Norte","robots":{"index":"index","follow":"follow","max-snippet":"max-snippet:-1","max-image-preview":"max-image-preview:large","max-video-preview":"max-video-preview:-1"},"canonical":"https:\/\/verbumdei.org\/porto\/2016\/12\/07\/pera-ai-07-dezembro-2016\/","og_locale":"pt_PT","og_type":"article","og_title":"07 de Dezembro de 2016 - Verbum Dei Norte","og_description":"Ora\u00e7\u00e3o inicial:  Bom dia Pai! Obrigado por este novo dia! Quero fazer-me consciente que est\u00e1s sempre com cada um e tens uma palavra apropriada para o momento concreto que vivemos. Fa\u00e7o tamb\u00e9m o acto de f\u00e9 de crer que, atrav\u00e9s do Teu Esp\u00edrito Santo, actuas continuamente na Hist\u00f3ria e em mim; que hoje mover\u00e1s cora\u00e7\u00f5es e inten\u00e7\u00f5es, e assim em muitos locais o dia ser\u00e1 melhor.  Palavra de Deus:","og_url":"https:\/\/verbumdei.org\/porto\/2016\/12\/07\/pera-ai-07-dezembro-2016\/","og_site_name":"Verbum Dei Norte","article_publisher":"https:\/\/www.facebook.com\/vdportoaveiro\/","article_published_time":"2016-12-07T00:01:53+00:00","article_modified_time":"2016-12-14T09:22:02+00:00","og_image":[{"url":"http:\/\/verbumdei.pt\/wp-content\/uploads\/2016\/12\/Fe-150x150.jpg","type":"","width":"","height":""}],"author":"Verbum Dei Porto","twitter_card":"summary_large_image","twitter_misc":{"Escrito por":"Verbum Dei Porto","Tempo estimado de leitura":"4 minutos"},"schema":{"@context":"https:\/\/schema.org","@graph":[{"@type":"Article","@id":"https:\/\/verbumdei.org\/porto\/2016\/12\/07\/pera-ai-07-dezembro-2016\/#article","isPartOf":{"@id":"https:\/\/verbumdei.org\/porto\/2016\/12\/07\/pera-ai-07-dezembro-2016\/"},"author":{"name":"Verbum Dei Porto","@id":"https:\/\/verbumdei.org\/porto\/#\/schema\/person\/96069deba805c81dbe7e17ffc893d04b"},"headline":"07 de Dezembro de 2016","datePublished":"2016-12-07T00:01:53+00:00","dateModified":"2016-12-14T09:22:02+00:00","mainEntityOfPage":{"@id":"https:\/\/verbumdei.org\/porto\/2016\/12\/07\/pera-ai-07-dezembro-2016\/"},"wordCount":740,"publisher":{"@id":"https:\/\/verbumdei.org\/porto\/#organization"},"image":{"@id":"https:\/\/verbumdei.org\/porto\/2016\/12\/07\/pera-ai-07-dezembro-2016\/#primaryimage"},"thumbnailUrl":"http:\/\/verbumdei.pt\/wp-content\/uploads\/2016\/12\/Fe-150x150.jpg","articleSection":["Pistas de Ora\u00e7\u00e3o"],"inLanguage":"pt-PT"},{"@type":"WebPage","@id":"https:\/\/verbumdei.org\/porto\/2016\/12\/07\/pera-ai-07-dezembro-2016\/","url":"https:\/\/verbumdei.org\/porto\/2016\/12\/07\/pera-ai-07-dezembro-2016\/","name":"07 de Dezembro de 2016 - Verbum Dei Norte","isPartOf":{"@id":"https:\/\/verbumdei.org\/porto\/#website"},"primaryImageOfPage":{"@id":"https:\/\/verbumdei.org\/porto\/2016\/12\/07\/pera-ai-07-dezembro-2016\/#primaryimage"},"image":{"@id":"https:\/\/verbumdei.org\/porto\/2016\/12\/07\/pera-ai-07-dezembro-2016\/#primaryimage"},"thumbnailUrl":"http:\/\/verbumdei.pt\/wp-content\/uploads\/2016\/12\/Fe-150x150.jpg","datePublished":"2016-12-07T00:01:53+00:00","dateModified":"2016-12-14T09:22:02+00:00","breadcrumb":{"@id":"https:\/\/verbumdei.org\/porto\/2016\/12\/07\/pera-ai-07-dezembro-2016\/#breadcrumb"},"inLanguage":"pt-PT","potentialAction":[{"@type":"ReadAction","target":["https:\/\/verbumdei.org\/porto\/2016\/12\/07\/pera-ai-07-dezembro-2016\/"]}]},{"@type":"ImageObject","inLanguage":"pt-PT","@id":"https:\/\/verbumdei.org\/porto\/2016\/12\/07\/pera-ai-07-dezembro-2016\/#primaryimage","url":"http:\/\/verbumdei.pt\/wp-content\/uploads\/2016\/12\/Fe-150x150.jpg","contentUrl":"http:\/\/verbumdei.pt\/wp-content\/uploads\/2016\/12\/Fe-150x150.jpg"},{"@type":"BreadcrumbList","@id":"https:\/\/verbumdei.org\/porto\/2016\/12\/07\/pera-ai-07-dezembro-2016\/#breadcrumb","itemListElement":[{"@type":"ListItem","position":1,"name":"In\u00edcio","item":"https:\/\/verbumdei.org\/porto\/"},{"@type":"ListItem","position":2,"name":"07 de Dezembro de 2016"}]},{"@type":"WebSite","@id":"https:\/\/verbumdei.org\/porto\/#website","url":"https:\/\/verbumdei.org\/porto\/","name":"Verbum Dei Portugal Norte","description":"Mission\u00e1rios Verbum Dei no Porto e Aveiro: ora\u00e7\u00e3o, retiro espiritual, forma\u00e7\u00e3o crist\u00e3 e evangeliza\u00e7\u00e3o","publisher":{"@id":"https:\/\/verbumdei.org\/porto\/#organization"},"potentialAction":[{"@type":"SearchAction","target":{"@type":"EntryPoint","urlTemplate":"https:\/\/verbumdei.org\/porto\/?s={search_term_string}"},"query-input":{"@type":"PropertyValueSpecification","valueRequired":true,"valueName":"search_term_string"}}],"inLanguage":"pt-PT"},{"@type":"Organization","@id":"https:\/\/verbumdei.org\/porto\/#organization","name":"Verbum Dei Portugal Norte","url":"https:\/\/verbumdei.org\/porto\/","logo":{"@type":"ImageObject","inLanguage":"pt-PT","@id":"https:\/\/verbumdei.org\/porto\/#\/schema\/logo\/image\/","url":"https:\/\/verbumdei.org\/porto\/wp-content\/uploads\/2018\/07\/Logo2.jpg","contentUrl":"https:\/\/verbumdei.org\/porto\/wp-content\/uploads\/2018\/07\/Logo2.jpg","width":123,"height":120,"caption":"Verbum Dei Portugal Norte"},"image":{"@id":"https:\/\/verbumdei.org\/porto\/#\/schema\/logo\/image\/"},"sameAs":["https:\/\/www.facebook.com\/vdportoaveiro\/","https:\/\/instagram.com\/verbumdei.portugal.norte\/"]},{"@type":"Person","@id":"https:\/\/verbumdei.org\/porto\/#\/schema\/person\/96069deba805c81dbe7e17ffc893d04b","name":"Verbum Dei Porto","url":"https:\/\/verbumdei.org\/porto\/author\/vdportod\/"}]}},"jetpack_featured_media_url":"","jetpack_sharing_enabled":true,"_links":{"self":[{"href":"https:\/\/verbumdei.org\/porto\/wp-json\/wp\/v2\/posts\/345","targetHints":{"allow":["GET"]}}],"collection":[{"href":"https:\/\/verbumdei.org\/porto\/wp-json\/wp\/v2\/posts"}],"about":[{"href":"https:\/\/verbumdei.org\/porto\/wp-json\/wp\/v2\/types\/post"}],"author":[{"embeddable":true,"href":"https:\/\/verbumdei.org\/porto\/wp-json\/wp\/v2\/users\/7"}],"replies":[{"embeddable":true,"href":"https:\/\/verbumdei.org\/porto\/wp-json\/wp\/v2\/comments?post=345"}],"version-history":[{"count":4,"href":"https:\/\/verbumdei.org\/porto\/wp-json\/wp\/v2\/posts\/345\/revisions"}],"predecessor-version":[{"id":385,"href":"https:\/\/verbumdei.org\/porto\/wp-json\/wp\/v2\/posts\/345\/revisions\/385"}],"wp:attachment":[{"href":"https:\/\/verbumdei.org\/porto\/wp-json\/wp\/v2\/media?parent=345"}],"wp:term":[{"taxonomy":"category","embeddable":true,"href":"https:\/\/verbumdei.org\/porto\/wp-json\/wp\/v2\/categories?post=345"},{"taxonomy":"post_tag","embeddable":true,"href":"https:\/\/verbumdei.org\/porto\/wp-json\/wp\/v2\/tags?post=345"}],"curies":[{"name":"wp","href":"https:\/\/api.w.org\/{rel}","templated":true}]}}