{"id":337,"date":"2016-12-08T00:01:13","date_gmt":"2016-12-08T00:01:13","guid":{"rendered":"http:\/\/verbumdei.pt\/?p=337"},"modified":"2016-12-14T09:22:01","modified_gmt":"2016-12-14T09:22:01","slug":"pera-ai-08-dezembro-2016","status":"publish","type":"post","link":"https:\/\/verbumdei.org\/porto\/2016\/12\/08\/pera-ai-08-dezembro-2016\/","title":{"rendered":"08 de Dezembro de 2016"},"content":{"rendered":"<p>[cmsms_row data_padding_bottom=&#8221;50&#8243; data_padding_top=&#8221;0&#8243; data_bg_parallax_ratio=&#8221;0.5&#8243; data_bg_size=&#8221;cover&#8221; data_bg_attachment=&#8221;scroll&#8221; data_bg_repeat=&#8221;no-repeat&#8221; data_bg_position=&#8221;top center&#8221; data_color=&#8221;default&#8221; data_padding_right=&#8221;3&#8243; data_padding_left=&#8221;3&#8243; data_width=&#8221;boxed&#8221;][cmsms_column data_width=&#8221;1\/1&#8243;][cmsms_divider width=&#8221;long&#8221; height=&#8221;3&#8243; style=&#8221;solid&#8221; position=&#8221;center&#8221; color=&#8221;#d43c18&#8243; margin_top=&#8221;10&#8243; margin_bottom=&#8221;10&#8243; animation_delay=&#8221;0&#8243;][cmsms_text animation_delay=&#8221;0&#8243;]<\/p>\n<p><strong><img decoding=\"async\" class=\" wp-image-306 alignleft\" src=\"http:\/\/verbumdei.pt\/wp-content\/uploads\/2016\/12\/Fe-150x150.jpg\" alt=\"\" width=\"93\" height=\"93\" srcset=\"https:\/\/verbumdei.org\/porto\/wp-content\/uploads\/2016\/12\/Fe-150x150.jpg 150w, https:\/\/verbumdei.org\/porto\/wp-content\/uploads\/2016\/12\/Fe-55x55.jpg 55w, https:\/\/verbumdei.org\/porto\/wp-content\/uploads\/2016\/12\/Fe-300x300.jpg 300w\" sizes=\"(max-width: 93px) 100vw, 93px\" \/><\/strong><\/p>\n<p><em><strong><span style=\"font-family: 'comic sans ms', sans-serif; color: #d43c18;\">Ora\u00e7\u00e3o inicial:<\/span><\/strong><\/em><\/p>\n<p><em><span style=\"font-family: 'comic sans ms', sans-serif; color: #000000;\">Bom dia Maria! Bom dia M\u00e3e! Que bom \u00e9 poder come\u00e7ar o dia assim, neste dia que \u00e9 teu e contigo que \u00e9s cheia de gra\u00e7a. Hoje de modo especial recordamos a tua hist\u00f3ria com Deus; recordamos como Deus sonhou contigo e foi preparando a chegada do seu Filho. O sonho de Deus contigo e com cada um de n\u00f3s come\u00e7a muito antes da nossa exist\u00eancia, antes at\u00e9 da cria\u00e7\u00e3o do mundo.<\/span><\/em><\/p>\n<p><em><strong><span style=\"font-family: 'comic sans ms', sans-serif; color: #d43c18;\">Palavra de Deus:<\/span><\/strong><\/em><\/p>\n<p><em><span style=\"font-family: 'comic sans ms', sans-serif; color: #000000;\">Lc 1, 26-38<br \/>\nNaquele tempo, o Anjo Gabriel foi enviado por Deus a uma cidade da Galileia chamada Nazar\u00e9, a uma Virgem desposada com um homem chamado Jos\u00e9, que era descendente de David. O nome da Virgem era Maria. Tendo entrado onde ela estava, disse o Anjo: \u00abAve, cheia de gra\u00e7a, o Senhor est\u00e1 contigo\u00bb. Ela ficou perturbada com estas palavras e pensava que sauda\u00e7\u00e3o seria aquela. Disse-lhe o Anjo: \u00abN\u00e3o temas, Maria, porque encontraste gra\u00e7a diante de Deus. Conceber\u00e1s e dar\u00e1s \u00e0 luz um Filho, a quem por\u00e1s o nome de Jesus. Ele ser\u00e1 grande e chamar-Se-\u00e1 Filho do Alt\u00edssimo. O Senhor Deus Lhe dar\u00e1 o trono de seu pai David; reinar\u00e1 eternamente sobre a casa de Jacob e o seu reinado n\u00e3o ter\u00e1 fim\u00bb. Maria disse ao Anjo: \u00abComo ser\u00e1 isto, se eu n\u00e3o conhe\u00e7o homem?\u00bb. O Anjo respondeu-lhe: \u00abO Esp\u00edrito Santo vir\u00e1 sobre ti e a for\u00e7a do Alt\u00edssimo te cobrir\u00e1 com a sua sombra.<br \/>\n<\/span><\/em><\/p>\n<p><em><span style=\"font-family: 'comic sans ms', sans-serif; color: #000000;\">Por isso o Santo que vai nascer ser\u00e1 chamado Filho de Deus. E a tua parenta Isabel concebeu tamb\u00e9m um filho na sua velhice e este \u00e9 o sexto m\u00eas daquela a quem chamavam est\u00e9ril; porque a Deus nada \u00e9 imposs\u00edvel\u00bb. Maria disse ent\u00e3o: \u00abEis a escrava do Senhor; fa\u00e7a-se em mim segundo a tua palavra\u00bb.<br \/>\n<\/span><\/em><\/p>\n<p><em><span style=\"font-family: 'comic sans ms', sans-serif; color: #d43c18;\"><strong>Pistas:<\/strong><\/span><\/em><\/p>\n<p><em><span style=\"font-family: 'comic sans ms', sans-serif; color: #000000;\">Hoje somos convidados a escutar e a contemplar o epis\u00f3dio da Anuncia\u00e7\u00e3o do Evangelho de Lucas que j\u00e1 conhecemos t\u00e3o bem.<\/span><\/em><\/p>\n<p><em><span style=\"font-family: 'comic sans ms', sans-serif; color: #000000;\">Tentemos esquecer tudo e escutar como se fosse pela primeira vez. E escutar com esta reflex\u00e3o de fundo, que Santo Anselmo escreveu numa das suas ora\u00e7\u00f5es: \u201cTudo o que nasce \u00e9 criatura de Deus, e Deus nasce de Maria.<\/span><\/em><\/p>\n<p><em><span style=\"font-family: 'comic sans ms', sans-serif; color: #000000;\">Deus criou todas as coisas, e Maria gerou a Deus. Deus, que criou todas as coisas, fez-Se a Si mesmo por meio de Maria. E deste modo refez tudo o que tinha feito.<\/span><\/em><\/p>\n<p><em><span style=\"font-family: 'comic sans ms', sans-serif; color: #000000;\">Ele, que p\u00f4de fazer todas as coisas do nada, n\u00e3o quis refazer sem Maria o que tinha sido arruinado.<\/span><\/em><\/p>\n<p><em><span style=\"font-family: 'comic sans ms', sans-serif; color: #000000;\">Por esta raz\u00e3o, Deus \u00e9 o Pai das coisas criadas, e Maria a m\u00e3e das coisas recriadas.<\/span><\/em><\/p>\n<p><em><span style=\"font-family: 'comic sans ms', sans-serif; color: #000000;\">Deus \u00e9 o Pai a quem se deve a constitui\u00e7\u00e3o do mundo, e Maria a m\u00e3e a quem se deve a sua restaura\u00e7\u00e3o. Pois Deus gerou Aquele por quem tudo foi feito, e Maria deu \u00e0 luz Aquele por quem tudo foi salvo. Deus gerou Aquele fora do qual nada existe, e Maria deu \u00e0 luz Aquele sem o qual nada subsiste.<\/span><\/em><\/p>\n<p><em><span style=\"font-family: 'comic sans ms', sans-serif; color: #000000;\">Verdadeiramente o Senhor est\u00e1 contigo, pois quis que toda a criatura reconhecesse que deve a Ti, com Ele, t\u00e3o grande benef\u00edcio.\u201d<\/span><\/em><\/p>\n<p><em><strong><span style=\"font-family: 'comic sans ms', sans-serif; color: #d43c18;\">Ora\u00e7\u00e3o final:<\/span><\/strong><\/em><\/p>\n<p><em><span style=\"font-family: 'comic sans ms', sans-serif; color: #000000;\">Obrigada, M\u00e3e por ti, pela tua vida, pelo teu sim. E que hoje possa perceber que Deus tamb\u00e9m quer fazer obras grandes atrav\u00e9s de mim.<\/span><\/em><\/p>\n<p>[\/cmsms_text][cmsms_divider width=&#8221;long&#8221; height=&#8221;3&#8243; style=&#8221;solid&#8221; position=&#8221;center&#8221; color=&#8221;#d43c18&#8243; margin_top=&#8221;10&#8243; margin_bottom=&#8221;10&#8243; animation_delay=&#8221;0&#8243;][cmsms_heading type=&#8221;h2&#8243; font_weight=&#8221;normal&#8221; font_style=&#8221;normal&#8221; text_align=&#8221;left&#8221; color=&#8221;#d43c18&#8243; margin_top=&#8221;10&#8243; margin_bottom=&#8221;10&#8243; animation_delay=&#8221;0&#8243;]\u00c1udio para Reflex\u00e3o[\/cmsms_heading][cmsms_audios preload=&#8221;none&#8221; animation_delay=&#8221;0&#8243;][cmsms_audio]338|http:\/\/verbumdei.pt\/wp-content\/uploads\/2016\/12\/Audio-2016-12-08.mp3[\/cmsms_audio][\/cmsms_audios][cmsms_divider width=&#8221;long&#8221; height=&#8221;3&#8243; style=&#8221;solid&#8221; position=&#8221;center&#8221; color=&#8221;#d43c18&#8243; margin_top=&#8221;10&#8243; margin_bottom=&#8221;10&#8243; animation_delay=&#8221;0&#8243;][\/cmsms_column][\/cmsms_row]<\/p>\n","protected":false},"excerpt":{"rendered":"<p>Ora\u00e7\u00e3o inicial:<\/p>\n<p>Bom dia Maria! Bom dia M\u00e3e! Que bom \u00e9 poder come\u00e7ar o dia assim, neste dia que \u00e9 teu e contigo que \u00e9s cheia de gra\u00e7a. Hoje de modo especial recordamos a tua hist\u00f3ria com Deus; recordamos como Deus sonhou contigo e foi preparando a chegada do seu Filho. O sonho de Deus contigo e com cada um de n\u00f3s come\u00e7a muito antes da nossa exist\u00eancia, antes at\u00e9 da cria\u00e7\u00e3o do mundo.<\/p>\n<p>Palavra de Deus:<\/p>\n","protected":false},"author":7,"featured_media":0,"comment_status":"closed","ping_status":"closed","sticky":false,"template":"","format":"standard","meta":{"rop_custom_images_group":[],"rop_custom_messages_group":[],"rop_publish_now":"initial","rop_publish_now_accounts":[],"rop_publish_now_history":[],"rop_publish_now_status":"pending","neve_meta_sidebar":"","neve_meta_container":"","neve_meta_enable_content_width":"","neve_meta_content_width":0,"neve_meta_title_alignment":"","neve_meta_author_avatar":"","neve_post_elements_order":"","neve_meta_disable_header":"","neve_meta_disable_footer":"","neve_meta_disable_title":"","_themeisle_gutenberg_block_has_review":false,"_jetpack_memberships_contains_paid_content":false,"footnotes":""},"categories":[60],"tags":[],"class_list":["post-337","post","type-post","status-publish","format-standard","hentry","category-pistas-de-oracao"],"yoast_head":"<!-- This site is optimized with the Yoast SEO plugin v27.5 - https:\/\/yoast.com\/product\/yoast-seo-wordpress\/ -->\n<title>08 de Dezembro de 2016 - Verbum Dei Norte<\/title>\n<meta name=\"robots\" content=\"index, follow, max-snippet:-1, max-image-preview:large, max-video-preview:-1\" \/>\n<link rel=\"canonical\" href=\"https:\/\/verbumdei.org\/porto\/2016\/12\/08\/pera-ai-08-dezembro-2016\/\" \/>\n<meta property=\"og:locale\" content=\"pt_PT\" \/>\n<meta property=\"og:type\" content=\"article\" \/>\n<meta property=\"og:title\" content=\"08 de Dezembro de 2016 - Verbum Dei Norte\" \/>\n<meta property=\"og:description\" content=\"Ora\u00e7\u00e3o inicial:  Bom dia Maria! Bom dia M\u00e3e! Que bom \u00e9 poder come\u00e7ar o dia assim, neste dia que \u00e9 teu e contigo que \u00e9s cheia de gra\u00e7a. Hoje de modo especial recordamos a tua hist\u00f3ria com Deus; recordamos como Deus sonhou contigo e foi preparando a chegada do seu Filho. O sonho de Deus contigo e com cada um de n\u00f3s come\u00e7a muito antes da nossa exist\u00eancia, antes at\u00e9 da cria\u00e7\u00e3o do mundo.  Palavra de Deus:\" \/>\n<meta property=\"og:url\" content=\"https:\/\/verbumdei.org\/porto\/2016\/12\/08\/pera-ai-08-dezembro-2016\/\" \/>\n<meta property=\"og:site_name\" content=\"Verbum Dei Norte\" \/>\n<meta property=\"article:publisher\" content=\"https:\/\/www.facebook.com\/vdportoaveiro\/\" \/>\n<meta property=\"article:published_time\" content=\"2016-12-08T00:01:13+00:00\" \/>\n<meta property=\"article:modified_time\" content=\"2016-12-14T09:22:01+00:00\" \/>\n<meta property=\"og:image\" content=\"http:\/\/verbumdei.pt\/wp-content\/uploads\/2016\/12\/Fe-150x150.jpg\" \/>\n<meta name=\"author\" content=\"Verbum Dei Porto\" \/>\n<meta name=\"twitter:card\" content=\"summary_large_image\" \/>\n<meta name=\"twitter:label1\" content=\"Escrito por\" \/>\n\t<meta name=\"twitter:data1\" content=\"Verbum Dei Porto\" \/>\n\t<meta name=\"twitter:label2\" content=\"Tempo estimado de leitura\" \/>\n\t<meta name=\"twitter:data2\" content=\"4 minutos\" \/>\n<script type=\"application\/ld+json\" class=\"yoast-schema-graph\">{\"@context\":\"https:\\\/\\\/schema.org\",\"@graph\":[{\"@type\":\"Article\",\"@id\":\"https:\\\/\\\/verbumdei.org\\\/porto\\\/2016\\\/12\\\/08\\\/pera-ai-08-dezembro-2016\\\/#article\",\"isPartOf\":{\"@id\":\"https:\\\/\\\/verbumdei.org\\\/porto\\\/2016\\\/12\\\/08\\\/pera-ai-08-dezembro-2016\\\/\"},\"author\":{\"name\":\"Verbum Dei Porto\",\"@id\":\"https:\\\/\\\/verbumdei.org\\\/porto\\\/#\\\/schema\\\/person\\\/96069deba805c81dbe7e17ffc893d04b\"},\"headline\":\"08 de Dezembro de 2016\",\"datePublished\":\"2016-12-08T00:01:13+00:00\",\"dateModified\":\"2016-12-14T09:22:01+00:00\",\"mainEntityOfPage\":{\"@id\":\"https:\\\/\\\/verbumdei.org\\\/porto\\\/2016\\\/12\\\/08\\\/pera-ai-08-dezembro-2016\\\/\"},\"wordCount\":728,\"publisher\":{\"@id\":\"https:\\\/\\\/verbumdei.org\\\/porto\\\/#organization\"},\"image\":{\"@id\":\"https:\\\/\\\/verbumdei.org\\\/porto\\\/2016\\\/12\\\/08\\\/pera-ai-08-dezembro-2016\\\/#primaryimage\"},\"thumbnailUrl\":\"http:\\\/\\\/verbumdei.pt\\\/wp-content\\\/uploads\\\/2016\\\/12\\\/Fe-150x150.jpg\",\"articleSection\":[\"Pistas de Ora\u00e7\u00e3o\"],\"inLanguage\":\"pt-PT\"},{\"@type\":\"WebPage\",\"@id\":\"https:\\\/\\\/verbumdei.org\\\/porto\\\/2016\\\/12\\\/08\\\/pera-ai-08-dezembro-2016\\\/\",\"url\":\"https:\\\/\\\/verbumdei.org\\\/porto\\\/2016\\\/12\\\/08\\\/pera-ai-08-dezembro-2016\\\/\",\"name\":\"08 de Dezembro de 2016 - Verbum Dei Norte\",\"isPartOf\":{\"@id\":\"https:\\\/\\\/verbumdei.org\\\/porto\\\/#website\"},\"primaryImageOfPage\":{\"@id\":\"https:\\\/\\\/verbumdei.org\\\/porto\\\/2016\\\/12\\\/08\\\/pera-ai-08-dezembro-2016\\\/#primaryimage\"},\"image\":{\"@id\":\"https:\\\/\\\/verbumdei.org\\\/porto\\\/2016\\\/12\\\/08\\\/pera-ai-08-dezembro-2016\\\/#primaryimage\"},\"thumbnailUrl\":\"http:\\\/\\\/verbumdei.pt\\\/wp-content\\\/uploads\\\/2016\\\/12\\\/Fe-150x150.jpg\",\"datePublished\":\"2016-12-08T00:01:13+00:00\",\"dateModified\":\"2016-12-14T09:22:01+00:00\",\"breadcrumb\":{\"@id\":\"https:\\\/\\\/verbumdei.org\\\/porto\\\/2016\\\/12\\\/08\\\/pera-ai-08-dezembro-2016\\\/#breadcrumb\"},\"inLanguage\":\"pt-PT\",\"potentialAction\":[{\"@type\":\"ReadAction\",\"target\":[\"https:\\\/\\\/verbumdei.org\\\/porto\\\/2016\\\/12\\\/08\\\/pera-ai-08-dezembro-2016\\\/\"]}]},{\"@type\":\"ImageObject\",\"inLanguage\":\"pt-PT\",\"@id\":\"https:\\\/\\\/verbumdei.org\\\/porto\\\/2016\\\/12\\\/08\\\/pera-ai-08-dezembro-2016\\\/#primaryimage\",\"url\":\"http:\\\/\\\/verbumdei.pt\\\/wp-content\\\/uploads\\\/2016\\\/12\\\/Fe-150x150.jpg\",\"contentUrl\":\"http:\\\/\\\/verbumdei.pt\\\/wp-content\\\/uploads\\\/2016\\\/12\\\/Fe-150x150.jpg\"},{\"@type\":\"BreadcrumbList\",\"@id\":\"https:\\\/\\\/verbumdei.org\\\/porto\\\/2016\\\/12\\\/08\\\/pera-ai-08-dezembro-2016\\\/#breadcrumb\",\"itemListElement\":[{\"@type\":\"ListItem\",\"position\":1,\"name\":\"In\u00edcio\",\"item\":\"https:\\\/\\\/verbumdei.org\\\/porto\\\/\"},{\"@type\":\"ListItem\",\"position\":2,\"name\":\"08 de Dezembro de 2016\"}]},{\"@type\":\"WebSite\",\"@id\":\"https:\\\/\\\/verbumdei.org\\\/porto\\\/#website\",\"url\":\"https:\\\/\\\/verbumdei.org\\\/porto\\\/\",\"name\":\"Verbum Dei Portugal Norte\",\"description\":\"Mission\u00e1rios Verbum Dei no Porto e Aveiro: ora\u00e7\u00e3o, retiro espiritual, forma\u00e7\u00e3o crist\u00e3 e evangeliza\u00e7\u00e3o\",\"publisher\":{\"@id\":\"https:\\\/\\\/verbumdei.org\\\/porto\\\/#organization\"},\"potentialAction\":[{\"@type\":\"SearchAction\",\"target\":{\"@type\":\"EntryPoint\",\"urlTemplate\":\"https:\\\/\\\/verbumdei.org\\\/porto\\\/?s={search_term_string}\"},\"query-input\":{\"@type\":\"PropertyValueSpecification\",\"valueRequired\":true,\"valueName\":\"search_term_string\"}}],\"inLanguage\":\"pt-PT\"},{\"@type\":\"Organization\",\"@id\":\"https:\\\/\\\/verbumdei.org\\\/porto\\\/#organization\",\"name\":\"Verbum Dei Portugal Norte\",\"url\":\"https:\\\/\\\/verbumdei.org\\\/porto\\\/\",\"logo\":{\"@type\":\"ImageObject\",\"inLanguage\":\"pt-PT\",\"@id\":\"https:\\\/\\\/verbumdei.org\\\/porto\\\/#\\\/schema\\\/logo\\\/image\\\/\",\"url\":\"https:\\\/\\\/verbumdei.org\\\/porto\\\/wp-content\\\/uploads\\\/2018\\\/07\\\/Logo2.jpg\",\"contentUrl\":\"https:\\\/\\\/verbumdei.org\\\/porto\\\/wp-content\\\/uploads\\\/2018\\\/07\\\/Logo2.jpg\",\"width\":123,\"height\":120,\"caption\":\"Verbum Dei Portugal Norte\"},\"image\":{\"@id\":\"https:\\\/\\\/verbumdei.org\\\/porto\\\/#\\\/schema\\\/logo\\\/image\\\/\"},\"sameAs\":[\"https:\\\/\\\/www.facebook.com\\\/vdportoaveiro\\\/\",\"https:\\\/\\\/instagram.com\\\/verbumdei.portugal.norte\\\/\"]},{\"@type\":\"Person\",\"@id\":\"https:\\\/\\\/verbumdei.org\\\/porto\\\/#\\\/schema\\\/person\\\/96069deba805c81dbe7e17ffc893d04b\",\"name\":\"Verbum Dei Porto\",\"url\":\"https:\\\/\\\/verbumdei.org\\\/porto\\\/author\\\/vdportod\\\/\"}]}<\/script>\n<!-- \/ Yoast SEO plugin. -->","yoast_head_json":{"title":"08 de Dezembro de 2016 - Verbum Dei Norte","robots":{"index":"index","follow":"follow","max-snippet":"max-snippet:-1","max-image-preview":"max-image-preview:large","max-video-preview":"max-video-preview:-1"},"canonical":"https:\/\/verbumdei.org\/porto\/2016\/12\/08\/pera-ai-08-dezembro-2016\/","og_locale":"pt_PT","og_type":"article","og_title":"08 de Dezembro de 2016 - Verbum Dei Norte","og_description":"Ora\u00e7\u00e3o inicial:  Bom dia Maria! Bom dia M\u00e3e! Que bom \u00e9 poder come\u00e7ar o dia assim, neste dia que \u00e9 teu e contigo que \u00e9s cheia de gra\u00e7a. Hoje de modo especial recordamos a tua hist\u00f3ria com Deus; recordamos como Deus sonhou contigo e foi preparando a chegada do seu Filho. O sonho de Deus contigo e com cada um de n\u00f3s come\u00e7a muito antes da nossa exist\u00eancia, antes at\u00e9 da cria\u00e7\u00e3o do mundo.  Palavra de Deus:","og_url":"https:\/\/verbumdei.org\/porto\/2016\/12\/08\/pera-ai-08-dezembro-2016\/","og_site_name":"Verbum Dei Norte","article_publisher":"https:\/\/www.facebook.com\/vdportoaveiro\/","article_published_time":"2016-12-08T00:01:13+00:00","article_modified_time":"2016-12-14T09:22:01+00:00","og_image":[{"url":"http:\/\/verbumdei.pt\/wp-content\/uploads\/2016\/12\/Fe-150x150.jpg","type":"","width":"","height":""}],"author":"Verbum Dei Porto","twitter_card":"summary_large_image","twitter_misc":{"Escrito por":"Verbum Dei Porto","Tempo estimado de leitura":"4 minutos"},"schema":{"@context":"https:\/\/schema.org","@graph":[{"@type":"Article","@id":"https:\/\/verbumdei.org\/porto\/2016\/12\/08\/pera-ai-08-dezembro-2016\/#article","isPartOf":{"@id":"https:\/\/verbumdei.org\/porto\/2016\/12\/08\/pera-ai-08-dezembro-2016\/"},"author":{"name":"Verbum Dei Porto","@id":"https:\/\/verbumdei.org\/porto\/#\/schema\/person\/96069deba805c81dbe7e17ffc893d04b"},"headline":"08 de Dezembro de 2016","datePublished":"2016-12-08T00:01:13+00:00","dateModified":"2016-12-14T09:22:01+00:00","mainEntityOfPage":{"@id":"https:\/\/verbumdei.org\/porto\/2016\/12\/08\/pera-ai-08-dezembro-2016\/"},"wordCount":728,"publisher":{"@id":"https:\/\/verbumdei.org\/porto\/#organization"},"image":{"@id":"https:\/\/verbumdei.org\/porto\/2016\/12\/08\/pera-ai-08-dezembro-2016\/#primaryimage"},"thumbnailUrl":"http:\/\/verbumdei.pt\/wp-content\/uploads\/2016\/12\/Fe-150x150.jpg","articleSection":["Pistas de Ora\u00e7\u00e3o"],"inLanguage":"pt-PT"},{"@type":"WebPage","@id":"https:\/\/verbumdei.org\/porto\/2016\/12\/08\/pera-ai-08-dezembro-2016\/","url":"https:\/\/verbumdei.org\/porto\/2016\/12\/08\/pera-ai-08-dezembro-2016\/","name":"08 de Dezembro de 2016 - Verbum Dei Norte","isPartOf":{"@id":"https:\/\/verbumdei.org\/porto\/#website"},"primaryImageOfPage":{"@id":"https:\/\/verbumdei.org\/porto\/2016\/12\/08\/pera-ai-08-dezembro-2016\/#primaryimage"},"image":{"@id":"https:\/\/verbumdei.org\/porto\/2016\/12\/08\/pera-ai-08-dezembro-2016\/#primaryimage"},"thumbnailUrl":"http:\/\/verbumdei.pt\/wp-content\/uploads\/2016\/12\/Fe-150x150.jpg","datePublished":"2016-12-08T00:01:13+00:00","dateModified":"2016-12-14T09:22:01+00:00","breadcrumb":{"@id":"https:\/\/verbumdei.org\/porto\/2016\/12\/08\/pera-ai-08-dezembro-2016\/#breadcrumb"},"inLanguage":"pt-PT","potentialAction":[{"@type":"ReadAction","target":["https:\/\/verbumdei.org\/porto\/2016\/12\/08\/pera-ai-08-dezembro-2016\/"]}]},{"@type":"ImageObject","inLanguage":"pt-PT","@id":"https:\/\/verbumdei.org\/porto\/2016\/12\/08\/pera-ai-08-dezembro-2016\/#primaryimage","url":"http:\/\/verbumdei.pt\/wp-content\/uploads\/2016\/12\/Fe-150x150.jpg","contentUrl":"http:\/\/verbumdei.pt\/wp-content\/uploads\/2016\/12\/Fe-150x150.jpg"},{"@type":"BreadcrumbList","@id":"https:\/\/verbumdei.org\/porto\/2016\/12\/08\/pera-ai-08-dezembro-2016\/#breadcrumb","itemListElement":[{"@type":"ListItem","position":1,"name":"In\u00edcio","item":"https:\/\/verbumdei.org\/porto\/"},{"@type":"ListItem","position":2,"name":"08 de Dezembro de 2016"}]},{"@type":"WebSite","@id":"https:\/\/verbumdei.org\/porto\/#website","url":"https:\/\/verbumdei.org\/porto\/","name":"Verbum Dei Portugal Norte","description":"Mission\u00e1rios Verbum Dei no Porto e Aveiro: ora\u00e7\u00e3o, retiro espiritual, forma\u00e7\u00e3o crist\u00e3 e evangeliza\u00e7\u00e3o","publisher":{"@id":"https:\/\/verbumdei.org\/porto\/#organization"},"potentialAction":[{"@type":"SearchAction","target":{"@type":"EntryPoint","urlTemplate":"https:\/\/verbumdei.org\/porto\/?s={search_term_string}"},"query-input":{"@type":"PropertyValueSpecification","valueRequired":true,"valueName":"search_term_string"}}],"inLanguage":"pt-PT"},{"@type":"Organization","@id":"https:\/\/verbumdei.org\/porto\/#organization","name":"Verbum Dei Portugal Norte","url":"https:\/\/verbumdei.org\/porto\/","logo":{"@type":"ImageObject","inLanguage":"pt-PT","@id":"https:\/\/verbumdei.org\/porto\/#\/schema\/logo\/image\/","url":"https:\/\/verbumdei.org\/porto\/wp-content\/uploads\/2018\/07\/Logo2.jpg","contentUrl":"https:\/\/verbumdei.org\/porto\/wp-content\/uploads\/2018\/07\/Logo2.jpg","width":123,"height":120,"caption":"Verbum Dei Portugal Norte"},"image":{"@id":"https:\/\/verbumdei.org\/porto\/#\/schema\/logo\/image\/"},"sameAs":["https:\/\/www.facebook.com\/vdportoaveiro\/","https:\/\/instagram.com\/verbumdei.portugal.norte\/"]},{"@type":"Person","@id":"https:\/\/verbumdei.org\/porto\/#\/schema\/person\/96069deba805c81dbe7e17ffc893d04b","name":"Verbum Dei Porto","url":"https:\/\/verbumdei.org\/porto\/author\/vdportod\/"}]}},"jetpack_featured_media_url":"","jetpack_sharing_enabled":true,"_links":{"self":[{"href":"https:\/\/verbumdei.org\/porto\/wp-json\/wp\/v2\/posts\/337","targetHints":{"allow":["GET"]}}],"collection":[{"href":"https:\/\/verbumdei.org\/porto\/wp-json\/wp\/v2\/posts"}],"about":[{"href":"https:\/\/verbumdei.org\/porto\/wp-json\/wp\/v2\/types\/post"}],"author":[{"embeddable":true,"href":"https:\/\/verbumdei.org\/porto\/wp-json\/wp\/v2\/users\/7"}],"replies":[{"embeddable":true,"href":"https:\/\/verbumdei.org\/porto\/wp-json\/wp\/v2\/comments?post=337"}],"version-history":[{"count":5,"href":"https:\/\/verbumdei.org\/porto\/wp-json\/wp\/v2\/posts\/337\/revisions"}],"predecessor-version":[{"id":384,"href":"https:\/\/verbumdei.org\/porto\/wp-json\/wp\/v2\/posts\/337\/revisions\/384"}],"wp:attachment":[{"href":"https:\/\/verbumdei.org\/porto\/wp-json\/wp\/v2\/media?parent=337"}],"wp:term":[{"taxonomy":"category","embeddable":true,"href":"https:\/\/verbumdei.org\/porto\/wp-json\/wp\/v2\/categories?post=337"},{"taxonomy":"post_tag","embeddable":true,"href":"https:\/\/verbumdei.org\/porto\/wp-json\/wp\/v2\/tags?post=337"}],"curies":[{"name":"wp","href":"https:\/\/api.w.org\/{rel}","templated":true}]}}