{"id":3494,"date":"2023-09-01T13:31:46","date_gmt":"2023-09-01T11:31:46","guid":{"rendered":"https:\/\/verbumdei.org\/paula\/?p=3494"},"modified":"2023-09-01T14:05:42","modified_gmt":"2023-09-01T12:05:42","slug":"prudencia-o-insensatez","status":"publish","type":"post","link":"https:\/\/verbumdei.org\/paula\/prudencia-o-insensatez\/","title":{"rendered":"\u00bfPrudencia o insensatez?"},"content":{"rendered":"\t\t<div data-elementor-type=\"wp-post\" data-elementor-id=\"3494\" class=\"elementor elementor-3494\" data-elementor-post-type=\"post\">\n\t\t\t\t\t\t<section class=\"elementor-section elementor-top-section elementor-element elementor-element-5ec9d16c elementor-section-boxed elementor-section-height-default elementor-section-height-default\" data-id=\"5ec9d16c\" data-element_type=\"section\" data-e-type=\"section\">\n\t\t\t\t\t\t<div class=\"elementor-container elementor-column-gap-default\">\n\t\t\t\t\t<div class=\"elementor-column elementor-col-100 elementor-top-column elementor-element elementor-element-4da27d9e\" data-id=\"4da27d9e\" data-element_type=\"column\" data-e-type=\"column\">\n\t\t\t<div class=\"elementor-widget-wrap elementor-element-populated\">\n\t\t\t\t\t\t\t<\/div>\n\t\t<\/div>\n\t\t\t\t\t<\/div>\n\t\t<\/section>\n\t\t\t\t<section class=\"elementor-section elementor-top-section elementor-element elementor-element-2556647 elementor-section-boxed elementor-section-height-default elementor-section-height-default\" data-id=\"2556647\" data-element_type=\"section\" data-e-type=\"section\">\n\t\t\t\t\t\t<div class=\"elementor-container elementor-column-gap-default\">\n\t\t\t\t\t<div class=\"elementor-column elementor-col-50 elementor-top-column elementor-element elementor-element-27c64f2\" data-id=\"27c64f2\" data-element_type=\"column\" data-e-type=\"column\">\n\t\t\t<div class=\"elementor-widget-wrap elementor-element-populated\">\n\t\t\t\t\t\t<div class=\"elementor-element elementor-element-b6f9557 elementor-widget elementor-widget-heading\" data-id=\"b6f9557\" data-element_type=\"widget\" data-e-type=\"widget\" data-widget_type=\"heading.default\">\n\t\t\t\t<div class=\"elementor-widget-container\">\n\t\t\t\t\t<h2 class=\"elementor-heading-title elementor-size-default\"><p><span lang=\"ES\">\u00bfPrudencia o insensatez?<\/span><span style=\"color: inherit;font-family: inherit;font-size: 2rem\"><\/span><\/p><\/h2>\t\t\t\t<\/div>\n\t\t\t\t<\/div>\n\t\t\t\t<div class=\"elementor-element elementor-element-b991b8d elementor-widget elementor-widget-image\" data-id=\"b991b8d\" data-element_type=\"widget\" data-e-type=\"widget\" data-widget_type=\"image.default\">\n\t\t\t\t<div class=\"elementor-widget-container\">\n\t\t\t\t\t\t\t\t\t\t\t\t\t\t\t<img fetchpriority=\"high\" decoding=\"async\" width=\"300\" height=\"300\" src=\"https:\/\/verbumdei.org\/paula\/wp-content\/uploads\/2023\/09\/pexels-debabrath-goswami-5046900-scaled-e1693569910391-300x300.jpg\" class=\"attachment-medium size-medium wp-image-3499\" alt=\"\" srcset=\"https:\/\/verbumdei.org\/paula\/wp-content\/uploads\/2023\/09\/pexels-debabrath-goswami-5046900-scaled-e1693569910391-300x300.jpg 300w, https:\/\/verbumdei.org\/paula\/wp-content\/uploads\/2023\/09\/pexels-debabrath-goswami-5046900-scaled-e1693569910391-1024x1024.jpg 1024w, https:\/\/verbumdei.org\/paula\/wp-content\/uploads\/2023\/09\/pexels-debabrath-goswami-5046900-scaled-e1693569910391-150x150.jpg 150w, https:\/\/verbumdei.org\/paula\/wp-content\/uploads\/2023\/09\/pexels-debabrath-goswami-5046900-scaled-e1693569910391-768x768.jpg 768w, https:\/\/verbumdei.org\/paula\/wp-content\/uploads\/2023\/09\/pexels-debabrath-goswami-5046900-scaled-e1693569910391-1536x1536.jpg 1536w, https:\/\/verbumdei.org\/paula\/wp-content\/uploads\/2023\/09\/pexels-debabrath-goswami-5046900-scaled-e1693569910391-48x48.jpg 48w, https:\/\/verbumdei.org\/paula\/wp-content\/uploads\/2023\/09\/pexels-debabrath-goswami-5046900-scaled-e1693569910391.jpg 1706w\" sizes=\"(max-width: 300px) 100vw, 300px\" \/>\t\t\t\t\t\t\t\t\t\t\t\t\t\t\t<\/div>\n\t\t\t\t<\/div>\n\t\t\t\t\t<\/div>\n\t\t<\/div>\n\t\t\t\t<div class=\"elementor-column elementor-col-50 elementor-top-column elementor-element elementor-element-9d32310\" data-id=\"9d32310\" data-element_type=\"column\" data-e-type=\"column\">\n\t\t\t<div class=\"elementor-widget-wrap elementor-element-populated\">\n\t\t\t\t\t\t<div class=\"elementor-element elementor-element-f5c017a elementor-widget elementor-widget-text-editor\" data-id=\"f5c017a\" data-element_type=\"widget\" data-e-type=\"widget\" data-widget_type=\"text-editor.default\">\n\t\t\t\t<div class=\"elementor-widget-container\">\n\t\t\t\t\t\t\t\t\t<p>Mt 25,1-13<\/p><p>El reino de los cielos es semejante a las diez v\u00edrgenes, prudentes y necias&#8230; es decir, en el reino hay de las dos cosas&#8230; Las prudentes y las imprudentes o necias, seg\u00fan el texto.<\/p><p>\u00bfY c\u00f3mo se define la insensatez?<\/p><p>Llevar una l\u00e1mpara con aceite, pero no llevar m\u00e1s aceite que el que lleva la l\u00e1mpara. Las prudentes se diferencian de las necias en que llevan almotolias con aceite adem\u00e1s del aceite de sus l\u00e1mparas.<\/p><p>Parece que los tiempos de la vida no son los que esper\u00e1bamos. A menudo las cosas suceden demasiado deprisa o tardan demasiado, m\u00e1s de lo que est\u00e1bamos preparados o menos de lo que realmente esper\u00e1bamos. \u00bfY entonces? \u00bfNos dormimos, estamos preparados, nos desesperamos, perdemos nuestra oportunidad?<\/p><p>Las v\u00edrgenes insensatas no previeron que el novio tardar\u00eda tanto y llegar\u00eda a altas horas de la noche. Se durmieron en lugar de abastecerse de aceite de oliva mientras a\u00fan hab\u00eda tiempo&#8230; pero despu\u00e9s ya fue demasiado tarde. Los acontecimientos se precipitaron antes de que volvieran de comprar el aceite y el novio no las esper\u00f3. Cuesta creer, Jes\u00fas, que si eres el novio, nos est\u00e9s diciendo que no nos conoces&#8230; pero \u00bfel novio eres t\u00fa, o son las m\u00faltiples situaciones de la vida, los encuentros con los dem\u00e1s, las respuestas que se nos piden en el curso de nuestras relaciones y que no siempre coinciden con nuestros tiempos o nuestra disposici\u00f3n interior.<\/p><p>Un anuncio sobre conducci\u00f3n prudente en las carreteras de un pa\u00eds en el que he estado dec\u00eda: \u00a1Espera lo inesperado! Es decir, conduce siempre con la precauci\u00f3n necesaria y a una velocidad adecuada a la v\u00eda por la que circulas, sabiendo que no siempre podemos predecir todo lo que va a ocurrir. Sin embargo, la vida es as\u00ed, por lo que la prudencia y la velocidad adecuadas y necesarias nos llevan a vivir con la conciencia de que las cosas nunca ocurrir\u00e1n como nos gustar\u00eda, o como esper\u00e1bamos, por lo que tenemos que prepararnos, aprender a esperar sin desesperar, estar listos para cuando ocurra&#8230; Este es el significado de vigilar en esta par\u00e1bola. No se trata de no dormir, no se trata de estar siempre despiertos, se trata de saber esperar con la debida preparaci\u00f3n, con nuestros ritmos vitales en alerta porque nuestros tiempos no son los tiempos de la vida y por tanto no son los tiempos del Reino. El Reino respeta y atraviesa de alguna manera los tiempos de la vida, aunque a veces los supere, los perturbe e irrumpa cuando menos lo pensamos.<\/p><p>Se\u00f1or, me parece que me dices que aprenda a esperar m\u00e1s all\u00e1 de mis ritmos&#8230; que me prepare para que las cosas sucedan a un ritmo m\u00e1s lento de lo que me doy cuenta, pero luego tambi\u00e9n me invitas a estar preparada para esa avalancha vertiginosa de acontecimientos que me sorprender\u00e1n por su velocidad.<\/p><p>Podemos hablar de una enfermedad, de una situaci\u00f3n laboral, incluso de la pandemia que nos pill\u00f3 por sorpresa y se qued\u00f3 durante mucho tiempo, de una relaci\u00f3n que se obstina en ser trabajada y requiere m\u00e1s energ\u00eda de la que est\u00e1bamos dispuestos a dar, del crecimiento de los hijos que es tan lento y luego parece precipitarse, de la marcha de esa persona a la que quer\u00edamos y no quer\u00edamos perder tan r\u00e1pido&#8230; Podemos pensar en nuestro crecimiento personal, en aprender a ser quienes somos, en conocer nuestros subterfugios interiores&#8230; en tantas cosas que nos depara la vida. Al fin y al cabo, estamos hablando de la vida misma, del tiempo ambiguo que pasa pero que tambi\u00e9n tarda en pasar.<\/p><p>Pero todav\u00eda falta algo m\u00e1s&#8230; hay aceites que no se pueden compartir&#8230; Las v\u00edrgenes prudentes parecen haber sido ego\u00edstas en su prudencia&#8230; pero su respuesta fue, una vez m\u00e1s, prudente e inteligente: \u00bfQu\u00e9 pasar\u00eda entonces, si compartiendo el aceite con las otras v\u00edrgenes, no alcanzara ni para ellas ni para las dem\u00e1s y quedaran todas fuera del banquete?<\/p><p>El Reino llama a la ayuda y a la solidaridad entre todos, pero tambi\u00e9n llama a la responsabilidad de cada uno, afirmando que no siempre unos pueden suplir la falta de otros y que muchas veces el camino es personal e intransferible: &#8220;Toma, pues, lo que te corresponde y sigue tu camino&#8221; (Mt 20,14). &#8220;Es lo que hay&#8221; y tiene que ser as\u00ed. Podemos ayudar a otra persona, pero no podemos tomar las decisiones esenciales ni llevar el aceite adicional por ella. Cada cu\u00e1l tiene que aprender a cultivar su propio camino y su propia espera para estar preparado cuando llegue el momento. No podemos hacer a los dem\u00e1s responsables de nuestras negligencias, retrasos o falta de ritmo o de preparaci\u00f3n. Al mismo tiempo, no siempre podemos retrasarnos porque los dem\u00e1s no quieren estar preparados. El Reino es comunitario, pero tambi\u00e9n es radicalmente personal en su esencia.\u00a0 No podemos hacer por los dem\u00e1s lo que los dem\u00e1s necesitan hacer por s\u00ed mismos y esto aumenta nuestra necesidad de m\u00e1s aceite y m\u00e1s vigilancia, porque necesitamos seguir haciendo nuestro propio camino solos o acompa\u00f1ados.<\/p>\t\t\t\t\t\t\t\t<\/div>\n\t\t\t\t<\/div>\n\t\t\t\t\t<\/div>\n\t\t<\/div>\n\t\t\t\t\t<\/div>\n\t\t<\/section>\n\t\t\t\t<\/div>\n\t\t","protected":false},"excerpt":{"rendered":"<p>\u00bfPrudencia o insensatez? Mt 25,1-13 El reino de los cielos es semejante a las diez v\u00edrgenes, prudentes y necias&#8230; es decir, en el reino hay de las dos cosas&#8230; Las prudentes y las imprudentes o necias, seg\u00fan el texto. \u00bfY c\u00f3mo se define la insensatez? Llevar una l\u00e1mpara con aceite, pero no llevar m\u00e1s aceite [&hellip;]<\/p>\n","protected":false},"author":6,"featured_media":0,"comment_status":"closed","ping_status":"closed","sticky":false,"template":"","format":"standard","meta":{"footnotes":""},"categories":[1],"tags":[],"class_list":["post-3494","post","type-post","status-publish","format-standard","hentry","category-sin-categoria"],"yoast_head":"<!-- This site is optimized with the Yoast SEO Premium plugin v22.5 (Yoast SEO v27.5) - https:\/\/yoast.com\/product\/yoast-seo-premium-wordpress\/ -->\n<title>\u00bfPrudencia o insensatez? - Paula Jord\u00e3o<\/title>\n<meta name=\"robots\" content=\"index, follow, max-snippet:-1, max-image-preview:large, max-video-preview:-1\" \/>\n<link rel=\"canonical\" href=\"https:\/\/verbumdei.org\/paula\/prudencia-o-insensatez\/\" \/>\n<meta property=\"og:locale\" content=\"es_MX\" \/>\n<meta property=\"og:type\" content=\"article\" \/>\n<meta property=\"og:title\" content=\"\u00bfPrudencia o insensatez?\" \/>\n<meta property=\"og:description\" content=\"\u00bfPrudencia o insensatez? Mt 25,1-13 El reino de los cielos es semejante a las diez v\u00edrgenes, prudentes y necias&#8230; es decir, en el reino hay de las dos cosas&#8230; Las prudentes y las imprudentes o necias, seg\u00fan el texto. \u00bfY c\u00f3mo se define la insensatez? Llevar una l\u00e1mpara con aceite, pero no llevar m\u00e1s aceite [&hellip;]\" \/>\n<meta property=\"og:url\" content=\"https:\/\/verbumdei.org\/paula\/prudencia-o-insensatez\/\" \/>\n<meta property=\"og:site_name\" content=\"Paula Jord\u00e3o\" \/>\n<meta property=\"article:author\" content=\"https:\/\/www.facebook.com\/paula.jordao\" \/>\n<meta property=\"article:published_time\" content=\"2023-09-01T11:31:46+00:00\" \/>\n<meta property=\"article:modified_time\" content=\"2023-09-01T12:05:42+00:00\" \/>\n<meta property=\"og:image\" content=\"https:\/\/verbumdei.org\/paula\/wp-content\/uploads\/2023\/09\/pexels-debabrath-goswami-5046900-scaled-e1693569910391-300x300.jpg\" \/>\n<meta name=\"author\" content=\"Paula Jord\u00e3o\" \/>\n<meta name=\"twitter:card\" content=\"summary_large_image\" \/>\n<meta name=\"twitter:creator\" content=\"@https:\/\/twitter.com\/pnjordao\" \/>\n<meta name=\"twitter:label1\" content=\"Escrito por\" \/>\n\t<meta name=\"twitter:data1\" content=\"Paula Jord\u00e3o\" \/>\n\t<meta name=\"twitter:label2\" content=\"Tiempo de lectura\" \/>\n\t<meta name=\"twitter:data2\" content=\"5 minutos\" \/>\n<script type=\"application\/ld+json\" class=\"yoast-schema-graph\">{\"@context\":\"https:\\\/\\\/schema.org\",\"@graph\":[{\"@type\":\"Article\",\"@id\":\"https:\\\/\\\/verbumdei.org\\\/paula\\\/prudencia-o-insensatez\\\/#article\",\"isPartOf\":{\"@id\":\"https:\\\/\\\/verbumdei.org\\\/paula\\\/prudencia-o-insensatez\\\/\"},\"author\":{\"name\":\"Paula Jord\u00e3o\",\"@id\":\"https:\\\/\\\/verbumdei.org\\\/paula\\\/#\\\/schema\\\/person\\\/7598c214820cf79f3e379c2e1fdafcce\"},\"headline\":\"\u00bfPrudencia o insensatez?\",\"datePublished\":\"2023-09-01T11:31:46+00:00\",\"dateModified\":\"2023-09-01T12:05:42+00:00\",\"mainEntityOfPage\":{\"@id\":\"https:\\\/\\\/verbumdei.org\\\/paula\\\/prudencia-o-insensatez\\\/\"},\"wordCount\":908,\"publisher\":{\"@id\":\"https:\\\/\\\/verbumdei.org\\\/paula\\\/#organization\"},\"image\":{\"@id\":\"https:\\\/\\\/verbumdei.org\\\/paula\\\/prudencia-o-insensatez\\\/#primaryimage\"},\"thumbnailUrl\":\"https:\\\/\\\/verbumdei.org\\\/paula\\\/wp-content\\\/uploads\\\/2023\\\/09\\\/pexels-debabrath-goswami-5046900-scaled-e1693569910391-300x300.jpg\",\"inLanguage\":\"es\"},{\"@type\":\"WebPage\",\"@id\":\"https:\\\/\\\/verbumdei.org\\\/paula\\\/prudencia-o-insensatez\\\/\",\"url\":\"https:\\\/\\\/verbumdei.org\\\/paula\\\/prudencia-o-insensatez\\\/\",\"name\":\"\u00bfPrudencia o insensatez? - Paula Jord\u00e3o\",\"isPartOf\":{\"@id\":\"https:\\\/\\\/verbumdei.org\\\/paula\\\/#website\"},\"primaryImageOfPage\":{\"@id\":\"https:\\\/\\\/verbumdei.org\\\/paula\\\/prudencia-o-insensatez\\\/#primaryimage\"},\"image\":{\"@id\":\"https:\\\/\\\/verbumdei.org\\\/paula\\\/prudencia-o-insensatez\\\/#primaryimage\"},\"thumbnailUrl\":\"https:\\\/\\\/verbumdei.org\\\/paula\\\/wp-content\\\/uploads\\\/2023\\\/09\\\/pexels-debabrath-goswami-5046900-scaled-e1693569910391-300x300.jpg\",\"datePublished\":\"2023-09-01T11:31:46+00:00\",\"dateModified\":\"2023-09-01T12:05:42+00:00\",\"breadcrumb\":{\"@id\":\"https:\\\/\\\/verbumdei.org\\\/paula\\\/prudencia-o-insensatez\\\/#breadcrumb\"},\"inLanguage\":\"es\",\"potentialAction\":[{\"@type\":\"ReadAction\",\"target\":[\"https:\\\/\\\/verbumdei.org\\\/paula\\\/prudencia-o-insensatez\\\/\"]}]},{\"@type\":\"ImageObject\",\"inLanguage\":\"es\",\"@id\":\"https:\\\/\\\/verbumdei.org\\\/paula\\\/prudencia-o-insensatez\\\/#primaryimage\",\"url\":\"https:\\\/\\\/verbumdei.org\\\/paula\\\/wp-content\\\/uploads\\\/2023\\\/09\\\/pexels-debabrath-goswami-5046900-scaled-e1693569910391.jpg\",\"contentUrl\":\"https:\\\/\\\/verbumdei.org\\\/paula\\\/wp-content\\\/uploads\\\/2023\\\/09\\\/pexels-debabrath-goswami-5046900-scaled-e1693569910391.jpg\",\"width\":1706,\"height\":1706},{\"@type\":\"BreadcrumbList\",\"@id\":\"https:\\\/\\\/verbumdei.org\\\/paula\\\/prudencia-o-insensatez\\\/#breadcrumb\",\"itemListElement\":[{\"@type\":\"ListItem\",\"position\":1,\"name\":\"Portada\",\"item\":\"https:\\\/\\\/verbumdei.org\\\/paula\\\/\"},{\"@type\":\"ListItem\",\"position\":2,\"name\":\"\u00bfPrudencia o insensatez?\"}]},{\"@type\":\"WebSite\",\"@id\":\"https:\\\/\\\/verbumdei.org\\\/paula\\\/#website\",\"url\":\"https:\\\/\\\/verbumdei.org\\\/paula\\\/\",\"name\":\"Paula Jord\u00e3o\",\"description\":\"Paula Noronha Jord\u00e3o\",\"publisher\":{\"@id\":\"https:\\\/\\\/verbumdei.org\\\/paula\\\/#organization\"},\"potentialAction\":[{\"@type\":\"SearchAction\",\"target\":{\"@type\":\"EntryPoint\",\"urlTemplate\":\"https:\\\/\\\/verbumdei.org\\\/paula\\\/?s={search_term_string}\"},\"query-input\":{\"@type\":\"PropertyValueSpecification\",\"valueRequired\":true,\"valueName\":\"search_term_string\"}}],\"inLanguage\":\"es\"},{\"@type\":\"Organization\",\"@id\":\"https:\\\/\\\/verbumdei.org\\\/paula\\\/#organization\",\"name\":\"Paula Jord\u00e3o\",\"url\":\"https:\\\/\\\/verbumdei.org\\\/paula\\\/\",\"logo\":{\"@type\":\"ImageObject\",\"inLanguage\":\"es\",\"@id\":\"https:\\\/\\\/verbumdei.org\\\/paula\\\/#\\\/schema\\\/logo\\\/image\\\/\",\"url\":\"https:\\\/\\\/verbumdei.org\\\/paula\\\/wp-content\\\/uploads\\\/2023\\\/06\\\/Presentation1-e1687525506149.jpg\",\"contentUrl\":\"https:\\\/\\\/verbumdei.org\\\/paula\\\/wp-content\\\/uploads\\\/2023\\\/06\\\/Presentation1-e1687525506149.jpg\",\"width\":534,\"height\":339,\"caption\":\"Paula Jord\u00e3o\"},\"image\":{\"@id\":\"https:\\\/\\\/verbumdei.org\\\/paula\\\/#\\\/schema\\\/logo\\\/image\\\/\"}},{\"@type\":\"Person\",\"@id\":\"https:\\\/\\\/verbumdei.org\\\/paula\\\/#\\\/schema\\\/person\\\/7598c214820cf79f3e379c2e1fdafcce\",\"name\":\"Paula Jord\u00e3o\",\"image\":{\"@type\":\"ImageObject\",\"inLanguage\":\"es\",\"@id\":\"https:\\\/\\\/secure.gravatar.com\\\/avatar\\\/cb9c4b380a2c03286f38328c7033575d673f1aee1f315cae5f16d935dd50d940?s=96&d=mm&r=g\",\"url\":\"https:\\\/\\\/secure.gravatar.com\\\/avatar\\\/cb9c4b380a2c03286f38328c7033575d673f1aee1f315cae5f16d935dd50d940?s=96&d=mm&r=g\",\"contentUrl\":\"https:\\\/\\\/secure.gravatar.com\\\/avatar\\\/cb9c4b380a2c03286f38328c7033575d673f1aee1f315cae5f16d935dd50d940?s=96&d=mm&r=g\",\"caption\":\"Paula Jord\u00e3o\"},\"description\":\"Hola soy Paula, misionera de la Fraternidad Misionera Verbum Dei y me apasiona abrir caminos para que las personas se conozcan a s\u00ed mismas y se reconozcan profunda e incondicionalmente amadas por Dios que nos abraza en Jes\u00fas.\",\"sameAs\":[\"https:\\\/\\\/verbumdei.org\\\/paula\\\/%20\",\"https:\\\/\\\/www.facebook.com\\\/paula.jordao\",\"https:\\\/\\\/www.instagram.com\\\/pnjordao\\\/\",\"https:\\\/\\\/x.com\\\/https:\\\/\\\/twitter.com\\\/pnjordao\",\"https:\\\/\\\/www.youtube.com\\\/channel\\\/UCnZ1R3TRGPCG5-PgHil49iQ\"],\"gender\":\"mujer\",\"knowsLanguage\":[\"ingl\u00e9s\",\"espa\u00f1ol\",\"italiano\",\"franc\u00e9s\"],\"jobTitle\":\"Coordinadora de la Formaci\u00f3n\",\"worksFor\":\"UISG - Roma (Uni\u00f3n Internacional de Superioras Generales))\",\"url\":\"https:\\\/\\\/verbumdei.org\\\/paula\\\/author\\\/paulayor\\\/\"}]}<\/script>\n<!-- \/ Yoast SEO Premium plugin. -->","yoast_head_json":{"title":"\u00bfPrudencia o insensatez? - Paula Jord\u00e3o","robots":{"index":"index","follow":"follow","max-snippet":"max-snippet:-1","max-image-preview":"max-image-preview:large","max-video-preview":"max-video-preview:-1"},"canonical":"https:\/\/verbumdei.org\/paula\/prudencia-o-insensatez\/","og_locale":"es_MX","og_type":"article","og_title":"\u00bfPrudencia o insensatez?","og_description":"\u00bfPrudencia o insensatez? Mt 25,1-13 El reino de los cielos es semejante a las diez v\u00edrgenes, prudentes y necias&#8230; es decir, en el reino hay de las dos cosas&#8230; Las prudentes y las imprudentes o necias, seg\u00fan el texto. \u00bfY c\u00f3mo se define la insensatez? Llevar una l\u00e1mpara con aceite, pero no llevar m\u00e1s aceite [&hellip;]","og_url":"https:\/\/verbumdei.org\/paula\/prudencia-o-insensatez\/","og_site_name":"Paula Jord\u00e3o","article_author":"https:\/\/www.facebook.com\/paula.jordao","article_published_time":"2023-09-01T11:31:46+00:00","article_modified_time":"2023-09-01T12:05:42+00:00","og_image":[{"url":"https:\/\/verbumdei.org\/paula\/wp-content\/uploads\/2023\/09\/pexels-debabrath-goswami-5046900-scaled-e1693569910391-300x300.jpg","type":"","width":"","height":""}],"author":"Paula Jord\u00e3o","twitter_card":"summary_large_image","twitter_creator":"@https:\/\/twitter.com\/pnjordao","twitter_misc":{"Escrito por":"Paula Jord\u00e3o","Tiempo de lectura":"5 minutos"},"schema":{"@context":"https:\/\/schema.org","@graph":[{"@type":"Article","@id":"https:\/\/verbumdei.org\/paula\/prudencia-o-insensatez\/#article","isPartOf":{"@id":"https:\/\/verbumdei.org\/paula\/prudencia-o-insensatez\/"},"author":{"name":"Paula Jord\u00e3o","@id":"https:\/\/verbumdei.org\/paula\/#\/schema\/person\/7598c214820cf79f3e379c2e1fdafcce"},"headline":"\u00bfPrudencia o insensatez?","datePublished":"2023-09-01T11:31:46+00:00","dateModified":"2023-09-01T12:05:42+00:00","mainEntityOfPage":{"@id":"https:\/\/verbumdei.org\/paula\/prudencia-o-insensatez\/"},"wordCount":908,"publisher":{"@id":"https:\/\/verbumdei.org\/paula\/#organization"},"image":{"@id":"https:\/\/verbumdei.org\/paula\/prudencia-o-insensatez\/#primaryimage"},"thumbnailUrl":"https:\/\/verbumdei.org\/paula\/wp-content\/uploads\/2023\/09\/pexels-debabrath-goswami-5046900-scaled-e1693569910391-300x300.jpg","inLanguage":"es"},{"@type":"WebPage","@id":"https:\/\/verbumdei.org\/paula\/prudencia-o-insensatez\/","url":"https:\/\/verbumdei.org\/paula\/prudencia-o-insensatez\/","name":"\u00bfPrudencia o insensatez? - Paula Jord\u00e3o","isPartOf":{"@id":"https:\/\/verbumdei.org\/paula\/#website"},"primaryImageOfPage":{"@id":"https:\/\/verbumdei.org\/paula\/prudencia-o-insensatez\/#primaryimage"},"image":{"@id":"https:\/\/verbumdei.org\/paula\/prudencia-o-insensatez\/#primaryimage"},"thumbnailUrl":"https:\/\/verbumdei.org\/paula\/wp-content\/uploads\/2023\/09\/pexels-debabrath-goswami-5046900-scaled-e1693569910391-300x300.jpg","datePublished":"2023-09-01T11:31:46+00:00","dateModified":"2023-09-01T12:05:42+00:00","breadcrumb":{"@id":"https:\/\/verbumdei.org\/paula\/prudencia-o-insensatez\/#breadcrumb"},"inLanguage":"es","potentialAction":[{"@type":"ReadAction","target":["https:\/\/verbumdei.org\/paula\/prudencia-o-insensatez\/"]}]},{"@type":"ImageObject","inLanguage":"es","@id":"https:\/\/verbumdei.org\/paula\/prudencia-o-insensatez\/#primaryimage","url":"https:\/\/verbumdei.org\/paula\/wp-content\/uploads\/2023\/09\/pexels-debabrath-goswami-5046900-scaled-e1693569910391.jpg","contentUrl":"https:\/\/verbumdei.org\/paula\/wp-content\/uploads\/2023\/09\/pexels-debabrath-goswami-5046900-scaled-e1693569910391.jpg","width":1706,"height":1706},{"@type":"BreadcrumbList","@id":"https:\/\/verbumdei.org\/paula\/prudencia-o-insensatez\/#breadcrumb","itemListElement":[{"@type":"ListItem","position":1,"name":"Portada","item":"https:\/\/verbumdei.org\/paula\/"},{"@type":"ListItem","position":2,"name":"\u00bfPrudencia o insensatez?"}]},{"@type":"WebSite","@id":"https:\/\/verbumdei.org\/paula\/#website","url":"https:\/\/verbumdei.org\/paula\/","name":"Paula Jord\u00e3o","description":"Paula Noronha Jord\u00e3o","publisher":{"@id":"https:\/\/verbumdei.org\/paula\/#organization"},"potentialAction":[{"@type":"SearchAction","target":{"@type":"EntryPoint","urlTemplate":"https:\/\/verbumdei.org\/paula\/?s={search_term_string}"},"query-input":{"@type":"PropertyValueSpecification","valueRequired":true,"valueName":"search_term_string"}}],"inLanguage":"es"},{"@type":"Organization","@id":"https:\/\/verbumdei.org\/paula\/#organization","name":"Paula Jord\u00e3o","url":"https:\/\/verbumdei.org\/paula\/","logo":{"@type":"ImageObject","inLanguage":"es","@id":"https:\/\/verbumdei.org\/paula\/#\/schema\/logo\/image\/","url":"https:\/\/verbumdei.org\/paula\/wp-content\/uploads\/2023\/06\/Presentation1-e1687525506149.jpg","contentUrl":"https:\/\/verbumdei.org\/paula\/wp-content\/uploads\/2023\/06\/Presentation1-e1687525506149.jpg","width":534,"height":339,"caption":"Paula Jord\u00e3o"},"image":{"@id":"https:\/\/verbumdei.org\/paula\/#\/schema\/logo\/image\/"}},{"@type":"Person","@id":"https:\/\/verbumdei.org\/paula\/#\/schema\/person\/7598c214820cf79f3e379c2e1fdafcce","name":"Paula Jord\u00e3o","image":{"@type":"ImageObject","inLanguage":"es","@id":"https:\/\/secure.gravatar.com\/avatar\/cb9c4b380a2c03286f38328c7033575d673f1aee1f315cae5f16d935dd50d940?s=96&d=mm&r=g","url":"https:\/\/secure.gravatar.com\/avatar\/cb9c4b380a2c03286f38328c7033575d673f1aee1f315cae5f16d935dd50d940?s=96&d=mm&r=g","contentUrl":"https:\/\/secure.gravatar.com\/avatar\/cb9c4b380a2c03286f38328c7033575d673f1aee1f315cae5f16d935dd50d940?s=96&d=mm&r=g","caption":"Paula Jord\u00e3o"},"description":"Hola soy Paula, misionera de la Fraternidad Misionera Verbum Dei y me apasiona abrir caminos para que las personas se conozcan a s\u00ed mismas y se reconozcan profunda e incondicionalmente amadas por Dios que nos abraza en Jes\u00fas.","sameAs":["https:\/\/verbumdei.org\/paula\/%20","https:\/\/www.facebook.com\/paula.jordao","https:\/\/www.instagram.com\/pnjordao\/","https:\/\/x.com\/https:\/\/twitter.com\/pnjordao","https:\/\/www.youtube.com\/channel\/UCnZ1R3TRGPCG5-PgHil49iQ"],"gender":"mujer","knowsLanguage":["ingl\u00e9s","espa\u00f1ol","italiano","franc\u00e9s"],"jobTitle":"Coordinadora de la Formaci\u00f3n","worksFor":"UISG - Roma (Uni\u00f3n Internacional de Superioras Generales))","url":"https:\/\/verbumdei.org\/paula\/author\/paulayor\/"}]}},"_links":{"self":[{"href":"https:\/\/verbumdei.org\/paula\/wp-json\/wp\/v2\/posts\/3494","targetHints":{"allow":["GET"]}}],"collection":[{"href":"https:\/\/verbumdei.org\/paula\/wp-json\/wp\/v2\/posts"}],"about":[{"href":"https:\/\/verbumdei.org\/paula\/wp-json\/wp\/v2\/types\/post"}],"author":[{"embeddable":true,"href":"https:\/\/verbumdei.org\/paula\/wp-json\/wp\/v2\/users\/6"}],"replies":[{"embeddable":true,"href":"https:\/\/verbumdei.org\/paula\/wp-json\/wp\/v2\/comments?post=3494"}],"version-history":[{"count":4,"href":"https:\/\/verbumdei.org\/paula\/wp-json\/wp\/v2\/posts\/3494\/revisions"}],"predecessor-version":[{"id":3502,"href":"https:\/\/verbumdei.org\/paula\/wp-json\/wp\/v2\/posts\/3494\/revisions\/3502"}],"wp:attachment":[{"href":"https:\/\/verbumdei.org\/paula\/wp-json\/wp\/v2\/media?parent=3494"}],"wp:term":[{"taxonomy":"category","embeddable":true,"href":"https:\/\/verbumdei.org\/paula\/wp-json\/wp\/v2\/categories?post=3494"},{"taxonomy":"post_tag","embeddable":true,"href":"https:\/\/verbumdei.org\/paula\/wp-json\/wp\/v2\/tags?post=3494"}],"curies":[{"name":"wp","href":"https:\/\/api.w.org\/{rel}","templated":true}]}}